{"id":101850,"date":"2026-01-12T09:23:17","date_gmt":"2026-01-12T09:23:17","guid":{"rendered":"https:\/\/www.europesays.com\/lv\/101850\/"},"modified":"2026-01-12T09:23:17","modified_gmt":"2026-01-12T09:23:17","slug":"si-nedela-latvija-visticamak-bus-aukstaka-kops-2024-gada-janvara-laika-prognoze-pirmdienai","status":"publish","type":"post","link":"https:\/\/www.europesays.com\/lv\/101850\/","title":{"rendered":"\u0160\u012b ned\u0113\u013ca Latvij\u0101, visticam\u0101k, b\u016bs aukst\u0101k\u0101 kop\u0161 2024. gada janv\u0101ra \u2013 laika prognoze pirmdienai"},"content":{"rendered":"<p>    <img decoding=\"async\" src=\"https:\/\/www.europesays.com\/lv\/wp-content\/uploads\/2026\/01\/LET_24629813-1024x651.jpg\" alt=\"&#10;Foto: Edijs P\u0101lens\/LETA&#10;\"\/><\/p>\n<p>Foto: Edijs P\u0101lens\/LETA<\/p>\n<p>B\u0113rni bauda ziemas priekus Bastejkaln\u0101.\n<\/p>\n<p>Pirmdien viet\u0101m Latvij\u0101 uzsp\u012bd\u0113s saule un viet\u0101m mazliet snigs, da\u017eviet Talsu un Tukuma novad\u0101 iesp\u0113jama stipr\u0101ka snig\u0161ana, prognoz\u0113 sinopti\u0137i.<\/p>\n<p>        Las\u012bt\u0101kie<br \/>\n        <a data-imagesrc=\"{&quot;300&quot;:&quot;https:\\\/\\\/lastatic.ams3.cdn.digitaloceanspaces.com\\\/2026\\\/01\\\/pexels-cottonbro-9654725-300x200.jpg&quot;,&quot;1024&quot;:&quot;https:\\\/\\\/lastatic.ams3.cdn.digitaloceanspaces.com\\\/2026\\\/01\\\/pexels-cottonbro-9654725-1024x683.jpg&quot;,&quot;1536&quot;:&quot;https:\\\/\\\/lastatic.ams3.cdn.digitaloceanspaces.com\\\/2026\\\/01\\\/pexels-cottonbro-9654725-1536x1024.jpg&quot;,&quot;500&quot;:&quot;https:\\\/\\\/lastatic.ams3.cdn.digitaloceanspaces.com\\\/2026\\\/01\\\/pexels-cottonbro-9654725-500x333.jpg&quot;,&quot;800&quot;:&quot;https:\\\/\\\/lastatic.ams3.cdn.digitaloceanspaces.com\\\/2026\\\/01\\\/pexels-cottonbro-9654725-800x533.jpg&quot;,&quot;2560&quot;:&quot;https:\\\/\\\/lastatic.ams3.cdn.digitaloceanspaces.com\\\/2026\\\/01\\\/pexels-cottonbro-9654725-scaled.jpg&quot;}\" data-focuspoint=\"&quot;&quot;\" data-p=\"2488952\" href=\"https:\/\/www.la.lv\/astrologi-sarindojusi-zodiaka-zimes-pec-prata-spejam-pirmo-vietu-aiznem-dvini-bet-pedejo\" class=\"content-item lazy-load\" wp_automatic_readability=\"27\" rel=\"nofollow noopener\" target=\"_blank\"><\/p>\n<p>                                <img decoding=\"async\" src=\"\" alt=\"\" style=\"\" data-imageid=\"\"\/><\/p>\n<p>                                Kokteilis<\/p>\n<p>\n                                                Astrologi sarindoju\u0161i zodiaka z\u012bmes p\u0113c pr\u0101ta sp\u0113j\u0101m: pirmo vietu aiz\u0146em Dv\u012b\u0146i, bet p\u0113d\u0113jo\u2026\n                            <\/p>\n<p><\/a><a data-imagesrc=\"{&quot;300&quot;:&quot;https:\\\/\\\/lastatic.ams3.cdn.digitaloceanspaces.com\\\/2025\\\/04\\\/LET_24510420-1-300x198.jpg&quot;,&quot;768&quot;:&quot;https:\\\/\\\/lastatic.ams3.cdn.digitaloceanspaces.com\\\/2025\\\/04\\\/LET_24510420-1-768x506.jpg&quot;,&quot;200&quot;:&quot;https:\\\/\\\/lastatic.ams3.cdn.digitaloceanspaces.com\\\/2025\\\/04\\\/LET_24510420-1-200x132.jpg&quot;,&quot;400&quot;:&quot;https:\\\/\\\/lastatic.ams3.cdn.digitaloceanspaces.com\\\/2025\\\/04\\\/LET_24510420-1-400x264.jpg&quot;,&quot;500&quot;:&quot;https:\\\/\\\/lastatic.ams3.cdn.digitaloceanspaces.com\\\/2025\\\/04\\\/LET_24510420-1-500x330.jpg&quot;,&quot;800&quot;:&quot;https:\\\/\\\/lastatic.ams3.cdn.digitaloceanspaces.com\\\/2025\\\/04\\\/LET_24510420-1-800x527.jpg&quot;,&quot;1000&quot;:&quot;https:\\\/\\\/lastatic.ams3.cdn.digitaloceanspaces.com\\\/2025\\\/04\\\/LET_24510420-1.jpg&quot;}\" data-focuspoint=\"&quot;&quot;\" data-p=\"2492578\" href=\"https:\/\/www.la.lv\/gripai-sogad-ir-neparasts-simptoms-kas-ipasi-mulsina-pacientus\" class=\"content-item lazy-load\" wp_automatic_readability=\"26.5\" rel=\"nofollow noopener\" target=\"_blank\"><\/p>\n<p>                                <img decoding=\"async\" src=\"\" alt=\"\" style=\"\" data-imageid=\"\"\/><\/p>\n<p>\n                                                Gripai \u0161ogad ir neparasts simptoms, kas \u012bpa\u0161i mulsina pacientus<\/p>\n<p><\/a><a data-imagesrc=\"{&quot;300&quot;:&quot;https:\\\/\\\/lastatic.ams3.cdn.digitaloceanspaces.com\\\/2026\\\/01\\\/LET_24880109-300x201.jpg&quot;,&quot;1024&quot;:&quot;https:\\\/\\\/lastatic.ams3.cdn.digitaloceanspaces.com\\\/2026\\\/01\\\/LET_24880109-1024x684.jpg&quot;,&quot;1536&quot;:&quot;https:\\\/\\\/lastatic.ams3.cdn.digitaloceanspaces.com\\\/2026\\\/01\\\/LET_24880109-1536x1027.jpg&quot;,&quot;500&quot;:&quot;https:\\\/\\\/lastatic.ams3.cdn.digitaloceanspaces.com\\\/2026\\\/01\\\/LET_24880109-500x334.jpg&quot;,&quot;800&quot;:&quot;https:\\\/\\\/lastatic.ams3.cdn.digitaloceanspaces.com\\\/2026\\\/01\\\/LET_24880109-800x535.jpg&quot;,&quot;2560&quot;:&quot;https:\\\/\\\/lastatic.ams3.cdn.digitaloceanspaces.com\\\/2026\\\/01\\\/LET_24880109-scaled.jpg&quot;}\" data-focuspoint=\"&quot;&quot;\" data-p=\"2492591\" href=\"https:\/\/www.la.lv\/latviesi-tiek-aicinati-rit-piedalities-ipasi-sirsniga-akcija-par-godu-raimonda-paula-90-jubilejai\" class=\"content-item lazy-load\" wp_automatic_readability=\"26.5\" rel=\"nofollow noopener\" target=\"_blank\"><\/p>\n<p>                                <img decoding=\"async\" src=\"\" alt=\"\" style=\"\" data-imageid=\"\"\/><\/p>\n<p>                                Kokteilis<\/p>\n<p>\n                                                Latvie\u0161i tiek aicin\u0101ti r\u012bt piedal\u012bties \u012bpa\u0161i sirsn\u012bg\u0101 akcij\u0101 par godu Raimonda Paula 90.jubilejai\n                            <\/p>\n<p><\/a><br \/>\n        <a class=\"read-more\" href=\"https:\/\/www.la.lv\/top\" rel=\"nofollow noopener\" target=\"_blank\">Las\u012bt citas zi\u0146as<\/a><\/p>\n<p>Gaid\u0101ms l\u0113ns v\u0113j\u0161 un bezv\u0113j\u0161, Latgal\u0113 p\u016bt\u012bs l\u0113ns l\u012bdz m\u0113rens zieme\u013cu v\u0113j\u0161.<\/p>\n<p>Maksim\u0101l\u0101 gaisa temperat\u016bra b\u016bs -5..-9 gr\u0101di, viet\u0101m Kurzem\u0113 -3 gr\u0101di.<\/p>\n<p>    CITI \u0160OBR\u012aD LASA<\/p>\n<p>R\u012bg\u0101 nav gaid\u0101mi iev\u0113rojami nokri\u0161\u0146i, var uzsp\u012bd\u0113t saule. P\u016b\u0161ot l\u0113nam v\u0113jam, gaiss iesils l\u012bdz -7 gr\u0101diem.<\/p>\n<p>Laikapst\u0101k\u013cus ietekm\u0113 izz\u016bdo\u0161s ciklons. Atmosf\u0113ras spiediens 1013-1016 hektopask\u0101li j\u016bras l\u012bmen\u012b.<\/p>\n<p>\u0160oned\u0113\u013c Latvij\u0101 saglab\u0101sies auksts laiks<\/p>\n<p>\u0160\u012b ned\u0113\u013ca Latvij\u0101, visticam\u0101k, b\u016bs aukst\u0101k\u0101 kop\u0161 2024. gada janv\u0101ra, liecina \u201cGlobal Forecast System\u201d prognozes.<\/p>\n<p>Sagaid\u0101ms, ka debesis br\u012b\u017eiem skaidrosies un nokri\u0161\u0146u b\u016bs maz; vair\u0101k snigs nakt\u012b uz ceturtdienu Kurzem\u0113 un Zemgal\u0113. Otrdien galvenok\u0101rt gaid\u0101ms bezv\u0113j\u0161, turpm\u0101kaj\u0101s dien\u0101s \u2013 l\u0113ns l\u012bdz m\u0113rens dienvidaustrumu v\u0113j\u0161.<\/p>\n<p>Debes\u012bm skaidrojoties, gaisa temperat\u016bra viet\u0101m \u2013 galvenok\u0101rt austrumu novados \u2013 var nosl\u012bd\u0113t zem -20 gr\u0101diem. Valsts liel\u0101kaj\u0101 da\u013c\u0101 gaisa temperat\u016bra nakt\u012bs un dien\u0101s gaid\u0101ma -5..-15 gr\u0101du robe\u017e\u0101s.<\/p>\n<p>Ned\u0113\u013cas vid\u016b no rietumiem tuvosies silt\u0101ks gaiss, bet tas, visticam\u0101k, nesasniegs Latviju. Turkl\u0101t ned\u0113\u013cas beig\u0101s un n\u0101kamned\u0113\u013c Eiropas zieme\u013caustrumu da\u013c\u0101 var pastiprin\u0101ties anticiklons, kas var atnest liel\u0101ku salu.<\/p>\n<p>Saska\u0146\u0101 ar Latvijas Vides, \u0123eolo\u0123ijas un meteorolo\u0123ijas centra datiem pag\u0101ju\u0161aj\u0101 ziem\u0101 gaisa temperat\u016bra valst\u012b ne reizi nenosl\u012bd\u0113ja zem -20 gr\u0101diem, bet 2023. \u2013 2024. gada ziemas liel\u0101kais aukstums bija -29,5 gr\u0101di 8. janv\u0101r\u012b Daugavpils nov\u0113rojumu stacij\u0101. Barg\u0101kais sals iepriek\u0161\u0113j\u0101s ziem\u0101s bija -31 gr\u0101ds 2021. gada 17. janv\u0101r\u012b Sta\u013c\u0123en\u0113.<\/p>\n<p>T\u0113mas<\/p>\n<p>    SAIST\u012aTIE RAKSTI<\/p>\n","protected":false},"excerpt":{"rendered":"Foto: Edijs P\u0101lens\/LETA B\u0113rni bauda ziemas priekus Bastejkaln\u0101. Pirmdien viet\u0101m Latvij\u0101 uzsp\u012bd\u0113s saule un viet\u0101m mazliet snigs, da\u017eviet&hellip;\n","protected":false},"author":2,"featured_media":101851,"comment_status":"","ping_status":"","sticky":false,"template":"","format":"standard","meta":{"footnotes":""},"categories":[5],"tags":[23,28,29,32,33,22,30,31,35,39,38,36,37,34,40,20,26,27,24,25,21],"class_list":{"0":"post-101850","1":"post","2":"type-post","3":"status-publish","4":"format-standard","5":"has-post-thumbnail","7":"category-aktualitates","8":"tag-aktualitates","9":"tag-breaking-news","10":"tag-breakingnews","11":"tag-featured-news","12":"tag-featurednews","13":"tag-headlines","14":"tag-latest-news","15":"tag-latestnews","16":"tag-latvia","17":"tag-latvian","18":"tag-latviesu","19":"tag-latviesu-valoda","20":"tag-latviesuvaloda","21":"tag-latvija","22":"tag-lv","23":"tag-news","24":"tag-popularakas-zinas","25":"tag-popularakaszinas","26":"tag-top-stories","27":"tag-topstories","28":"tag-zinas"},"share_on_mastodon":{"url":"https:\/\/pubeurope.com\/@lv\/115881404256425877","error":""},"_links":{"self":[{"href":"https:\/\/www.europesays.com\/lv\/wp-json\/wp\/v2\/posts\/101850","targetHints":{"allow":["GET"]}}],"collection":[{"href":"https:\/\/www.europesays.com\/lv\/wp-json\/wp\/v2\/posts"}],"about":[{"href":"https:\/\/www.europesays.com\/lv\/wp-json\/wp\/v2\/types\/post"}],"author":[{"embeddable":true,"href":"https:\/\/www.europesays.com\/lv\/wp-json\/wp\/v2\/users\/2"}],"replies":[{"embeddable":true,"href":"https:\/\/www.europesays.com\/lv\/wp-json\/wp\/v2\/comments?post=101850"}],"version-history":[{"count":0,"href":"https:\/\/www.europesays.com\/lv\/wp-json\/wp\/v2\/posts\/101850\/revisions"}],"wp:featuredmedia":[{"embeddable":true,"href":"https:\/\/www.europesays.com\/lv\/wp-json\/wp\/v2\/media\/101851"}],"wp:attachment":[{"href":"https:\/\/www.europesays.com\/lv\/wp-json\/wp\/v2\/media?parent=101850"}],"wp:term":[{"taxonomy":"category","embeddable":true,"href":"https:\/\/www.europesays.com\/lv\/wp-json\/wp\/v2\/categories?post=101850"},{"taxonomy":"post_tag","embeddable":true,"href":"https:\/\/www.europesays.com\/lv\/wp-json\/wp\/v2\/tags?post=101850"}],"curies":[{"name":"wp","href":"https:\/\/api.w.org\/{rel}","templated":true}]}}