{"id":101860,"date":"2026-01-12T09:28:07","date_gmt":"2026-01-12T09:28:07","guid":{"rendered":"https:\/\/www.europesays.com\/lv\/101860\/"},"modified":"2026-01-12T09:28:07","modified_gmt":"2026-01-12T09:28:07","slug":"kapec-valmieras-novada-domes-deputats-arnitis-biede-ar-cietumsodu-par-ipasuma-atrastiem-latvaniem-vai-kailgliemeziem-raksts","status":"publish","type":"post","link":"https:\/\/www.europesays.com\/lv\/101860\/","title":{"rendered":"K\u0101p\u0113c Valmieras novada domes deput\u0101ts Arn\u012btis bied\u0113 ar cietumsodu par \u012bpa\u0161um\u0101 atrastiem latv\u0101\u0146iem vai kailglieme\u017eiem? \/ Raksts"},"content":{"rendered":"<p>K\u0101p\u0113c Valmieras novada domes deput\u0101ts Ringolds Arn\u012btis no Latvijas Re\u0123ionu apvien\u012bbas bied\u0113 cilv\u0113kus ar cietumsodu par vi\u0146u \u012bpa\u0161um\u0101 atrastiem latv\u0101\u0146iem vai kailglieme\u017eiem? To p\u0113t\u012bja &#8220;Re:Baltica&#8221; \u017eurn\u0101listi faktu p\u0101rbaudes projekt\u0101 &#8220;Re:Check&#8221;.<\/p>\n<p>&#8220;Re:Baltica&#8221; faktu p\u0101rbaudes projekta &#8220;Re:Check&#8221; jaun\u0101kais apskats<\/p>\n<p>&#8220;M\u0113s ejam uz kaut k\u0101du policejisku valsti, kur neviens visp\u0101r nesaprot, kas dab\u0101 notiek? Briesm\u012bgi!&#8221;\u00a0T\u0101 popul\u0101r\u0101 soci\u0101lo mediju video st\u0101sta Valmieras novada domes deput\u0101ts Ringolds Arn\u012btis no Latvijas Re\u0123ionu apvien\u012bbas. &#8220;Vai tev \u012bpa\u0161um\u0101 ir latv\u0101\u0146i, zeltsloti\u0146as? Tieslietu ministrija sagatavojusi Krimin\u0101llikuma groz\u012bjumus \u2013 par invaz\u012bvu augu audz\u0113\u0161anu br\u012bv\u012bbas at\u0146em\u0161ana l\u012bdz tr\u012bs gadiem.&#8221;<\/p>\n<p>Politi\u0137is staig\u0101 gar mazu up\u012bti Valmier\u0101 net\u0101lu no skolas un b\u0113rnud\u0101rza. Vi\u0146\u0161 st\u0101sta, ka tas ir pa\u0161vald\u012bbas \u012bpa\u0161ums.<\/p>\n<p>&#8220;\u0160eit lej\u0101 aug latv\u0101\u0146i, \u0161eit zeltsloti\u0146as. Princip\u0101 nere\u0101la c\u012b\u0146a, nere\u0101li tos izn\u012bd\u0113t no \u0161ejienes. Bet pa\u0161vald\u012bbas vad\u012bt\u0101js ir potenci\u0101ls noziedznieks, ja \u0161\u0101dus krimin\u0101llikuma pantus pie\u0146ems.&#8221;<\/p>\n<p>\u0160im video ir 250 t\u016bksto\u0161i skat\u012bjumu. Cit\u0101 video Arn\u012btis run\u0101 ar\u012b par kailglieme\u017eiem, kurus <a href=\"https:\/\/www.varam.gov.lv\/lv\/jaunums\/varam-sabiedriskajai-apspriesanai-nodod-latvijas-invazivo-sugu-saraksta-projektu-ar-spanijas-kailgliemezi\" target=\"_blank\" rel=\"nofollow noopener\">paredz\u0113ts<\/a> <a href=\"https:\/\/www.lsm.lv\/raksts\/zinas\/latvija\/24.09.2025-latvijas-invazivo-sugu-saraksta-plano-ieklaut-spanijas-kailgliemezi.a615689\/\" class=\"lsm-link\" data-type=\"article\" data-id=\"615689\" rel=\"nofollow noopener\" target=\"_blank\">iek\u013caut<\/a> Latvijas invaz\u012bvo sugu sarakst\u0101:\u00a0&#8220;Tas noz\u012bm\u0113, ka ar\u012b, ja j\u016bsu \u012bpa\u0161um\u0101 atrad\u012bsies kailgliemezis, potenci\u0101li j\u016bs varat b\u016bt krimin\u0101lnoziedznieks.&#8221;<\/p>\n<p>\u0160aj\u0101 br\u012bd\u012b video par\u0101d\u0101s, visticam\u0101k, ar m\u0101ksl\u012bgo intelektu z\u012bm\u0113ts att\u0113ls ar izmisu\u0161u v\u012brieti, kas pie m\u0101jas sasl\u0113gts rokudzel\u017eos. Vi\u0146am priek\u0161\u0101 uz z\u0101l\u0101ja redzami kailglieme\u017ei. Virs\u016b sarkaniem burtiem uzraksts: &#8220;Krimin\u0101lnoziedznieks.&#8221;<\/p>\n<p>&#8220;Es \u013coti ceru, ka Vec\u0101 gad\u0101 Salat\u0113vs ir atnesis k\u0101rt\u012bgu \u017eagaru bunti un Jaunaj\u0101 gad\u0101 visi ier\u0113d\u0146i str\u0101d\u0101s kvalitat\u012bv\u0101k,&#8221; pauda Arn\u012btis.<\/p>\n<p>&#8220;Re:Check&#8221; neatrada Tieslietu ministrijas pied\u0101v\u0101tajos Krimin\u0101llikuma<a href=\"https:\/\/tapportals.mk.gov.lv\/structuralizer\/data\/nodes\/71b213aa-a125-4cd9-9416-88db7cdb120e\/preview\" target=\"_blank\" rel=\"nofollow noopener\"> groz\u012bjumos<\/a>, ka par \u012bpa\u0161um\u0101 eso\u0161u latv\u0101ni, zeltsloti\u0146u vai kailgliemezi cilv\u0113kam draud\u0113s l\u012bdz trim gadiem cietum\u0101. To skaidroja ar\u012b Tieslietu ministrijas Krimin\u0101lties\u012bbu departamenta juriste Ieva Patr\u012bcija Suseja:<\/p>\n<blockquote>\n<p>&#8220;Apgalvojumi, ka Latvij\u0101 pl\u0101nots ieviest krimin\u0101latbild\u012bbu par invaz\u012bvo augu audz\u0113\u0161anu k\u0101 t\u0101du vai paredz\u0113t cietumsodu par ikvienu \u0161\u0101du gad\u012bjumu, ir maldino\u0161i un noteikti neatspogu\u013co likumprojekta saturu un m\u0113r\u0137i.&#8221;<\/p>\n<\/blockquote>\n<p>Ko paredz pl\u0101not\u0101s izmai\u0146as? Groz\u012bjumi tapu\u0161i, lai p\u0101r\u0146emtu<a href=\"https:\/\/eur-lex.europa.eu\/eli\/dir\/2024\/1203\/oj?locale=lv\" target=\"_blank\" rel=\"nofollow noopener\"> ES direkt\u012bvas<\/a> pras\u012bbas par vides krimin\u0101ltiesisko aizsardz\u012bbu, st\u0101st\u012bja\u00a0juriste Suseja.\u00a0<\/p>\n<p>&#8220;Krimin\u0101llikum\u0101 pl\u0101nots ar \u0161o pantu paredz\u0113t krimin\u0101latbild\u012bbu, nevis par jebk\u0101du invaz\u012bvo augu vai sugu audz\u0113\u0161anu, bet tikai t\u0101dos gad\u012bjumos, ja invaz\u012bvu sve\u0161zemju sugu ieve\u0161ana, audz\u0113\u0161ana, izplat\u012b\u0161ana vai citas ar t\u0101m saist\u012bt\u0101s darb\u012bbas tiek veiktas, p\u0101rk\u0101pjot Eiropas Savien\u012bbas regul\u0113jum\u0101 noteiktos ierobe\u017eojumus vai at\u013cauju nosac\u012bjumus, un ar \u0161\u012bm darb\u012bb\u0101m ir rad\u012bts b\u016btisks kait\u0113jums,&#8221; skaidroja ministrijas p\u0101rst\u0101ve.<\/p>\n<p>Ministrij\u0101 uzsv\u0113ra b\u016btisko kait\u0113jumu un skaidroja, ka to katr\u0101 situ\u0101cij\u0101 kompetent\u0101s iest\u0101des v\u0113rt\u0113s individu\u0101li.<\/p>\n<p>Tieslietu ministrija gan<a href=\"https:\/\/tapportals.mk.gov.lv\/legal_acts\/c08a737f-f480-43c6-b0b4-17e8a011e689\" target=\"_blank\" rel=\"nofollow noopener\"> sa\u0146\u0113ma<\/a> kritiku par to, ka regul\u0113jums ir p\u0101r\u0101k pla\u0161s. Ta\u010du t\u0101s juriste Suseja uzsv\u0113ra, ka bied\u0113\u0161anai soci\u0101lo mediju video nav pamata. Tas attiecas gan uz latv\u0101\u0146iem, gan uz kailglieme\u017eiem.\u00a0<\/p>\n<p>&#8220;Tas nav attiecin\u0101ms autom\u0101tiski uzreiz \u2013 ja cilv\u0113ka \u012bpa\u0161um\u0101 ir redzami kailglieme\u017ei, t\u0101tad b\u016bs krimin\u0101latbild\u012bba \u2013 neb\u016bt n\u0113. Tas ir tikai gad\u012bjumos, ja ekspertu atzinum\u0101 tiks saskat\u012bts, ka \u0161is var rad\u012bt b\u016btisku kait\u0113jumu, bet \u0161\u0101di ikdieni\u0161\u0137i gad\u012bjumi tie noteikti neb\u016bs,&#8221; kl\u0101st\u012bja ministrijas p\u0101rst\u0101ve.<\/p>\n<p>Turkl\u0101t pa\u0161laik jau past\u0101v administrat\u012bv\u0101<a href=\"https:\/\/likumi.lv\/ta\/id\/3941#p30_1\" target=\"_blank\" rel=\"nofollow noopener\"> atbild\u012bba<\/a> par invaz\u012bvo sugu audz\u0113\u0161anu bez kompetent\u0101s iest\u0101des at\u013caujas. Par to var sa\u0146emt br\u012bdin\u0101jumu vai naudas sodu. Ministrij\u0101 skaidroja, ka iecer\u0113tie groz\u012bjumi Krimin\u0101llikum\u0101 \u0161o k\u0101rt\u012bbu neaizst\u0101s. Proti, administrat\u012bv\u0101 atbild\u012bba paliks, bet krimin\u0101l\u0101 tiks ieviesta \u012bpa\u0161iem gad\u012bjumiem \u2013\u00a0par b\u016btiska kait\u0113juma rad\u012b\u0161anu.<\/p>\n<p>Arn\u012btis nepiekrita, ka p\u0101rsp\u012bl\u0113, un skaidroja \u2013 centies piev\u0113rst uzman\u012bbu, ka noteikumi ir p\u0101r\u0101k pla\u0161i.\u00a0<\/p>\n<p>&#8220;Es v\u0113r\u0161u uzman\u012bbu, ka likumprojekts, iesp\u0113jams, nav pietiekami saprotami uzrakst\u012bts. Tas ir tas, kur es v\u0113r\u0161u visas sabiedr\u012bbas uzman\u012bbu. Ja visiem liekas, ka viss ir k\u0101rt\u012bb\u0101, tad viss ir k\u0101rt\u012bb\u0101. Man \u0161\u0137iet, ka tur nav tik izv\u0113rsti, k\u0101 j\u016bs tagad man skaidrojat uzrakst\u012bts. Nu, t\u0101s ir manas ba\u017eas,&#8221; teica Arn\u012btis.<\/p>\n<blockquote>\n<p>Ta\u010du, k\u0101 skaidrots, pied\u0101v\u0101tajos groz\u012bjumos nav atrodams, ka par to vien, ka \u012bpa\u0161um\u0101 aug latv\u0101\u0146i, zeltsloti\u0146a vai taj\u0101 atrasts kailgliemezis, cilv\u0113kam var draud\u0113t l\u012bdz pat trim gadiem cietum\u0101. To noliedza ar\u012b atbild\u012bg\u0101 ministrija.<\/p>\n<\/blockquote>\n<p>T\u0101pat j\u0101piebilst, ka groz\u012bjumi pa\u0161laik ir tikai izstr\u0101des stadij\u0101 un gala v\u0101rds b\u016bs j\u0101saka Saeimai.<\/p>\n<p>                    Valodas k\u013c\u016bda rakst\u0101?<\/p>\n<p class=\"d-none d-md-block\">Iez\u012bm\u0113jiet tekstu un spiediet Ctrl+Enter, lai nos\u016bt\u012btu labojamo teksta fragmentu redaktoram! Par faktu k\u013c\u016bd\u0101m l\u016bdzam zi\u0146ot e-past\u0101 <a href=\"https:\/\/www.lsm.lv\/cdn-cgi\/l\/email-protection\" class=\"__cf_email__\" data-cfemail=\"592b3c3d38323a30333819352a3477352f\" rel=\"nofollow noopener\" target=\"_blank\">[email\u00a0protected]<\/a>.<\/p>\n<p class=\"d-md-none\">Iez\u012bm\u0113jiet tekstu un spiediet uz Zi\u0146ot par k\u013c\u016bdu pogas, lai nos\u016bt\u012btu labojamo teksta fragmentu redaktoram!<\/p>\n<p>\n                    Zi\u0146ot par k\u013c\u016bdu\n                <\/p>\n","protected":false},"excerpt":{"rendered":"K\u0101p\u0113c Valmieras novada domes deput\u0101ts Ringolds Arn\u012btis no Latvijas Re\u0123ionu apvien\u012bbas bied\u0113 cilv\u0113kus ar cietumsodu par vi\u0146u \u012bpa\u0161um\u0101&hellip;\n","protected":false},"author":2,"featured_media":101861,"comment_status":"","ping_status":"","sticky":false,"template":"","format":"standard","meta":{"footnotes":""},"categories":[12],"tags":[23,28,29,32,33,22,30,31,35,39,38,36,37,34,40,20,26,27,24,25,21],"class_list":{"0":"post-101860","1":"post","2":"type-post","3":"status-publish","4":"format-standard","5":"has-post-thumbnail","7":"category-latvija","8":"tag-aktualitates","9":"tag-breaking-news","10":"tag-breakingnews","11":"tag-featured-news","12":"tag-featurednews","13":"tag-headlines","14":"tag-latest-news","15":"tag-latestnews","16":"tag-latvia","17":"tag-latvian","18":"tag-latviesu","19":"tag-latviesu-valoda","20":"tag-latviesuvaloda","21":"tag-latvija","22":"tag-lv","23":"tag-news","24":"tag-popularakas-zinas","25":"tag-popularakaszinas","26":"tag-top-stories","27":"tag-topstories","28":"tag-zinas"},"share_on_mastodon":{"url":"https:\/\/pubeurope.com\/@lv\/115881423885642115","error":""},"_links":{"self":[{"href":"https:\/\/www.europesays.com\/lv\/wp-json\/wp\/v2\/posts\/101860","targetHints":{"allow":["GET"]}}],"collection":[{"href":"https:\/\/www.europesays.com\/lv\/wp-json\/wp\/v2\/posts"}],"about":[{"href":"https:\/\/www.europesays.com\/lv\/wp-json\/wp\/v2\/types\/post"}],"author":[{"embeddable":true,"href":"https:\/\/www.europesays.com\/lv\/wp-json\/wp\/v2\/users\/2"}],"replies":[{"embeddable":true,"href":"https:\/\/www.europesays.com\/lv\/wp-json\/wp\/v2\/comments?post=101860"}],"version-history":[{"count":0,"href":"https:\/\/www.europesays.com\/lv\/wp-json\/wp\/v2\/posts\/101860\/revisions"}],"wp:featuredmedia":[{"embeddable":true,"href":"https:\/\/www.europesays.com\/lv\/wp-json\/wp\/v2\/media\/101861"}],"wp:attachment":[{"href":"https:\/\/www.europesays.com\/lv\/wp-json\/wp\/v2\/media?parent=101860"}],"wp:term":[{"taxonomy":"category","embeddable":true,"href":"https:\/\/www.europesays.com\/lv\/wp-json\/wp\/v2\/categories?post=101860"},{"taxonomy":"post_tag","embeddable":true,"href":"https:\/\/www.europesays.com\/lv\/wp-json\/wp\/v2\/tags?post=101860"}],"curies":[{"name":"wp","href":"https:\/\/api.w.org\/{rel}","templated":true}]}}