{"id":101864,"date":"2026-01-12T09:30:10","date_gmt":"2026-01-12T09:30:10","guid":{"rendered":"https:\/\/www.europesays.com\/lv\/101864\/"},"modified":"2026-01-12T09:30:10","modified_gmt":"2026-01-12T09:30:10","slug":"gora-skanes-arvo-perta-dzimsanas-dienai-veltiti-jaundarbi-diena","status":"publish","type":"post","link":"https:\/\/www.europesays.com\/lv\/101864\/","title":{"rendered":"Gor\u0101 skan\u0113s Arvo Perta dzim\u0161anas dienai velt\u012bti jaundarbi \/ Diena"},"content":{"rendered":"<p>Reinis Zari\u0146\u0161 ir pianists, kura programmas ikreiz ir notikums. Vi\u0146\u0161 drosm\u012bgi un \u013coti p\u0101rliecino\u0161i mekl\u0113t arvien jaunus m\u016bzikas ce\u013cus. Rei\u0146a Zari\u0146a solokoncertos bie\u017ei tiek prezent\u0113ta kop\u012bga t\u0113ma, kas visas t\u0101s da\u017e\u0101d\u0101s sast\u0101vda\u013cas saista vien\u0101 vienot\u0101 skulpt\u016br\u0101. Rei\u0146a muzik\u0101l\u0101s intereses ir pla\u0161as un daudzveid\u012bgas, s\u0101kot no agr\u0101kajiem tausti\u0146instrument\u0101listiem l\u012bdz m\u016bsdienu popzvaigzn\u0113m, ta\u010du vi\u0146\u0161 p\u0101rbauda un izv\u0113las savu repertu\u0101ru p\u0113c noteikta intuit\u012bva filtra, ko var formul\u0113t k\u0101 &#8220;skaistumu un paties\u012bbu&#8221;. T\u0101 rezult\u0101t\u0101 Reinis gadu gait\u0101 ir \u012bpa\u0161i ieinteres\u0113jies par t\u0101 sauktajiem sv\u0113tce\u013cnieku komponistiem &#8211; tiem, kas cen\u0161as izteikt neizsak\u0101mo.<\/p>\n<p>&#13;<br \/>\n&#13;<\/p>\n<p>Par jauno koncertprogrammu Perts un vi\u0146a br\u0101\u013ci pianists raksta: \u201cMana m\u016bzika ir matem\u0101tika un m\u012blest\u012bba,\u201d reiz teicis devi\u0146desmitgadnieks Arvo Perts &#8211; p\u0113d\u0113jos gados pasaul\u0113 visvair\u0101k atska\u0146otais komponists. Vi\u0146a m\u016bzika tiecas uz ask\u0113zi, domas koncentr\u0113t\u012bbu un katras ska\u0146as, katras pauzes noz\u012bm\u012bbu.<\/p>\n<p>&#13;<br \/>\n&#13;<\/p>\n<p>Arvo Perta gar\u012bgajam un est\u0113tiskajam ide\u0101lam sav\u0101 rado\u0161aj\u0101 ce\u013c\u0101 sekoju\u0161i ar\u012b vair\u0101ki citi komponisti, katrs ar laiku atradis savu neatk\u0101rtojamu balsi, tom\u0113r atz\u012bstot Pertu par skolot\u0101ju, domubiedru vai vec\u0101ko br\u0101li. \u0160aj\u0101 programm\u0101 vien\u0101 muzik\u0101l\u0101 telp\u0101 sastopas P\u0113teris Vasks, Georgs Pel\u0113cis, Andrejs Selickis un Valent\u012bns Silvestrovs, \u013caujot klaus\u012bt\u0101jiem saklaus\u012bt Arvo Perta ideju atbalsis.<\/p>\n<p>&#13;<br \/>\n&#13;<\/p>\n<p>\u012apa\u0161u noz\u012bmi koncertam pie\u0161\u0137ir divu latvie\u0161u komponistu jaundarbu pirmatska\u0146ojumi, kas rad\u012bti k\u0101 velt\u012bjums Arvo Perta 90. jubilejai. Koncert\u0101 b\u016bs kl\u0101teso\u0161i ar\u012b komponisti P\u0113teris Vasks, Georgs Pel\u0113cis un Andrejs Selickis, padarot \u0161o vakaru par dz\u012bvu satik\u0161anos starp m\u016bziku, t\u0101s rad\u012bt\u0101jiem un klaus\u012bt\u0101jiem.<\/p>\n<p>&#13;<br \/>\n&#13;<\/p>\n<p>Bi\u013cetes iesp\u0113jams ieg\u0101d\u0101ties Latgales v\u0113stniec\u012bbas Gors bi\u013ce\u0161u sist\u0113m\u0101 internet\u0101 <a href=\"http:\/\/www.latgalesgors.lv\" target=\"_blank\" rel=\"nofollow noopener\">www.latgalesgors.lv<\/a> un kas\u0113 Pils iel\u0101 4, R\u0113zekn\u0113, k\u0101 ar\u012b Bi\u013ce\u0161u parad\u012bzes bi\u013ce\u0161u tirdzniec\u012bbas sist\u0113m\u0101s kas\u0113s un internet\u0101.<\/p>\n<p>&#13;<\/p>\n","protected":false},"excerpt":{"rendered":"Reinis Zari\u0146\u0161 ir pianists, kura programmas ikreiz ir notikums. Vi\u0146\u0161 drosm\u012bgi un \u013coti p\u0101rliecino\u0161i mekl\u0113t arvien jaunus m\u016bzikas&hellip;\n","protected":false},"author":2,"featured_media":101865,"comment_status":"","ping_status":"","sticky":false,"template":"","format":"standard","meta":{"footnotes":""},"categories":[19],"tags":[89,90,35,39,38,36,37,34,40],"class_list":{"0":"post-101864","1":"post","2":"type-post","3":"status-publish","4":"format-standard","5":"has-post-thumbnail","7":"category-izklaide","8":"tag-entertainment","9":"tag-izklaide","10":"tag-latvia","11":"tag-latvian","12":"tag-latviesu","13":"tag-latviesu-valoda","14":"tag-latviesuvaloda","15":"tag-latvija","16":"tag-lv"},"share_on_mastodon":{"url":"https:\/\/pubeurope.com\/@lv\/115881431755307623","error":""},"_links":{"self":[{"href":"https:\/\/www.europesays.com\/lv\/wp-json\/wp\/v2\/posts\/101864","targetHints":{"allow":["GET"]}}],"collection":[{"href":"https:\/\/www.europesays.com\/lv\/wp-json\/wp\/v2\/posts"}],"about":[{"href":"https:\/\/www.europesays.com\/lv\/wp-json\/wp\/v2\/types\/post"}],"author":[{"embeddable":true,"href":"https:\/\/www.europesays.com\/lv\/wp-json\/wp\/v2\/users\/2"}],"replies":[{"embeddable":true,"href":"https:\/\/www.europesays.com\/lv\/wp-json\/wp\/v2\/comments?post=101864"}],"version-history":[{"count":0,"href":"https:\/\/www.europesays.com\/lv\/wp-json\/wp\/v2\/posts\/101864\/revisions"}],"wp:featuredmedia":[{"embeddable":true,"href":"https:\/\/www.europesays.com\/lv\/wp-json\/wp\/v2\/media\/101865"}],"wp:attachment":[{"href":"https:\/\/www.europesays.com\/lv\/wp-json\/wp\/v2\/media?parent=101864"}],"wp:term":[{"taxonomy":"category","embeddable":true,"href":"https:\/\/www.europesays.com\/lv\/wp-json\/wp\/v2\/categories?post=101864"},{"taxonomy":"post_tag","embeddable":true,"href":"https:\/\/www.europesays.com\/lv\/wp-json\/wp\/v2\/tags?post=101864"}],"curies":[{"name":"wp","href":"https:\/\/api.w.org\/{rel}","templated":true}]}}