{"id":101884,"date":"2026-01-12T09:42:11","date_gmt":"2026-01-12T09:42:11","guid":{"rendered":"https:\/\/www.europesays.com\/lv\/101884\/"},"modified":"2026-01-12T09:42:11","modified_gmt":"2026-01-12T09:42:11","slug":"par-kerijas-bredsovas-lomu-sara-dzesika-parkere-sanemusi-zelta-globusa-izcilibas-balvu","status":"publish","type":"post","link":"https:\/\/www.europesays.com\/lv\/101884\/","title":{"rendered":"Par Kerijas Bred\u0161ovas lomu S\u0101ra D\u017eesika P\u0101rkere sa\u0146\u0113musi &#8220;Zelta globusa&#8221; izcil\u012bbas balvu"},"content":{"rendered":"<p>S\u0101ru D\u017eesiku P\u0101rkeri uz skatuves pieteica p\u0113rn\u0101 gada balvas sa\u0146\u0113m\u0113js Teds Dansons, bet goda apbalvojumu pasniedza S\u0101ras v\u012brs Metj\u016b Broderiks, ar kuru vi\u0146a ir prec\u0113jusies gandr\u012bz 30 gadus.<\/p>\n<p>Video: S\u0101rai D\u017eesikai P\u0101rkerei pasniedz Kerolas B\u0113rnetas balvu.<\/p>\n<p>Aizkustino\u0161aj\u0101 uzrun\u0101 aktrise atzina, ka pateicoties savam a\u0123entam Kevinam Huveinam vi\u0146a 1997. gad\u0101 iepazina Keriju Bred\u0161ovu, \u0160arloti Jorku, Samantu D\u017eounsu un Mirandu Hobsu.<\/p>\n<p>&#8220;Es 25 gadus str\u0101d\u0101ju kop\u0101 ar br\u012bni\u0161\u0137\u012bgu aktieru ansambli, un visa \u0145ujorka mums k\u013cuva par CBS telev\u012bzijas pils\u0113ti\u0146u, bet ielas &#8211; par 33. studiju,&#8221; vi\u0146a pasmaidot teica.<\/p>\n<p><img decoding=\"async\" class=\"figure__image\" onclick=\"triggerEvent('articleImageClick', { id: 13608576, focus: 'single-image', focusIndex: '13608576' })\" onkeydown=\"if (event.key === 'Enter') {&#10;        triggerEvent('articleImageClick', { id: 13608576, focus: 'single-image', focusIndex: '13608576' })&#10;        }\" role=\"button\" tabindex=\"0\" data-focus-from=\"single-image\" data-focus-index=\"13608576\" src=\"https:\/\/www.europesays.com\/lv\/wp-content\/uploads\/2026\/01\/13608576t1haf61.jpg\"  onload=\"this.parentElement.classList.remove('figure__image-loading')\" alt=\"S\u0101ra D\u017eesika P\u0101rkere, Kima Ketrela, Krist\u012bna Deivisa, Sintija Niksone.\"\/>S\u0101ra D\u017eesika P\u0101rkere, Kima Ketrela, Krist\u012bna Deivisa, Sintija Niksone. Foto: DANIEL DEME \/ EPA<\/p>\n<p>Aktrise, kuras pirmais noz\u012bm\u012bgais telev\u012bzijas darbs bija Petijas Gr\u012bnas loma 1982. gada seri\u0101l\u0101 &#8220;Square Pegs&#8221;, turpin\u0101jum\u0101 past\u0101st\u012bja, kad un k\u0101p\u0113c vi\u0146a nol\u0113ma k\u013c\u016bt par aktrisi.<\/p>\n<p>&#8220;Atceros, k\u0101 s\u0113d\u0113ju skat\u012bt\u0101ju z\u0101l\u0113 re\u0123ion\u0101laj\u0101 te\u0101tr\u012b Sinsinati un v\u0113roju visus izcilos aktierus, kuri bija atbrauku\u0161i no \u0145ujorkas. Toreiz nodom\u0101ju \u2013 tas ir tas, ko es v\u0113los visvair\u0101k,&#8221; st\u0101st\u012bja P\u0101rkere.<\/p>\n<blockquote class=\"quote ck-widget\" contenteditable=\"false\">\n<p>&#8220;Tas k\u013cuva par manu kv\u0113l\u0101ko sapni &#8211; k\u013c\u016bt aktrisi.<\/p>\n<\/blockquote>\n<p>Man bija v\u0113lme iet uz atlas\u0113m, smagi str\u0101d\u0101t, uztraukties, nervoz\u0113t, k\u013c\u016bd\u012bties, bet vienlaikus b\u016bt drosm\u012bgai un uztic\u012bgai savam aicin\u0101jumam.&#8221;<\/p>\n<p><img decoding=\"async\" class=\"figure__image\" onclick=\"triggerEvent('articleImageClick', { id: 17383591, focus: 'single-image', focusIndex: '17383591' })\" onkeydown=\"if (event.key === 'Enter') {&#10;        triggerEvent('articleImageClick', { id: 17383591, focus: 'single-image', focusIndex: '17383591' })&#10;        }\" role=\"button\" tabindex=\"0\" data-focus-from=\"single-image\" data-focus-index=\"17383591\" src=\"https:\/\/www.europesays.com\/lv\/wp-content\/uploads\/2026\/01\/17383591t1h9c31.jpg\"  onload=\"this.parentElement.classList.remove('figure__image-loading')\" alt=\"S\u0101ra D\u017eesika P\u0101rkere.\"\/>S\u0101ra D\u017eesika P\u0101rkere. Foto: AP\/Scanpix<\/p>\n<p>Savus aizkustino\u0161o runu aktrise nosl\u0113dza, pateicoties v\u012bram Metj\u016b Broderikam un vi\u0146u trim b\u0113rniem \u2013 d\u0113lam D\u017eeimsam, k\u0101 ar\u012b dv\u012bn\u0113m Tabitai un Marionai.<\/p>\n<p>Pirmo balvu sa\u0146\u0113ma Kerola B\u0113rneta 2019. gad\u0101, Elena Ded\u017eeneresa 2020. gad\u0101, Normans L\u012brs 2021. gad\u0101, Raiens M\u0113rfijs 2022. un Teds Dansons 2023 gad\u0101.<\/p>\n","protected":false},"excerpt":{"rendered":"S\u0101ru D\u017eesiku P\u0101rkeri uz skatuves pieteica p\u0113rn\u0101 gada balvas sa\u0146\u0113m\u0113js Teds Dansons, bet goda apbalvojumu pasniedza S\u0101ras v\u012brs&hellip;\n","protected":false},"author":2,"featured_media":101885,"comment_status":"","ping_status":"","sticky":false,"template":"","format":"standard","meta":{"footnotes":""},"categories":[19],"tags":[89,24792,90,35,39,38,36,37,34,40,6244,17864],"class_list":{"0":"post-101884","1":"post","2":"type-post","3":"status-publish","4":"format-standard","5":"has-post-thumbnail","7":"category-izklaide","8":"tag-entertainment","9":"tag-golden-globes","10":"tag-izklaide","11":"tag-latvia","12":"tag-latvian","13":"tag-latviesu","14":"tag-latviesu-valoda","15":"tag-latviesuvaloda","16":"tag-latvija","17":"tag-lv","18":"tag-sara-dzesika-parkere","19":"tag-zelta-globuss"},"share_on_mastodon":{"url":"https:\/\/pubeurope.com\/@lv\/115881478867736389","error":""},"_links":{"self":[{"href":"https:\/\/www.europesays.com\/lv\/wp-json\/wp\/v2\/posts\/101884","targetHints":{"allow":["GET"]}}],"collection":[{"href":"https:\/\/www.europesays.com\/lv\/wp-json\/wp\/v2\/posts"}],"about":[{"href":"https:\/\/www.europesays.com\/lv\/wp-json\/wp\/v2\/types\/post"}],"author":[{"embeddable":true,"href":"https:\/\/www.europesays.com\/lv\/wp-json\/wp\/v2\/users\/2"}],"replies":[{"embeddable":true,"href":"https:\/\/www.europesays.com\/lv\/wp-json\/wp\/v2\/comments?post=101884"}],"version-history":[{"count":0,"href":"https:\/\/www.europesays.com\/lv\/wp-json\/wp\/v2\/posts\/101884\/revisions"}],"wp:featuredmedia":[{"embeddable":true,"href":"https:\/\/www.europesays.com\/lv\/wp-json\/wp\/v2\/media\/101885"}],"wp:attachment":[{"href":"https:\/\/www.europesays.com\/lv\/wp-json\/wp\/v2\/media?parent=101884"}],"wp:term":[{"taxonomy":"category","embeddable":true,"href":"https:\/\/www.europesays.com\/lv\/wp-json\/wp\/v2\/categories?post=101884"},{"taxonomy":"post_tag","embeddable":true,"href":"https:\/\/www.europesays.com\/lv\/wp-json\/wp\/v2\/tags?post=101884"}],"curies":[{"name":"wp","href":"https:\/\/api.w.org\/{rel}","templated":true}]}}