{"id":101886,"date":"2026-01-12T09:45:21","date_gmt":"2026-01-12T09:45:21","guid":{"rendered":"https:\/\/www.europesays.com\/lv\/101886\/"},"modified":"2026-01-12T09:45:21","modified_gmt":"2026-01-12T09:45:21","slug":"krievijas-ekonomiska-krize-piespiedis-putinu-meklet-mieru-ukraina-lente-lv","status":"publish","type":"post","link":"https:\/\/www.europesays.com\/lv\/101886\/","title":{"rendered":"Krievijas ekonomisk\u0101 kr\u012bze piespied\u012bs Putinu mekl\u0113t mieru Ukrain\u0101\u00a0\u2014\u00a0Lente.lv"},"content":{"rendered":"<p>Polijas nost\u0101ja kara izbeig\u0161an\u0101<\/p>\n<p>Polijas \u0101rlietu ministrs Radoslavs Sikorskis paudis p\u0101rliec\u012bbu, ka Krievijas ekonomikas turpm\u0101ka pasliktin\u0101\u0161an\u0101s piespied\u012bs Vladimiru Putinu mekl\u0113t risin\u0101jumus miera sarun\u0101m ar Ukrainu. K\u0101 zi\u0146o Latvijas Av\u012bze, ministrs uzskata, ka Krievijas pl\u0101ni piln\u012bb\u0101 sagr\u0101bt Ukrainu ir nere\u0101li, un taisn\u012bgas beigas karam iesp\u0113jamas tikai tad, ja Krievijas elite saprat\u012bs savu k\u013c\u016bdu.<\/p>\n<p>Sikorskis intervij\u0101 TVP World nor\u0101d\u012bjis, ka Rietumiem nevajadz\u0113tu piek\u0101pties kompromisos ar Krieviju attiec\u012bb\u0101 uz kara izbeig\u0161anu, jo tas var\u0113tu mudin\u0101t Krieviju atk\u0101rtoti iebrukt Ukrainas teritorij\u0101 n\u0101kotn\u0113.<\/p>\n<p>Krievijas ekonomikas prognozes<\/p>\n<p>Neatkar\u012bgi anal\u012bti\u0137i un ekonomisti prognoz\u0113 Krievijas ekonomikas recesiju 2026. gad\u0101. Tiek prognoz\u0113ts, ka bud\u017eeta defic\u012bts pieaugs, samazinoties naftas un g\u0101zes ie\u0146\u0113mumiem, kas piespied\u012bs Krievijas vald\u012bbai p\u0101rskat\u012bt bud\u017eetu. Eksperti nor\u0101da, ka ekonomisk\u0101 situ\u0101cija Krievij\u0101 pasliktin\u0101sies, ko apliecina ar\u012b samazin\u0101jies eksports uz NVS valst\u012bm, \u012bpa\u0161i uz Krieviju, kas liecina par iedz\u012bvot\u0101ju pirktsp\u0113jas kritumu un v\u0101j\u0101ku \u0101r\u0113jo piepras\u012bjumu.<\/p>\n<p>Jauna bru\u0146o\u0161an\u0101s sacens\u012bba un t\u0101s sekas<\/p>\n<p>Jau iepriek\u0161 Polijas \u0101rlietu ministrs Radoslavs Sikorskis ir nor\u0101d\u012bjis, ka jauna bru\u0146o\u0161an\u0101s sacens\u012bba var\u0113tu novest pie Krievijas diktatora Vladimira Putina re\u017e\u012bma kri\u0161anas, l\u012bdz\u012bgi k\u0101 tas notika ar Padomju Savien\u012bbu. Vi\u0146\u0161 sal\u012bdzin\u0101ja Putina r\u012bc\u012bbu ar Padomju Savien\u012bbas l\u012bderu ce\u013cu, kuri p\u0101rm\u0113r\u012bgi t\u0113r\u0113ja aizsardz\u012bbai, kas galu gal\u0101 noveda pie imp\u0113rijas sabrukuma. Sikorskis ar\u012b atz\u012bm\u0113jis, ka Krievija, palielinot savus aizsardz\u012bbas izdevumus un bied\u0113jot Rietumus, piespie\u017e NATO dal\u012bbvalstis palielin\u0101t savus aizsardz\u012bbas bud\u017eetus, t\u0101d\u0113j\u0101di radot ekonomisku spiedienu uz Krieviju.<\/p>\n<p>Ukrainas notur\u012bba un Rietumu atbalsts<\/p>\n<p>Polijas \u0101rlietu ministrs ar\u012b paudis p\u0101rliec\u012bbu, ka Ukraina sp\u0113j turpin\u0101t aizsardz\u012bbas karu v\u0113l divus l\u012bdz tr\u012bs gadus, ta\u010du \u0161aub\u0101s par Vladimira Putina sp\u0113ju iztur\u0113t tik ilgu konfliktu. Sikorskis uzsv\u0113ris Ukrainas tautas gribas sp\u0113ku un nenoliedzamo v\u0113lmi aizst\u0101v\u0113t savu suverenit\u0101ti. Vienlaikus vi\u0146\u0161 atzinis, ka Ukrainas sp\u0113ja turpin\u0101t c\u012b\u0146u ir cie\u0161i saist\u012bta ar nep\u0101rtrauktu un stabilu Rietumu valstu milit\u0101ro un finansi\u0101lo atbalstu.<\/p>\n<p>Putina re\u017e\u012bma n\u0101kotne un \u0136\u012bnas vasa\u013cvalsts statuss<\/p>\n<p>Sikorskis pie\u013cauj, ka ilgsto\u0161s kar\u0161 rad\u012bs arvien liel\u0101kas iek\u0161\u0113jas probl\u0113mas Krievijas diktatora Vladimira Putina re\u017e\u012bmam, kas var\u0113tu novest pie t\u0101 nestabilit\u0101tes. Vi\u0146\u0161 ar\u012b nor\u0101d\u012bjis, ka Putins izv\u0113l\u0113jies k\u013c\u016bt par \u0136\u012bnas vasali, nevis Rietumu sabiedroto, kas liecina par vi\u0146a ideolo\u0123isko nost\u0101ju un v\u012bziju par glob\u0101lo varu. \u0160\u0101da att\u012bst\u012bba, p\u0113c ministra dom\u0101m, ir satrauco\u0161a ne tikai re\u0123ion\u0101l\u0101s, bet ar\u012b glob\u0101l\u0101s dro\u0161\u012bbas kontekst\u0101, jo t\u0101 maina pasaules varas l\u012bdzsvaru.<\/p>\n","protected":false},"excerpt":{"rendered":"Polijas nost\u0101ja kara izbeig\u0161an\u0101 Polijas \u0101rlietu ministrs Radoslavs Sikorskis paudis p\u0101rliec\u012bbu, ka Krievijas ekonomikas turpm\u0101ka pasliktin\u0101\u0161an\u0101s piespied\u012bs Vladimiru&hellip;\n","protected":false},"author":2,"featured_media":101887,"comment_status":"","ping_status":"","sticky":false,"template":"","format":"standard","meta":{"footnotes":""},"categories":[14],"tags":[23,57,28,29,32,33,22,18984,30,31,35,39,38,36,37,34,40,20,72,26,27,15356,24,25,3113,235,54,55,56,21,58],"class_list":{"0":"post-101886","1":"post","2":"type-post","3":"status-publish","4":"format-standard","5":"has-post-thumbnail","7":"category-zinas-no-arvalstim","8":"tag-aktualitates","9":"tag-arvalstim","10":"tag-breaking-news","11":"tag-breakingnews","12":"tag-featured-news","13":"tag-featurednews","14":"tag-headlines","15":"tag-krievijas-ekonomika","16":"tag-latest-news","17":"tag-latestnews","18":"tag-latvia","19":"tag-latvian","20":"tag-latviesu","21":"tag-latviesu-valoda","22":"tag-latviesuvaloda","23":"tag-latvija","24":"tag-lv","25":"tag-news","26":"tag-polija","27":"tag-popularakas-zinas","28":"tag-popularakaszinas","29":"tag-radoslavs-sikorskis","30":"tag-top-stories","31":"tag-topstories","32":"tag-ukrainas-kars","33":"tag-vladimirs-putins","34":"tag-world","35":"tag-world-news","36":"tag-worldnews","37":"tag-zinas","38":"tag-zinas-no-arvalstim"},"share_on_mastodon":{"url":"https:\/\/pubeurope.com\/@lv\/115881490943997351","error":""},"_links":{"self":[{"href":"https:\/\/www.europesays.com\/lv\/wp-json\/wp\/v2\/posts\/101886","targetHints":{"allow":["GET"]}}],"collection":[{"href":"https:\/\/www.europesays.com\/lv\/wp-json\/wp\/v2\/posts"}],"about":[{"href":"https:\/\/www.europesays.com\/lv\/wp-json\/wp\/v2\/types\/post"}],"author":[{"embeddable":true,"href":"https:\/\/www.europesays.com\/lv\/wp-json\/wp\/v2\/users\/2"}],"replies":[{"embeddable":true,"href":"https:\/\/www.europesays.com\/lv\/wp-json\/wp\/v2\/comments?post=101886"}],"version-history":[{"count":0,"href":"https:\/\/www.europesays.com\/lv\/wp-json\/wp\/v2\/posts\/101886\/revisions"}],"wp:featuredmedia":[{"embeddable":true,"href":"https:\/\/www.europesays.com\/lv\/wp-json\/wp\/v2\/media\/101887"}],"wp:attachment":[{"href":"https:\/\/www.europesays.com\/lv\/wp-json\/wp\/v2\/media?parent=101886"}],"wp:term":[{"taxonomy":"category","embeddable":true,"href":"https:\/\/www.europesays.com\/lv\/wp-json\/wp\/v2\/categories?post=101886"},{"taxonomy":"post_tag","embeddable":true,"href":"https:\/\/www.europesays.com\/lv\/wp-json\/wp\/v2\/tags?post=101886"}],"curies":[{"name":"wp","href":"https:\/\/api.w.org\/{rel}","templated":true}]}}