{"id":101890,"date":"2026-01-12T09:47:19","date_gmt":"2026-01-12T09:47:19","guid":{"rendered":"https:\/\/www.europesays.com\/lv\/101890\/"},"modified":"2026-01-12T09:47:19","modified_gmt":"2026-01-12T09:47:19","slug":"vai-airbaltic-ir-biznesa-klase-aviokompanija-atbild-uz-pasaziera-pretenzijam","status":"publish","type":"post","link":"https:\/\/www.europesays.com\/lv\/101890\/","title":{"rendered":"Vai &#8220;airBaltic&#8221; ir biznesa klase? Aviokomp\u0101nija atbild uz pasa\u017eiera pretenzij\u0101m"},"content":{"rendered":"<p>\u201cForm\u0101li aviokomp\u0101nijai ir biznesa klase, ta\u010du paties\u012bb\u0101 t\u0101 nek\u0101di neat\u0161\u0137iras no parastaj\u0101m ekonomisk\u0101s klases viet\u0101m: t\u0101s pa\u0161as s\u0113dvietas, t\u0101ds pats salona pl\u0101nojums un tas pats komforta l\u012bmenis,\u201d nor\u0101da las\u012bt\u0101js. Vi\u0146\u0161 apgalvo, ka \u201cairBaltic\u201d biznesa klases vietas bie\u017ei paliek tuk\u0161as, un, p\u0113c vi\u0146a dom\u0101m, tas liecina, ka \u201ctirgus balso pret \u0161\u0101du pieeju\u201d.<\/p>\n<p>Lai noskaidrotu, vai \u0161im apgalvojumam ir pamats, m\u0113s uzdev\u0101m jaut\u0101jumus aviokomp\u0101nijai un veic\u0101m ar\u012b nelielu p\u0113t\u012bjumu.<\/p>\n","protected":false},"excerpt":{"rendered":"\u201cForm\u0101li aviokomp\u0101nijai ir biznesa klase, ta\u010du paties\u012bb\u0101 t\u0101 nek\u0101di neat\u0161\u0137iras no parastaj\u0101m ekonomisk\u0101s klases viet\u0101m: t\u0101s pa\u0161as s\u0113dvietas,&hellip;\n","protected":false},"author":2,"featured_media":101891,"comment_status":"","ping_status":"","sticky":false,"template":"","format":"standard","meta":{"footnotes":""},"categories":[5],"tags":[3307,3308,23,1807,1806,1805,28,29,32,33,22,30,31,35,39,38,36,37,34,40,20,26,27,24,25,4882,3149,21],"class_list":{"0":"post-101890","1":"post","2":"type-post","3":"status-publish","4":"format-standard","5":"has-post-thumbnail","7":"category-aktualitates","8":"tag-airbaltic","9":"tag-airbaltic-lidmasina","10":"tag-aktualitates","11":"tag-avioindustrija","12":"tag-aviokompanijas","13":"tag-aviotransports","14":"tag-breaking-news","15":"tag-breakingnews","16":"tag-featured-news","17":"tag-featurednews","18":"tag-headlines","19":"tag-latest-news","20":"tag-latestnews","21":"tag-latvia","22":"tag-latvian","23":"tag-latviesu","24":"tag-latviesu-valoda","25":"tag-latviesuvaloda","26":"tag-latvija","27":"tag-lv","28":"tag-news","29":"tag-popularakas-zinas","30":"tag-popularakaszinas","31":"tag-top-stories","32":"tag-topstories","33":"tag-transports-un-logistika","34":"tag-tvnet-bizness","35":"tag-zinas"},"share_on_mastodon":{"url":"https:\/\/pubeurope.com\/@lv\/115881498634471192","error":""},"_links":{"self":[{"href":"https:\/\/www.europesays.com\/lv\/wp-json\/wp\/v2\/posts\/101890","targetHints":{"allow":["GET"]}}],"collection":[{"href":"https:\/\/www.europesays.com\/lv\/wp-json\/wp\/v2\/posts"}],"about":[{"href":"https:\/\/www.europesays.com\/lv\/wp-json\/wp\/v2\/types\/post"}],"author":[{"embeddable":true,"href":"https:\/\/www.europesays.com\/lv\/wp-json\/wp\/v2\/users\/2"}],"replies":[{"embeddable":true,"href":"https:\/\/www.europesays.com\/lv\/wp-json\/wp\/v2\/comments?post=101890"}],"version-history":[{"count":0,"href":"https:\/\/www.europesays.com\/lv\/wp-json\/wp\/v2\/posts\/101890\/revisions"}],"wp:featuredmedia":[{"embeddable":true,"href":"https:\/\/www.europesays.com\/lv\/wp-json\/wp\/v2\/media\/101891"}],"wp:attachment":[{"href":"https:\/\/www.europesays.com\/lv\/wp-json\/wp\/v2\/media?parent=101890"}],"wp:term":[{"taxonomy":"category","embeddable":true,"href":"https:\/\/www.europesays.com\/lv\/wp-json\/wp\/v2\/categories?post=101890"},{"taxonomy":"post_tag","embeddable":true,"href":"https:\/\/www.europesays.com\/lv\/wp-json\/wp\/v2\/tags?post=101890"}],"curies":[{"name":"wp","href":"https:\/\/api.w.org\/{rel}","templated":true}]}}