{"id":101907,"date":"2026-01-12T10:02:11","date_gmt":"2026-01-12T10:02:11","guid":{"rendered":"https:\/\/www.europesays.com\/lv\/101907\/"},"modified":"2026-01-12T10:02:11","modified_gmt":"2026-01-12T10:02:11","slug":"radusas-bazas-par-norisem-instagram","status":"publish","type":"post","link":"https:\/\/www.europesays.com\/lv\/101907\/","title":{"rendered":"Radu\u0161\u0101s ba\u017eas par noris\u0113m &#8220;Instagram&#8221;"},"content":{"rendered":"<p>Radu\u0161\u0101s ba\u017eas par iesp\u0113jamu &#8220;Instagram&#8221; lietot\u0101ju nopl\u016bdi, ta\u010du tehnolo\u0123iju gigants &#8220;Meta&#8221; to noliedz. Uz\u0146\u0113mums uzsver, ka ir nov\u0113rsis &#8220;<a rel=\"noopener nofollow\" target=\"_blank\" href=\"https:\/\/www.delfi.lv\/temas\/44862524\/instagram\" tag-id=\"44862524\">Instagram<\/a>&#8221; programmat\u016br\u0101 pie\u013cauto k\u013c\u016bdu, kas \u013c\u0101va tre\u0161aj\u0101m person\u0101m \u0123ener\u0113t paroles atjauno\u0161anas e-pastus, bet noliedza, ka notikusi lietot\u0101ju personas datu z\u0101dz\u012bba, raksta \u0101rvalstu mediji.<\/p>\n<p>Nesen dro\u0161\u012bbas programmat\u016bras izstr\u0101d\u0101t\u0101js &#8220;Malwarebytes&#8221; pazi\u0146oja, ka kibernoziedznieki ir nozagu\u0161i 17,5 miljonu &#8220;Instagram&#8221; kontu konfidenci\u0101lo inform\u0101ciju, tostarp lietot\u0101jv\u0101rdus, fizisk\u0101s adreses, t\u0101lru\u0146a numurus, e-pasta adreses un citu inform\u0101ciju. <\/p>\n<p>Port\u0101ls &#8220;The Register&#8221; skaidro, ka &#8220;Malwarebytes&#8221;, visticam\u0101k, atsauc\u0101s uz datu kopu, kas public\u0113ta slavenaj\u0101 datu nopl\u016bdes vietn\u0113 &#8220;BreachForums&#8221;, kur lietot\u0101js public\u0113ja vair\u0101k nek\u0101 17 miljonu &#8220;Instagram&#8221; lietot\u0101ju personisko inform\u0101ciju un apgalvoja, ka t\u0101 ir 2024. gad\u0101 atkl\u0101t\u0101s API nopl\u016bdes rezult\u0101ts.<\/p>\n<p class=\"m-0\">Seko &#8220;Delfi&#8221; ar\u012b  <a target=\"_blank\" href=\"https:\/\/www.instagram.com\/delfi.lv\/\" rel=\"nofollow noopener\">Instagram<\/a>  un <a target=\"_blank\" href=\"https:\/\/www.youtube.com\/channel\/UCw5foWtcJvAbUm64rv7jwUQ\" rel=\"nofollow noopener\">YouTube<\/a>  profil\u0101 \u2013 pievienojies, lai uzzin\u0101tu svar\u012bg\u0101ko un interesant\u0101ko pirmais!<\/p>\n<p>Publik\u0101cijas saturs vai t\u0101s jebk\u0101da apjoma da\u013ca ir aizsarg\u0101ts autorties\u012bbu objekts Autorties\u012bbu likuma izpratn\u0113, un t\u0101 izmanto\u0161ana bez izdev\u0113ja at\u013caujas ir aizliegta. Vair\u0101k lasi  <a target=\"_blank\" href=\"https:\/\/www.delfi.lv\/noteikumi#autortiesibas\" rel=\"nofollow noopener\">\u0161eit<\/a><script async src=\"\/\/www.instagram.com\/embed.js\"><\/script><\/p>\n","protected":false},"excerpt":{"rendered":"Radu\u0161\u0101s ba\u017eas par iesp\u0113jamu &#8220;Instagram&#8221; lietot\u0101ju nopl\u016bdi, ta\u010du tehnolo\u0123iju gigants &#8220;Meta&#8221; to noliedz. Uz\u0146\u0113mums uzsver, ka ir nov\u0113rsis&hellip;\n","protected":false},"author":2,"featured_media":101908,"comment_status":"","ping_status":"","sticky":false,"template":"","format":"standard","meta":{"footnotes":""},"categories":[16],"tags":[77,76,174,35,39,38,36,37,34,40],"class_list":{"0":"post-101907","1":"post","2":"type-post","3":"status-publish","4":"format-standard","5":"has-post-thumbnail","7":"category-bizness","8":"tag-bizness","9":"tag-business","10":"tag-instagram","11":"tag-latvia","12":"tag-latvian","13":"tag-latviesu","14":"tag-latviesu-valoda","15":"tag-latviesuvaloda","16":"tag-latvija","17":"tag-lv"},"share_on_mastodon":{"url":"https:\/\/pubeurope.com\/@lv\/115881557550447253","error":""},"_links":{"self":[{"href":"https:\/\/www.europesays.com\/lv\/wp-json\/wp\/v2\/posts\/101907","targetHints":{"allow":["GET"]}}],"collection":[{"href":"https:\/\/www.europesays.com\/lv\/wp-json\/wp\/v2\/posts"}],"about":[{"href":"https:\/\/www.europesays.com\/lv\/wp-json\/wp\/v2\/types\/post"}],"author":[{"embeddable":true,"href":"https:\/\/www.europesays.com\/lv\/wp-json\/wp\/v2\/users\/2"}],"replies":[{"embeddable":true,"href":"https:\/\/www.europesays.com\/lv\/wp-json\/wp\/v2\/comments?post=101907"}],"version-history":[{"count":0,"href":"https:\/\/www.europesays.com\/lv\/wp-json\/wp\/v2\/posts\/101907\/revisions"}],"wp:featuredmedia":[{"embeddable":true,"href":"https:\/\/www.europesays.com\/lv\/wp-json\/wp\/v2\/media\/101908"}],"wp:attachment":[{"href":"https:\/\/www.europesays.com\/lv\/wp-json\/wp\/v2\/media?parent=101907"}],"wp:term":[{"taxonomy":"category","embeddable":true,"href":"https:\/\/www.europesays.com\/lv\/wp-json\/wp\/v2\/categories?post=101907"},{"taxonomy":"post_tag","embeddable":true,"href":"https:\/\/www.europesays.com\/lv\/wp-json\/wp\/v2\/tags?post=101907"}],"curies":[{"name":"wp","href":"https:\/\/api.w.org\/{rel}","templated":true}]}}