{"id":101909,"date":"2026-01-12T10:04:05","date_gmt":"2026-01-12T10:04:05","guid":{"rendered":"https:\/\/www.europesays.com\/lv\/101909\/"},"modified":"2026-01-12T10:04:05","modified_gmt":"2026-01-12T10:04:05","slug":"projekta-turisma-piedavajuma-attistiba-selija-weekend-in-village-ll-00132-ietvaros-istenota-projekta-aktivitate-selpils-pils-ara-maketa-izstrade-un-uzstadisana-zvejnieklici-selpils-pagasta-jeka","status":"publish","type":"post","link":"https:\/\/www.europesays.com\/lv\/101909\/","title":{"rendered":"Projekta T\u016brisma pied\u0101v\u0101juma att\u012bst\u012bba S\u0113lij\u0101 \/ Weekend in Village (LL-00132) ietvaros \u012bstenota projekta aktivit\u0101te &#8220;S\u0113lpils pils \u0101ra maketa izstr\u0101de un uzst\u0101d\u012b\u0161ana Zvejniekl\u012bc\u012b, S\u0113lpils pagast\u0101, J\u0113kabpils novad\u0101&#8221;"},"content":{"rendered":"<p class=\"MsoNormal\">2025. gada nogal\u0113 Zvejniekl\u012bc\u012b uzst\u0101d\u012bts makets, kas atspogu\u013co S\u0113lpils pili 3D model\u012b. St\u0101vot pie maketa var v\u0113rot salu Daugav\u0101, kur pils reiz atrad\u0101s. S\u0113lpils pils v\u0113sturisk\u0101 maketa izveid\u0113 izmantots 1704. gada z\u012bm\u0113jums un dati no 2022. gad\u0101 veikt\u0101s S\u0113lpils pilskalna un viduslaiku pils arhitektonisk\u0101s izp\u0113tes.<\/p>\n<p class=\"MsoNormal\">S\u0113lpils pils \u0101ra maketa izstr\u0101de un uzst\u0101d\u012b\u0161ana Zvejniekl\u012bc\u012b, S\u0113lpils pagast\u0101, J\u0113kabpils novad\u0101 ir viena no aktivit\u0101t\u0113m, kas veikta\u00a0Interreg VI-A Latvijas-Lietuvas programmas 2021. -2027. gadam projekta T\u016brisma pied\u0101v\u0101juma att\u012bst\u012bba S\u0113lij\u0101 \/ Weekend in Village (LL-00132)\u00a0ietvaros. Projekta m\u0113r\u0137is ir izveidot jaunu, m\u016bsdien\u012bgu, interakt\u012bvu t\u016brisma pied\u0101v\u0101jumu &#8220;Weekend in Village&#8221;, papla\u0161inot t\u016brisma pied\u0101v\u0101jumu un veicinot iedz\u012bvot\u0101ju zin\u0101\u0161anas par v\u0113sturisko S\u0113liju un s\u0113\u013ciem p\u0101rrobe\u017eu l\u012bmen\u012b.\u00a0Projekta kop\u0113jais finans\u0113jums ir 665 157,31 EUR (t.sk. J\u0113kabpils novada pa\u0161vald\u012bbas finans\u0113jums ir 210 024,17\u00a0 EUR).<\/p>\n<p class=\"MsoNormal\">Vair\u0101k par projektu iesp\u0113jams uzzin\u0101t:\u00a0<\/p>\n<p class=\"MsoNormal\"><a href=\"https:\/\/www.jekabpils.lv\/lv\/projekts\/turisma-piedavajuma-attistiba-selija-tourism-offer-development-selonia-region\" rel=\"nofollow noopener\" target=\"_blank\">https:\/\/www.jekabpils.lv\/lv\/projekts\/turisma-piedavajuma-attistiba-selija-tourism-offer-development-selonia-region<\/a><\/p>\n<p class=\"text-align-center\">\u0160\u012b publik\u0101cija ir sagatavota ar Eiropas Savien\u012bbas finansi\u0101lo atbalstu. Par \u0161\u012bs publik\u0101cijas saturu piln\u012bb\u0101 atbild J\u0113kabpils novada pa\u0161vald\u012bba, un t\u0101 nek\u0101dos apst\u0101k\u013cos nav uzskat\u0101ma par Eiropas Savien\u012bbas ofici\u0101lo nost\u0101ju.<\/p>\n","protected":false},"excerpt":{"rendered":"2025. gada nogal\u0113 Zvejniekl\u012bc\u012b uzst\u0101d\u012bts makets, kas atspogu\u013co S\u0113lpils pili 3D model\u012b. St\u0101vot pie maketa var v\u0113rot salu&hellip;\n","protected":false},"author":2,"featured_media":101910,"comment_status":"","ping_status":"","sticky":false,"template":"","format":"standard","meta":{"footnotes":""},"categories":[12],"tags":[23,28,29,32,33,22,30,31,35,39,38,36,37,34,40,20,26,27,24,25,21],"class_list":{"0":"post-101909","1":"post","2":"type-post","3":"status-publish","4":"format-standard","5":"has-post-thumbnail","7":"category-latvija","8":"tag-aktualitates","9":"tag-breaking-news","10":"tag-breakingnews","11":"tag-featured-news","12":"tag-featurednews","13":"tag-headlines","14":"tag-latest-news","15":"tag-latestnews","16":"tag-latvia","17":"tag-latvian","18":"tag-latviesu","19":"tag-latviesu-valoda","20":"tag-latviesuvaloda","21":"tag-latvija","22":"tag-lv","23":"tag-news","24":"tag-popularakas-zinas","25":"tag-popularakaszinas","26":"tag-top-stories","27":"tag-topstories","28":"tag-zinas"},"share_on_mastodon":{"url":"https:\/\/pubeurope.com\/@lv\/115881565497052888","error":""},"_links":{"self":[{"href":"https:\/\/www.europesays.com\/lv\/wp-json\/wp\/v2\/posts\/101909","targetHints":{"allow":["GET"]}}],"collection":[{"href":"https:\/\/www.europesays.com\/lv\/wp-json\/wp\/v2\/posts"}],"about":[{"href":"https:\/\/www.europesays.com\/lv\/wp-json\/wp\/v2\/types\/post"}],"author":[{"embeddable":true,"href":"https:\/\/www.europesays.com\/lv\/wp-json\/wp\/v2\/users\/2"}],"replies":[{"embeddable":true,"href":"https:\/\/www.europesays.com\/lv\/wp-json\/wp\/v2\/comments?post=101909"}],"version-history":[{"count":0,"href":"https:\/\/www.europesays.com\/lv\/wp-json\/wp\/v2\/posts\/101909\/revisions"}],"wp:featuredmedia":[{"embeddable":true,"href":"https:\/\/www.europesays.com\/lv\/wp-json\/wp\/v2\/media\/101910"}],"wp:attachment":[{"href":"https:\/\/www.europesays.com\/lv\/wp-json\/wp\/v2\/media?parent=101909"}],"wp:term":[{"taxonomy":"category","embeddable":true,"href":"https:\/\/www.europesays.com\/lv\/wp-json\/wp\/v2\/categories?post=101909"},{"taxonomy":"post_tag","embeddable":true,"href":"https:\/\/www.europesays.com\/lv\/wp-json\/wp\/v2\/tags?post=101909"}],"curies":[{"name":"wp","href":"https:\/\/api.w.org\/{rel}","templated":true}]}}