{"id":101921,"date":"2026-01-12T10:11:06","date_gmt":"2026-01-12T10:11:06","guid":{"rendered":"https:\/\/www.europesays.com\/lv\/101921\/"},"modified":"2026-01-12T10:11:06","modified_gmt":"2026-01-12T10:11:06","slug":"silina-saeimai-jaatgriezas-pie-kartelu-jautajuma-risinasanas-dienas-bizness","status":"publish","type":"post","link":"https:\/\/www.europesays.com\/lv\/101921\/","title":{"rendered":"Sili\u0146a: Saeimai j\u0101atgrie\u017eas pie karte\u013cu jaut\u0101juma risin\u0101\u0161anas :: Dienas Bizness"},"content":{"rendered":"<p class=\"text-font font-size--text-xlarge margin-3--bottom font-weight--bold padding-1--top\">Saeimai ir j\u0101atgrie\u017eas pie karte\u013cu jaut\u0101juma risin\u0101\u0161anas, tviter\u012b pazi\u0146ojusi Ministru prezidente Evika Sili\u0146a (JV).<\/p>\n<p class=\"text-font font-size--text-xlarge margin-3--bottom\">Vi\u0146a inform\u0113, ka ir vienojusies ar Saeimas Juridisk\u0101s komisijas vad\u012bt\u0101ju Andreju Judinu (JV), ka \u0161is jaut\u0101jums tiks atk\u0101rtoti skat\u012bts jau tuv\u0101kaj\u0101 laik\u0101. &#8220;Te svar\u012bga diskusija gan par eso\u0161o normu piem\u0113ro\u0161anu ties\u0101, gan par atbild\u012bbas pastiprin\u0101\u0161anu,&#8221; uzsver premjere.<\/p>\n<p class=\"text-font font-size--text-xlarge margin-3--bottom\">Sili\u0146a ar\u012b apgalvo, ka &#8220;Jaun\u0101 vienot\u012bba&#8221; jau iepriek\u0161 ir virz\u012bjusi priek\u0161likumu, ka par aizliegto vieno\u0161anos k\u0101 smag\u0101ko konkurences ties\u012bbu p\u0101rk\u0101pumu nepiecie\u0161ama krimin\u0101latbild\u012bba.<\/p>\n<p class=\"text-font font-size--text-xlarge margin-3--bottom\">Jau zi\u0146ots, ka Augst\u0101k\u0101 tiesa (AT) ir atc\u0113lusi Administrat\u012bv\u0101s apgabaltiesas spriedumu, ar kuru bija noraid\u012bti b\u016bvniec\u012bbas komercsabiedr\u012bbu pieteikumi par Konkurences padomes (KP) l\u0113muma atcel\u0161anu, un nodevusi lietu jaunai izskat\u012b\u0161anai Administrat\u012bvaj\u0101 apgabalties\u0101.<\/p>\n<p class=\"text-font font-size--text-xlarge margin-3--bottom\">AT a\u0123ent\u016bru LETA inform\u0113, ka gan KP, gan Administrat\u012bv\u0101 apgabaltiesa, lai pier\u0101d\u012btu pieteic\u0113ju izdar\u012bto konkurences ties\u012bbu p\u0101rk\u0101pumu, neat\u013cauti izmantoju\u0161as Korupcijas nov\u0113r\u0161anas un apkaro\u0161anas biroja (KNAB) veiktaj\u0101 operat\u012bv\u0101s darb\u012bbas pas\u0101kum\u0101 ieg\u016bto inform\u0101ciju, proti, slepeni noklaus\u012btu sarunu ierakstus un to at\u0161ifr\u0113jumus.<\/p>\n<p class=\"text-font font-size--text-xlarge margin-3--bottom\">Tiesa uzsv\u0113rusi, ka t\u0101da konkurences ties\u012bbu p\u0101rk\u0101puma k\u0101 karte\u013ca vieno\u0161an\u0101s atkl\u0101\u0161ana neiek\u013caujas Operat\u012bv\u0101s darb\u012bbas likum\u0101 izsme\u013co\u0161i uzskait\u012btajos m\u0113r\u0137os un uzdevumos, kuru sasnieg\u0161anai pie\u013caujams izmantot sevi\u0161\u0137\u0101 veid\u0101 veicam\u0101 operat\u012bv\u0101s darb\u012bbas pas\u0101kum\u0101 ieg\u016bto inform\u0101ciju.<\/p>\n<p class=\"text-font font-size--text-xlarge margin-3--bottom\">AT atzinusi, ka \u0161\u0101du inform\u0101ciju, pat ja t\u0101 ir pievienota krimin\u0101lprocesa materi\u0101liem, nevar br\u012bvi nodot t\u0101l\u0101k izmanto\u0161anai t\u0101diem m\u0113r\u0137iem, kas nav saist\u012bti ar operat\u012bv\u0101s darb\u012bbas uzdevumiem. Pret\u0113j\u0101 gad\u012bjum\u0101 tas pav\u0113rtu pla\u0161u un nekontrol\u0113tu iesp\u0113ju operat\u012bv\u0101s darb\u012bbas rezult\u0101t\u0101 ieg\u016bto inform\u0101ciju, neierobe\u017eojot datu veidu un apjomu, caur krimin\u0101lprocesu nodot nenoteiktam sa\u0146\u0113m\u0113ju lokam izmanto\u0161anai faktiski jebkur\u0101 cit\u0101 proces\u0101, kur\u0101 t\u0101 it k\u0101 b\u016btu nepiecie\u0161ama. Tas ac\u012bmredzami rad\u012btu b\u016btisku patva\u013c\u012bgas iejauk\u0161an\u0101s un pilnvaru \u013caunpr\u0101t\u012bgas izmanto\u0161anas risku un neatbilstu likuma kvalit\u0101tes krit\u0113rijam attiec\u012bb\u0101 uz paredzam\u012bbu, p\u0101rliecin\u0101ta tiesa.<\/p>\n<p class=\"text-font font-size--text-xlarge margin-3--bottom\">AT uzsv\u0113rusi, ka operat\u012bv\u0101s darb\u012bbas pas\u0101kuma rezult\u0101t\u0101 ieg\u016bt\u0101 inform\u0101cija ar\u012b p\u0113c t\u0101s pievieno\u0161anas krimin\u0101lprocesa materi\u0101liem, k\u0101 tas bija noticis izskat\u0101maj\u0101 gad\u012bjum\u0101, saglab\u0101 \u012bpa\u0161o tiesisko statusu un izmanto\u0161anas ierobe\u017eojumus.<\/p>\n<p class=\"text-font font-size--text-xlarge margin-3--bottom\">Turkl\u0101t AT judikat\u016br\u0101 jau agr\u0101k atz\u012bts, ka operat\u012bv\u0101 sarunu noklaus\u012b\u0161an\u0101s ir veicama vien\u012bgi, lai atkl\u0101tu noziegumus, bet ne krimin\u0101lp\u0101rk\u0101pumus. T\u0101 k\u0101 likumdev\u0113js ir vair\u0101kk\u0101rt apzin\u0101ti noraid\u012bjis iesp\u0113ju kriminaliz\u0113t darb\u012bbas, kas attiecas uz aizliegtu vieno\u0161anos konkurences ties\u012bb\u0101s, to atkl\u0101\u0161anai operat\u012bv\u0101s darb\u012bbas veikt ir aizliegts.<\/p>\n<p class=\"text-font font-size--text-xlarge margin-3--bottom\">AT pauda, ka tiesiskaj\u0101 regul\u0113jum\u0101 nav noteikts skaidrs pamats tam, kas \u013cautu operat\u012bv\u0101s darb\u012bbas rezult\u0101t\u0101 ieg\u016bto inform\u0101ciju nodot KP izmanto\u0161anai administrat\u012bvaj\u0101 proces\u0101.<\/p>\n<p class=\"text-font font-size--text-xlarge margin-3--bottom\">LETA jau v\u0113st\u012bja, ka KP 2021. gad\u0101 atkl\u0101ja b\u016bvniec\u012bbas uz\u0146\u0113mumu karteli, kura dal\u012bbnieki iesaist\u012bti vismaz 70 iepirkumos par kop\u0113jo l\u012bgumsummu 687 miljoni eiro.<\/p>\n<p class=\"text-font font-size--text-xlarge margin-3--bottom\">Desmit b\u016bvnieku kartel\u012b iesaist\u012btos uz\u0146\u0113mumus KP sod\u012bja ar naudas sodu kopum\u0101 16 652 927 eiro apm\u0113r\u0101. Starp 10 sod\u012btajiem uz\u0146\u0113mumiem ir SIA &#8220;Skonto b\u016bve&#8221;, SIA &#8220;Latvijas energoceltnieks&#8221;, SIA &#8220;Velve&#8221;, SIA &#8220;Ar\u010ders&#8221;, SIA &#8220;Rere b\u016bve&#8221;, SIA &#8220;Re&amp;Re&#8221;, SIA &#8220;RBSSKALS b\u016bvvad\u012bba&#8221;, SIA &#8220;Abora&#8221;, &#8220;LNK Industries&#8221; un SIA &#8220;Merks&#8221;. Tiesa &#8220;RBSSKALS b\u016bvvad\u012bba&#8221; jau bija likvid\u0113ta, t\u0101p\u0113c sods netika piespriests.<\/p>\n<p class=\"text-font font-size--text-xlarge margin-3--bottom\">Asto\u0146as no desmit KP sod\u012btaj\u0101m b\u016bvfirm\u0101m Administrat\u012bvaj\u0101 apgabalties\u0101 p\u0101rs\u016bdz\u0113ja KP l\u0113mumu, bet, t\u0101 k\u0101 vair\u0101kas p\u0101rs\u016bdz\u012bbas b\u016bvfirmas iesniedza kop\u0101 ar m\u0101tesuz\u0146\u0113mumiem, kopum\u0101 liet\u0101 k\u0101 pras\u012bt\u0101ji ir 13 uz\u0146\u0113mumi.<\/p>\n<p class=\"text-font font-size--text-xlarge margin-3--bottom\">Apvienot\u0101 lieta tika ierosin\u0101ta p\u0113c &#8220;Skonto b\u016bves&#8221;, &#8220;Latvijas energoceltnieka&#8221;, &#8220;Rere b\u016bves&#8221; un t\u0101s m\u0101tesuz\u0146\u0113muma AS &#8220;Rere grupa&#8221;, &#8220;Ar\u010ders&#8221; un t\u0101 m\u0101tesuz\u0146\u0113muma AS &#8220;UGN&#8221;, &#8220;LNK Industries&#8221; un t\u0101 m\u0101tesuz\u0146\u0113muma SIA &#8220;LNK (Latvijas novit\u0101tes komplekss)&#8221;, &#8220;Abora&#8221; un t\u0101s m\u0101tesuz\u0146\u0113muma SIA &#8220;Tehnocentrs&#8221;, &#8220;Re&amp;Re&#8221;, k\u0101 ar\u012b &#8220;Merks&#8221; un t\u0101 m\u0101tesuz\u0146\u0113muma &#8220;Merko Ehitus&#8221; iesniegumiem.<\/p>\n<p class=\"text-font font-size--text-xlarge margin-3--bottom\">Administrat\u012bv\u0101 apgabaltiesa noraid\u012bja 13 b\u016bvfirmu pieteikumu par KP 2021. gada 30. j\u016blija l\u0113muma atcel\u0161anu b\u016bvnieku karte\u013ca liet\u0101.<\/p>\n<p class=\"text-font font-size--text-xlarge margin-3--bottom\">KP l\u0113mumu no desmit sod\u012btajiem uz\u0146\u0113mumiem nep\u0101rs\u016bdz\u0113ja divi &#8211; &#8220;Velve&#8221;, ar kuru KP vienoj\u0101s par izl\u012bgumu un sniedza pozit\u012bvu atzinumu par uz\u0146\u0113muma veiktajiem pas\u0101kumiem pas\u016bt\u012bt\u0101ja &#8220;uzticam\u012bbas atjauno\u0161anai&#8221;, k\u0101 ar\u012b &#8220;RBSSKALS b\u016bvvad\u012bba&#8221;.<\/p>\n<p class=\"text-font font-size--text-xlarge margin-3--bottom\">Pieteic\u0113jiem nelabv\u0113l\u012bga sprieduma gad\u012bjum\u0101, b\u016bs j\u0101maks\u0101 sods un \u0161ie uz\u0146\u0113mumi nedr\u012bkst\u0113s piedal\u012bties valsts iepirkumos noteiktu laiku, k\u0101 ar\u012b pret tiem var\u0113s s\u0101kt celt pras\u012bbas par jau \u012bstenotiem projektiem.<\/p>\n","protected":false},"excerpt":{"rendered":"Saeimai ir j\u0101atgrie\u017eas pie karte\u013cu jaut\u0101juma risin\u0101\u0161anas, tviter\u012b pazi\u0146ojusi Ministru prezidente Evika Sili\u0146a (JV). Vi\u0146a inform\u0113, ka ir&hellip;\n","protected":false},"author":2,"featured_media":101922,"comment_status":"","ping_status":"","sticky":false,"template":"","format":"standard","meta":{"footnotes":""},"categories":[5],"tags":[23,869,77,870,28,29,867,32,33,22,30,31,35,39,38,36,37,34,871,868,40,20,26,27,24,25,21],"class_list":{"0":"post-101921","1":"post","2":"type-post","3":"status-publish","4":"format-standard","5":"has-post-thumbnail","7":"category-aktualitates","8":"tag-aktualitates","9":"tag-biznesa-zinas","10":"tag-bizness","11":"tag-bizness-latvija","12":"tag-breaking-news","13":"tag-breakingnews","14":"tag-dienas-zinas","15":"tag-featured-news","16":"tag-featurednews","17":"tag-headlines","18":"tag-latest-news","19":"tag-latestnews","20":"tag-latvia","21":"tag-latvian","22":"tag-latviesu","23":"tag-latviesu-valoda","24":"tag-latviesuvaloda","25":"tag-latvija","26":"tag-latvijas-biznesa-zinas","27":"tag-latvijas-zinas","28":"tag-lv","29":"tag-news","30":"tag-popularakas-zinas","31":"tag-popularakaszinas","32":"tag-top-stories","33":"tag-topstories","34":"tag-zinas"},"share_on_mastodon":{"url":"https:\/\/pubeurope.com\/@lv\/115881592996622811","error":""},"_links":{"self":[{"href":"https:\/\/www.europesays.com\/lv\/wp-json\/wp\/v2\/posts\/101921","targetHints":{"allow":["GET"]}}],"collection":[{"href":"https:\/\/www.europesays.com\/lv\/wp-json\/wp\/v2\/posts"}],"about":[{"href":"https:\/\/www.europesays.com\/lv\/wp-json\/wp\/v2\/types\/post"}],"author":[{"embeddable":true,"href":"https:\/\/www.europesays.com\/lv\/wp-json\/wp\/v2\/users\/2"}],"replies":[{"embeddable":true,"href":"https:\/\/www.europesays.com\/lv\/wp-json\/wp\/v2\/comments?post=101921"}],"version-history":[{"count":0,"href":"https:\/\/www.europesays.com\/lv\/wp-json\/wp\/v2\/posts\/101921\/revisions"}],"wp:featuredmedia":[{"embeddable":true,"href":"https:\/\/www.europesays.com\/lv\/wp-json\/wp\/v2\/media\/101922"}],"wp:attachment":[{"href":"https:\/\/www.europesays.com\/lv\/wp-json\/wp\/v2\/media?parent=101921"}],"wp:term":[{"taxonomy":"category","embeddable":true,"href":"https:\/\/www.europesays.com\/lv\/wp-json\/wp\/v2\/categories?post=101921"},{"taxonomy":"post_tag","embeddable":true,"href":"https:\/\/www.europesays.com\/lv\/wp-json\/wp\/v2\/tags?post=101921"}],"curies":[{"name":"wp","href":"https:\/\/api.w.org\/{rel}","templated":true}]}}