{"id":101931,"date":"2026-01-12T10:17:10","date_gmt":"2026-01-12T10:17:10","guid":{"rendered":"https:\/\/www.europesays.com\/lv\/101931\/"},"modified":"2026-01-12T10:17:10","modified_gmt":"2026-01-12T10:17:10","slug":"bijusajam-pargaujas-novada-meram-ventam-piemero-23-400-eiro-sodu","status":"publish","type":"post","link":"https:\/\/www.europesays.com\/lv\/101931\/","title":{"rendered":"Biju\u0161ajam P\u0101rgaujas novada m\u0113ram Ventam piem\u0113ro 23 400 eiro sodu"},"content":{"rendered":"<p>Ar min\u0113tajiem l\u012bgumiem Vents ap\u0146\u0113m\u0101s izmantot sav\u0101 tur\u0113jum\u0101 un v\u0113l\u0101k \u012bpa\u0161um\u0101 eso\u0161o automobili amata pien\u0101kumu izpildes nodro\u0161in\u0101\u0161anai, uztur\u0113t ekspluat\u0101cijai der\u012bg\u0101 st\u0101vokl\u012b, savuk\u0101rt pa\u0161vald\u012bba ap\u0146\u0113m\u0101s kompens\u0113t nepiecie\u0161amo degvielas daudzumu l\u012bgum\u0101 noteikt\u0101s normas ietvaros, k\u0101 ar\u012b kompens\u0113t transportl\u012bdzek\u013ca amortiz\u0101cijas izdevumus.<\/p>\n<p>Apzinoties, ka saska\u0146\u0101 ar nosl\u0113gtajiem patapin\u0101juma l\u012bgumiem par automobili vi\u0146\u0161 nav ties\u012bgs par <a href=\"https:\/\/www.tvnet.lv\/term\/555806\/pasvaldibas\" class=\"topicLink\" target=\"_blank\" rel=\"nofollow noopener\">pa\u0161vald\u012bbas<\/a> l\u012bdzek\u013ciem automobili remont\u0113t, veikt riepu nomai\u0146u un remont\u0113\u0161anu, mazg\u0101t, pirkt v\u0113jstiklu \u0161\u0137idrumus un citas preces, un apzinoties, ka par sav\u0101 tur\u0113jum\u0101 eso\u0161o citu automobili ar pa\u0161vald\u012bbu nav nosl\u0113dzis patapin\u0101juma l\u012bgumu, Vents mantk\u0101r\u012bg\u0101 nol\u016bk\u0101, laik\u0101 no 2014. gada l\u012bdz 2021. gadam veica remontu un apkopi, auto deta\u013cu, e\u013c\u013cas, pal\u012bgmateri\u0101lu un \u0161\u0137idrumu ieg\u0101di ab\u0101m automa\u0161\u012bn\u0101m.<\/p>\n<p>Lai remonta un apkopes izmaksas nesegtu par saviem l\u012bdzek\u013ciem, Vents par min\u0113tajiem pakalpojumiem pavadz\u012bmes iesniedza re\u0123istr\u0101cijai pa\u0161vald\u012bb\u0101.<\/p>\n<p>Aps\u016bdz\u012bba liecina, ka ar sav\u0101m prettiesiskaj\u0101m darb\u012bb\u0101m vi\u0146\u0161 nodar\u012bja pa\u0161vald\u012bbai mantisku zaud\u0113jumu 12 770 eiro apm\u0113r\u0101.<\/p>\n<p>Jau zi\u0146ots, ka lietu izmekl\u0113ja Korupcijas nov\u0113r\u0161anas un apkaro\u0161anas birojs, kur\u0161 2020. gada septembr\u012b veica procesu\u0101l\u0101s darb\u012bbas P\u0101rgaujas novada dom\u0113.<\/p>\n","protected":false},"excerpt":{"rendered":"Ar min\u0113tajiem l\u012bgumiem Vents ap\u0146\u0113m\u0101s izmantot sav\u0101 tur\u0113jum\u0101 un v\u0113l\u0101k \u012bpa\u0161um\u0101 eso\u0161o automobili amata pien\u0101kumu izpildes nodro\u0161in\u0101\u0161anai, uztur\u0113t&hellip;\n","protected":false},"author":2,"featured_media":101932,"comment_status":"","ping_status":"","sticky":false,"template":"","format":"standard","meta":{"footnotes":""},"categories":[5],"tags":[23,28,29,32,33,22,30,31,35,39,38,36,37,34,40,20,1860,26,27,375,24,25,21],"class_list":{"0":"post-101931","1":"post","2":"type-post","3":"status-publish","4":"format-standard","5":"has-post-thumbnail","7":"category-aktualitates","8":"tag-aktualitates","9":"tag-breaking-news","10":"tag-breakingnews","11":"tag-featured-news","12":"tag-featurednews","13":"tag-headlines","14":"tag-latest-news","15":"tag-latestnews","16":"tag-latvia","17":"tag-latvian","18":"tag-latviesu","19":"tag-latviesu-valoda","20":"tag-latviesuvaloda","21":"tag-latvija","22":"tag-lv","23":"tag-news","24":"tag-pasvaldibas","25":"tag-popularakas-zinas","26":"tag-popularakaszinas","27":"tag-tiesa","28":"tag-top-stories","29":"tag-topstories","30":"tag-zinas"},"share_on_mastodon":{"url":"https:\/\/pubeurope.com\/@lv\/115881616582818803","error":""},"_links":{"self":[{"href":"https:\/\/www.europesays.com\/lv\/wp-json\/wp\/v2\/posts\/101931","targetHints":{"allow":["GET"]}}],"collection":[{"href":"https:\/\/www.europesays.com\/lv\/wp-json\/wp\/v2\/posts"}],"about":[{"href":"https:\/\/www.europesays.com\/lv\/wp-json\/wp\/v2\/types\/post"}],"author":[{"embeddable":true,"href":"https:\/\/www.europesays.com\/lv\/wp-json\/wp\/v2\/users\/2"}],"replies":[{"embeddable":true,"href":"https:\/\/www.europesays.com\/lv\/wp-json\/wp\/v2\/comments?post=101931"}],"version-history":[{"count":0,"href":"https:\/\/www.europesays.com\/lv\/wp-json\/wp\/v2\/posts\/101931\/revisions"}],"wp:featuredmedia":[{"embeddable":true,"href":"https:\/\/www.europesays.com\/lv\/wp-json\/wp\/v2\/media\/101932"}],"wp:attachment":[{"href":"https:\/\/www.europesays.com\/lv\/wp-json\/wp\/v2\/media?parent=101931"}],"wp:term":[{"taxonomy":"category","embeddable":true,"href":"https:\/\/www.europesays.com\/lv\/wp-json\/wp\/v2\/categories?post=101931"},{"taxonomy":"post_tag","embeddable":true,"href":"https:\/\/www.europesays.com\/lv\/wp-json\/wp\/v2\/tags?post=101931"}],"curies":[{"name":"wp","href":"https:\/\/api.w.org\/{rel}","templated":true}]}}