{"id":10194,"date":"2025-10-02T05:27:09","date_gmt":"2025-10-02T05:27:09","guid":{"rendered":"https:\/\/www.europesays.com\/lv\/10194\/"},"modified":"2025-10-02T05:27:09","modified_gmt":"2025-10-02T05:27:09","slug":"suitini-nosvin-40-jubileju-kurzemnieks-lv","status":"publish","type":"post","link":"https:\/\/www.europesays.com\/lv\/10194\/","title":{"rendered":"Suiti\u0146i\u00a0nosvin 40. jubileju \u2013 Kurzemnieks.lv"},"content":{"rendered":"<p>Alsungas b\u0113rnu folkloras kopas\u00a0Suiti\u0146i\u00a040. gadadiena ar koncertu un izst\u0101di nosvin\u0113ta kult\u016bras nam\u0101.<\/p>\n<p>Iepriek\u0161\u0113j\u0101s\u00a0Suiti\u0146u\u00a0vad\u012bt\u0101jas Lidiju Jansoni un Guntu Mat\u0113vi\u010du, pa\u0161reiz\u0113jo kopas vad\u012bt\u0101ju Anci Spro\u0123i un mazos dzied\u0101t\u0101jus sveica pagasta p\u0101rvalde, ar muzik\u0101liem sveicieniem ar\u012b biju\u0161ie dal\u012bbnieki un citi kolekt\u012bvi. Pa\u0161i jubil\u0101ri dzied\u0101ja burdonu, rot\u0101\u0161anas dziesmu un k\u0101du zi\u0146\u0123i. Z\u0101l\u0113 bija apskat\u0101mas vec\u0101s fotogr\u0101fijas, vestibil\u0101 \u2013 videoieraksti.<\/p>\n<p><img loading=\"lazy\" decoding=\"async\" width=\"1024\" height=\"683\" data-id=\"22496\" src=\"https:\/\/www.europesays.com\/lv\/wp-content\/uploads\/2025\/10\/IMG_2181-1024x683.jpg\" alt=\"Img 2181\" class=\"wp-image-22496\"  \/><\/p>\n<p><img loading=\"lazy\" decoding=\"async\" width=\"1024\" height=\"683\" data-id=\"22497\" src=\"https:\/\/www.europesays.com\/lv\/wp-content\/uploads\/2025\/10\/IMG_2161-1024x683.jpg\" alt=\"Img 2161\" class=\"wp-image-22497\"  \/><\/p>\n<p><img loading=\"lazy\" decoding=\"async\" width=\"1024\" height=\"683\" data-id=\"22499\" src=\"https:\/\/www.europesays.com\/lv\/wp-content\/uploads\/2025\/10\/IMG_2155-1024x683.jpg\" alt=\"Img 2155\" class=\"wp-image-22499\"  \/><\/p>\n<p><img loading=\"lazy\" decoding=\"async\" width=\"1024\" height=\"683\" data-id=\"22501\" src=\"https:\/\/www.europesays.com\/lv\/wp-content\/uploads\/2025\/10\/IMG_2143-1024x683.jpg\" alt=\"Img 2143\" class=\"wp-image-22501\"  \/><\/p>\n<p><img loading=\"lazy\" decoding=\"async\" width=\"1024\" height=\"683\" data-id=\"22498\" src=\"https:\/\/www.europesays.com\/lv\/wp-content\/uploads\/2025\/10\/IMG_2140-1024x683.jpg\" alt=\"Img 2140\" class=\"wp-image-22498\"  \/>Suitu v\u012bri\u00a0un\u00a0Suitu sievas\u00a0muzik\u0101li sveic jaun\u0101ko paaudzi \u2013 folkloras kopu\u00a0Suiti\u0146i\u00a0t\u0101s 40. gadadien\u0101.<\/p>\n<p><img loading=\"lazy\" decoding=\"async\" width=\"1024\" height=\"683\" data-id=\"22500\" src=\"https:\/\/www.europesays.com\/lv\/wp-content\/uploads\/2025\/10\/IMG_2129-1024x683.jpg\" alt=\"Img 2129\" class=\"wp-image-22500\"  \/><\/p>\n<p><img loading=\"lazy\" decoding=\"async\" width=\"1024\" height=\"683\" data-id=\"22502\" src=\"https:\/\/www.europesays.com\/lv\/wp-content\/uploads\/2025\/10\/IMG_2121-1024x683.jpg\" alt=\"Img 2121\" class=\"wp-image-22502\"  \/><\/p>\n<p>Jaunie kopj sen\u010du v\u0113rt\u012bbas<\/p>\n<p>A.Spro\u0123e st\u0101sta: \u201eSuiti\u0146i\u00a0biju\u0161i popul\u0101ri daudzus gadus \u2013 uzst\u0101ju\u0161ies telev\u012bzij\u0101, radio, festiv\u0101los\u00a0Pulk\u0101 eimu, pulk\u0101 teku\u00a0un\u00a0Baltica, 2015. gad\u0101 devu\u0161ies uz Franciju. Pa\u0161laik te ir ap 20 b\u0113rnu no 1. l\u012bdz 7. klasei \u2013 p\u0101rsvar\u0101 viet\u0113jie, bet ar\u012b no J\u016brkalnes un Gudeniekiem. Kopjam visas m\u016bsu kult\u016bras trad\u012bcijas: dziedam suitu tradicion\u0101l\u0101s dziesmas burdon\u0101, ar\u012b zi\u0146\u0123es, ejam rota\u013c\u0101s, m\u0101c\u0101mies dan\u010dus. Katru gadu repertu\u0101ru main\u0101m \u2013 ir t\u0113ma, kurai rota\u013cas, dan\u010di un dziesmas j\u0101piemekl\u0113. C\u012bt\u012bgi m\u0101c\u012bj\u0101mies, lai brauktu uz Dziesmu sv\u0113tkiem. Pa\u0161laik jaunas dziesmas neapg\u016bstam, jo m\u0101c\u012bbu gads tikai s\u0101cies. Ar \u0161o gadu ir tr\u012bs jauni b\u0113rni\u0146i, kuri m\u0101c\u0101s 1. klas\u0113. Galvenais ir tas, ka vi\u0146i n\u0101k.\u201d<\/p>\n<p>Ance\u00a0Suiti\u0146us\u00a0vada kop\u0161 2020. gada, v\u0113l vi\u0146a dejo vid\u0113j\u0101s paaudzes deju kolekt\u012bv\u0101\u00a0Suiti\u00a0un dzied\u00a0Suitu siev\u0101s.\u00a0\u201eSaj\u016bta, ka kopai jau 40 gadu, ir interesanta: man pa\u0161ai tik daudz nav. (Smejas.) Protams, ir br\u012bni\u0161\u0137\u012bgi svin\u0113t tik lielu gadu skaitu. Esam darboju\u0161ies programm\u0101\u00a0Pulk\u0101 eimu, pulk\u0101 teku, ar diezgan labiem rezult\u0101tiem start\u0113jam konkursos. Manas priek\u0161g\u0101j\u0113jas ir Lidija Jansone, kas folkloras kopu izveidoja 1985. gad\u0101, un Gunta Mat\u0113vi\u010da, kas to vad\u012bja no 2000. gada. Vi\u0146as sevi pier\u0101d\u012bju\u0161as un konkursos par\u0101d\u012bju\u0161as \u013coti labus rezult\u0101tus. Jubilejas koncert\u0101 ejam pa gadiem atpaka\u013c, skatoties, k\u0101 g\u0101jis iepriek\u0161\u0113jiem, un aicinot vi\u0146us nodzied\u0101t k\u0101du suitu dziesmu, ko reiz m\u0101c\u012bju\u0161ies.\u201d<\/p>\n<p>Ar ilgu v\u0113sturi<\/p>\n<p>Faktiski\u00a0Suiti\u0146u\u00a0pirms\u0101kumi mekl\u0113jami jau 1975. gad\u0101, kad L.Jansone str\u0101d\u0101jusi Alsungas skol\u0101 un ar b\u0113rniem sagatavojusi priek\u0161nesumus, apliecinot zin\u0101\u0161anas par folkloru un suitu burdonu. Vi\u0146a atceras, ka padomju laik\u0101 nacion\u0101l\u0101 kult\u016bra \u012bpa\u0161i netika atbalst\u012bta. 1985. gad\u0101 pas\u0101kuma\u00a0Pulk\u0101 eimu, pulk\u0101 teku\u00a0pirmaj\u0101 skat\u0113 b\u0113rni ieguvu\u0161i 1. vietu, un tad kolekt\u012bvs re\u0123istr\u0113ts k\u0101 folkloras kopa\u00a0Suiti\u0146i. G.Mat\u0113vi\u010da vad\u012bbu p\u0101r\u0146\u0113musi tad, kad 2000. gad\u0101 L.Jansone devusies pensij\u0101. Gunta atceras p\u0113d\u0113jo skati pirms kovida pand\u0113mijas: \u201eAizbrauc\u0101m uz Saldu, skat\u0113 tik\u0101m t\u0101l\u0101k uz R\u012bgu, bet visu aiztais\u012bja ciet\u2026\u201d Tagad\u0113jam sast\u0101vam vi\u0146a nov\u0113l\u0113 m\u0101c\u012bties m\u016bzikas skol\u0101: \u201eTur iem\u0101c\u0101s dzird\u0113t to, ko dzied p\u0101r\u0113jie, lai garo\u00a0\u0113\u00a0visi novilktu vien\u0101di.\u201d\n                            <\/p>\n","protected":false},"excerpt":{"rendered":"Alsungas b\u0113rnu folkloras kopas\u00a0Suiti\u0146i\u00a040. gadadiena ar koncertu un izst\u0101di nosvin\u0113ta kult\u016bras nam\u0101. Iepriek\u0161\u0113j\u0101s\u00a0Suiti\u0146u\u00a0vad\u012bt\u0101jas Lidiju Jansoni un Guntu Mat\u0113vi\u010du,&hellip;\n","protected":false},"author":2,"featured_media":10195,"comment_status":"","ping_status":"","sticky":false,"template":"","format":"standard","meta":{"footnotes":""},"categories":[19],"tags":[3907,3908,3909,1660,89,3910,90,193,3911,35,39,38,36,37,34,3912,40,3913,3914,3915],"class_list":{"0":"post-10194","1":"post","2":"type-post","3":"status-publish","4":"format-standard","5":"has-post-thumbnail","7":"category-izklaide","8":"tag-alsunga","9":"tag-bernu-folklora","10":"tag-burdons","11":"tag-dziesmu-svetki","12":"tag-entertainment","13":"tag-folkloras-kopa","14":"tag-izklaide","15":"tag-jubilejas-koncerts","16":"tag-kuldigas-novads","17":"tag-latvia","18":"tag-latvian","19":"tag-latviesu","20":"tag-latviesu-valoda","21":"tag-latviesuvaloda","22":"tag-latvija","23":"tag-latvijas-folklora","24":"tag-lv","25":"tag-suitini","26":"tag-suitu-kultura","27":"tag-suitu-tradicijas"},"share_on_mastodon":{"url":"","error":""},"_links":{"self":[{"href":"https:\/\/www.europesays.com\/lv\/wp-json\/wp\/v2\/posts\/10194","targetHints":{"allow":["GET"]}}],"collection":[{"href":"https:\/\/www.europesays.com\/lv\/wp-json\/wp\/v2\/posts"}],"about":[{"href":"https:\/\/www.europesays.com\/lv\/wp-json\/wp\/v2\/types\/post"}],"author":[{"embeddable":true,"href":"https:\/\/www.europesays.com\/lv\/wp-json\/wp\/v2\/users\/2"}],"replies":[{"embeddable":true,"href":"https:\/\/www.europesays.com\/lv\/wp-json\/wp\/v2\/comments?post=10194"}],"version-history":[{"count":0,"href":"https:\/\/www.europesays.com\/lv\/wp-json\/wp\/v2\/posts\/10194\/revisions"}],"wp:featuredmedia":[{"embeddable":true,"href":"https:\/\/www.europesays.com\/lv\/wp-json\/wp\/v2\/media\/10195"}],"wp:attachment":[{"href":"https:\/\/www.europesays.com\/lv\/wp-json\/wp\/v2\/media?parent=10194"}],"wp:term":[{"taxonomy":"category","embeddable":true,"href":"https:\/\/www.europesays.com\/lv\/wp-json\/wp\/v2\/categories?post=10194"},{"taxonomy":"post_tag","embeddable":true,"href":"https:\/\/www.europesays.com\/lv\/wp-json\/wp\/v2\/tags?post=10194"}],"curies":[{"name":"wp","href":"https:\/\/api.w.org\/{rel}","templated":true}]}}