{"id":101948,"date":"2026-01-12T10:33:07","date_gmt":"2026-01-12T10:33:07","guid":{"rendered":"https:\/\/www.europesays.com\/lv\/101948\/"},"modified":"2026-01-12T10:33:07","modified_gmt":"2026-01-12T10:33:07","slug":"ungarija-pieskirusi-politisko-patverumu-bijusajam-polijas-tieslietu-ministram","status":"publish","type":"post","link":"https:\/\/www.europesays.com\/lv\/101948\/","title":{"rendered":"Ung\u0101rija pie\u0161\u0137\u012brusi &#8220;politisko patv\u0113rumu&#8221; biju\u0161ajam Polijas tieslietu ministram"},"content":{"rendered":"<p>Zjobro, kas joproj\u0101m ir Polijas parlamenta deput\u0101ts, p\u0101rst\u0101vot nacion\u0101lkonservat\u012bvo partiju &#8220;Likums un taisn\u012bgums&#8221; (PiS), oktobr\u012b aizb\u0113ga uz Ung\u0101riju un pazi\u0146oja, ka tiesved\u012bbu pret vi\u0146u ir politiski motiv\u0113ta.<\/p>\n<p>55 gadus vecais politi\u0137is bija tieslietu ministrs un \u0123ener\u0101lprokurors no 2015. l\u012bdz 2023. gadam, kad Polij\u0101 pie varas atrad\u0101s PiS veidot\u0101 vald\u012bba.<\/p>\n<blockquote class=\"quote ck-widget\" contenteditable=\"false\">\n<p>Pret Zjobro ierosin\u0101ta lieta par 26 iesp\u0113jamiem noziegumiem, tostarp par noziedz\u012bgas organiz\u0101cijas veido\u0161anu, l\u012bdzdal\u012bbu taj\u0101 un naudas piesavin\u0101\u0161anos aptuveni 35 miljonu eiro apm\u0113r\u0101.<\/p>\n<\/blockquote>\n<p>Zjobro aps\u016bdz\u0113ts ar\u012b par pilnvaru \u013caunpr\u0101t\u012bgu izmanto\u0161anu un nolaid\u012bbu darb\u0101.<\/p>\n<p>Aps\u016bdz\u012bbas pamat\u0101 saist\u012btas ar Tieslietu fondu, ko p\u0101rrauga Tieslietu ministrija un kas paredz\u0113ts noziegumos cietu\u0161o atbalstam.<\/p>\n<p>B\u016bdams tieslietu ministrs, Zjobro devis r\u012bkojumus padotajiem novirz\u012bt fonda naudu projektiem, kas var\u0113tu dot politisku labumu vi\u0146a p\u0101rst\u0101v\u0113tajai partijai, tostarp spiego\u0161anas programmat\u016bras &#8220;Pegasus&#8221; ieg\u0101dei no Izra\u0113las. Tagad\u0113j\u0101 vald\u012bba apgalvo, ka \u0161\u012b programmat\u016bra izmantota politisko oponentu izspiego\u0161anai.<\/p>\n<p>2024. gada decembr\u012b prokurat\u016bra izvirz\u012bja l\u012bdz\u012bgas aps\u016bdz\u012bbas Zjobro biju\u0161ajam vietniekam Mar\u010dinam Romanovskim, kas v\u0113l\u0101k aizb\u0113ga uz Ung\u0101riju, kur vi\u0146am tika pie\u0161\u0137irts politiskais patv\u0113rums.<\/p>\n<blockquote class=\"quote ck-widget\" contenteditable=\"false\">\n<p>Novembr\u012b Polijas parlaments atc\u0113la Zjobro tiesisko imunit\u0101ti, k\u0101 ar\u012b apstiprin\u0101ja prokurat\u016bras piepras\u012bjumu politi\u0137i aiztur\u0113t.<\/p>\n<\/blockquote>\n<p>Zjobro advok\u0101ts \u0161odien pazi\u0146oja, ka vi\u0146a klients no Ung\u0101rijas varasiest\u0101d\u0113m ir sa\u0146\u0113mis gan starptautisko aizsardz\u012bbu, gan politisko patv\u0113rumu. Zjobro soci\u0101laj\u0101 t\u012bkl\u0101 &#8220;X&#8221; pateic\u0101s Ung\u0101rijas premjerministram Viktoram Orb\u0101nam par pie\u0161\u0137irto aizsardz\u012bbu.<\/p>\n<p>&#8220;Esmu pie\u0146\u0113mis l\u0113mumu palikt \u0101rzem\u0113s, l\u012bdz Polij\u0101 tiks atjaunotas re\u0101las tiesiskuma garantijas,&#8221; pazi\u0146oja politi\u0137is, piebilstot, ka l\u016bdzis starptautisko aizsardz\u012bbu ar\u012b savai sievai.<\/p>\n","protected":false},"excerpt":{"rendered":"Zjobro, kas joproj\u0101m ir Polijas parlamenta deput\u0101ts, p\u0101rst\u0101vot nacion\u0101lkonservat\u012bvo partiju &#8220;Likums un taisn\u012bgums&#8221; (PiS), oktobr\u012b aizb\u0113ga uz Ung\u0101riju&hellip;\n","protected":false},"author":2,"featured_media":82043,"comment_status":"","ping_status":"","sticky":false,"template":"","format":"standard","meta":{"footnotes":""},"categories":[14],"tags":[23,57,28,29,32,33,22,30,31,35,39,38,36,37,34,40,20,72,26,27,24,25,2497,54,55,56,21,58],"class_list":{"0":"post-101948","1":"post","2":"type-post","3":"status-publish","4":"format-standard","5":"has-post-thumbnail","7":"category-zinas-no-arvalstim","8":"tag-aktualitates","9":"tag-arvalstim","10":"tag-breaking-news","11":"tag-breakingnews","12":"tag-featured-news","13":"tag-featurednews","14":"tag-headlines","15":"tag-latest-news","16":"tag-latestnews","17":"tag-latvia","18":"tag-latvian","19":"tag-latviesu","20":"tag-latviesu-valoda","21":"tag-latviesuvaloda","22":"tag-latvija","23":"tag-lv","24":"tag-news","25":"tag-polija","26":"tag-popularakas-zinas","27":"tag-popularakaszinas","28":"tag-top-stories","29":"tag-topstories","30":"tag-ungarija","31":"tag-world","32":"tag-world-news","33":"tag-worldnews","34":"tag-zinas","35":"tag-zinas-no-arvalstim"},"share_on_mastodon":{"url":"https:\/\/pubeurope.com\/@lv\/115881679567502263","error":""},"_links":{"self":[{"href":"https:\/\/www.europesays.com\/lv\/wp-json\/wp\/v2\/posts\/101948","targetHints":{"allow":["GET"]}}],"collection":[{"href":"https:\/\/www.europesays.com\/lv\/wp-json\/wp\/v2\/posts"}],"about":[{"href":"https:\/\/www.europesays.com\/lv\/wp-json\/wp\/v2\/types\/post"}],"author":[{"embeddable":true,"href":"https:\/\/www.europesays.com\/lv\/wp-json\/wp\/v2\/users\/2"}],"replies":[{"embeddable":true,"href":"https:\/\/www.europesays.com\/lv\/wp-json\/wp\/v2\/comments?post=101948"}],"version-history":[{"count":0,"href":"https:\/\/www.europesays.com\/lv\/wp-json\/wp\/v2\/posts\/101948\/revisions"}],"wp:featuredmedia":[{"embeddable":true,"href":"https:\/\/www.europesays.com\/lv\/wp-json\/wp\/v2\/media\/82043"}],"wp:attachment":[{"href":"https:\/\/www.europesays.com\/lv\/wp-json\/wp\/v2\/media?parent=101948"}],"wp:term":[{"taxonomy":"category","embeddable":true,"href":"https:\/\/www.europesays.com\/lv\/wp-json\/wp\/v2\/categories?post=101948"},{"taxonomy":"post_tag","embeddable":true,"href":"https:\/\/www.europesays.com\/lv\/wp-json\/wp\/v2\/tags?post=101948"}],"curies":[{"name":"wp","href":"https:\/\/api.w.org\/{rel}","templated":true}]}}