{"id":101949,"date":"2026-01-12T10:34:08","date_gmt":"2026-01-12T10:34:08","guid":{"rendered":"https:\/\/www.europesays.com\/lv\/101949\/"},"modified":"2026-01-12T10:34:08","modified_gmt":"2026-01-12T10:34:08","slug":"rigas-pasvaldiba-aicina-uz-barikazu-atceres-koncertuzvedumu-ar-dziluma-speku","status":"publish","type":"post","link":"https:\/\/www.europesays.com\/lv\/101949\/","title":{"rendered":"R\u012bgas pa\u0161vald\u012bba aicina uz barik\u0101\u017eu atceres koncertuzvedumu \u201cAr dzi\u013cuma sp\u0113ku\u201d"},"content":{"rendered":"<p>1991. gada barik\u0101\u017eu 35. atceres gadadien\u0101, 20. janv\u0101r\u012b plkst. 18.00, pa\u0161vald\u012bba aicina\u00a0uz koncertuzvedumu \u201cAr dzi\u013cuma sp\u0113ku\u201d R\u012bgas Dom\u0101. \u00a0<\/p>\n<p>Koncertuzvedums st\u0101sta par 1991. gada janv\u0101ra \u010detrpadsmit dien\u0101m jeb \u201cBarik\u0101\u017eu laiku\u201d,\u00a0po\u0113tiski spogu\u013cojot t\u0101 svar\u012bg\u0101k\u0101s epizodes un restaur\u0113jot emocijas. Tas ir apzi\u0146as ce\u013c\u0161 no\u00a0bail\u0113m, \u0161aub\u0101m un nezi\u0146as l\u012bdz sp\u012bta, sp\u0113ka un tic\u012bbas apliecin\u0101jumam sev un Latvijai. \u00a0\u00a0<\/p>\n<p>Tematiskais fokuss ir tautas dzi\u013cums jeb t\u0101s sl\u0113pt\u0101s, neredzam\u0101s sp\u0113ka rezerves, kas ir tie\u00a0cilv\u0113ki, kuri visbie\u017e\u0101k paliek aizkadr\u0101 \u2013 m\u0101j\u0101s, darb\u0101, citos pien\u0101kumos vai pat slim\u012bb\u0101, ta\u010du\u00a0bez vi\u0146u pienesuma (materi\u0101la vai gar\u012bga) barik\u0101des b\u016btu zem\u0101kas un trausl\u0101kas. \u00a0<\/p>\n<p>Koncertuzveduma atsl\u0113gv\u0101rdi ir: aizmugure, dzi\u013cums, balsts, saknes, kodols \u2013 tas viss, k\u0101\u00a0d\u0113\u013c cilv\u0113ki dev\u0101s un dodas aizst\u0101v\u0113t savu valsti, \u00a0\u2013 savu \u0123imeni, m\u0101jas, valodu, v\u0113sturi un\u00a0kult\u016bru.\u00a0<\/p>\n<p>Programm\u0101 skan\u0113s korm\u016bzika, solo dziesmas, m\u016bzika \u0113r\u0123el\u0113m. Koncerta dal\u012bbnieki: R\u012bgas\u00a0Doma meite\u0146u koris TIARA, VEF Kult\u016bras pils sievie\u0161u koris \u201cDzintars\u201d, diri\u0123ente Aira\u00a0Birzi\u0146a, solisti J\u0101nis Ai\u0161purs un Aija Andrejeva, m\u016bzi\u0137i Di\u0101na Jaunzeme-Portnaja (\u0113r\u0123eles),\u00a0Edgars Tom\u0161evics (klavieres), Indulis Cinti\u0146\u0161 (vijole), Laima Jansone (kokle), Valdis Zilveris\u00a0(akordeons), aktieri Baiba Broka un Gerds Lapo\u0161ka (balsis). L\u012bdz\u0101s abiem aktieriem\u00a0ierakst\u0101 skan ar\u012b pazi\u0146ojumi, uzrunas no 1991. gada barik\u0101\u017eu laika \u2013 ieska\u0146otas Dai\u0146a\u00a0\u012av\u0101na \u0161odienas bals\u012b.\u00a0<\/p>\n<p>Koncertuzveduma ilgums \u2013 aptuveni 1 stunda. Ieeja pas\u0101kum\u0101 bez maksas. \u00a0<\/p>\n<p>Barik\u0101\u017eu atceres pas\u0101kumi norisin\u0101sies ned\u0113\u013c\u0101, s\u0101kot ar 13. janv\u0101r\u012b, kad notiks Barik\u0101d\u0113m\u00a035 aploksnes z\u012bmogo\u0161ana, atceres pas\u0101kums Za\u0137usal\u0101 pie Latvijas Telev\u012bzijas,\u00a0sadziedoties jaunsargiem. 14. janv\u0101r\u012b Br\u012bv\u012bbas laukum\u0101 tiks atkl\u0101ta foto izst\u0101de \u201cM\u0113s\u00a0nosarg\u0101j\u0101m Latviju\u201d.\u00a0<\/p>\n<p>16. janv\u0101r\u012b no plkst. 10.00 l\u012bdz 15.00 Saeimas Baltie\u0161u z\u0101l\u0113 un tie\u0161saist\u0113 &#8211; konference\u00a0\u201c1991. gada janv\u0101ra barik\u0101des k\u0101 tautas pretest\u012bbas totalit\u0101rajam re\u017e\u012bmam izpausme un\u00a0m\u0101c\u012bbas m\u016bsdien\u0101m\u201d. 16. janv\u0101r\u012b M\u0101rupes kapos un piemi\u0146as viet\u0101 &#8220;Baltais krusts&#8221; pie\u00a0Vecm\u012blgr\u0101vja tilta \u2013 atceres pas\u0101kums pirmajam 1991. gada barik\u0101d\u0113s kritu\u0161ajam Robertam\u00a0M\u016brniekam. \u00a0<\/p>\n<p>17. janv\u0101r\u012b \u2013 atv\u0113rto durvju diena 1991. gada barik\u0101\u017eu norises objektos \u2013 Latvijas\u00a0Republikas Saeima, Latvijas Republikas Ministru kabinets, Latvijas Radio, Latvijas\u00a0Telev\u012bzija, SIA \u201cTet\u201d Dzirnavu iel\u0101. 17. janv\u0101r\u012b plkst. 17.00, Doma laukum\u0101 \u2013 Sv\u0113tku\u00a0lielkoncerts \u201c1991. gada barik\u0101d\u0113m \u2013 35\u201d. \u00a0<\/p>\n<p>18. janv\u0101r\u012b plkst. 15.00, \u0136\u012bpsalas izst\u0101\u017eu halle BT1 \u2013 Sv\u0113tku koncerts 1991. gada barik\u0101\u017eu\u00a0dal\u012bbniekiem \u201cM\u0113s nosarg\u0101j\u0101m Latviju\u201d. \u00a0Ieeja ar iel\u016bgumiem. \u00a0<\/p>\n<p>20. janv\u0101r\u012b \u2013 1991. gada barik\u0101\u017eu aizst\u0101vju atceres diena, valsts sv\u0113tki, kas tiks pla\u0161i\u00a0atz\u012bm\u0113ti R\u012bg\u0101 un Latvijas novados: plkst. 09.00, R\u012bgas Doma bazn\u012bc\u0101 \u2013 ekum\u0113nisks\u00a0sv\u0113tbr\u012bdis; plkst. 10.00, Doma laukum\u0101 \u2013 1991. gada barik\u0101\u017eu atceres ugunskura\u00a0iedeg\u0161ana, kas degs l\u012bdz plkst. 21.00, vakar\u0101 tradicion\u0101li aicin\u0101m visus interesentus uz\u00a0sadzied\u0101\u0161anos pie ugunskura, kas k\u013cuvusi par \u012bpa\u0161i patriotisku un aizraujo\u0161u notikumu.\u00a0<\/p>\n<p>Plkst. 11.00 \u2013 piemi\u0146as br\u012bdis un ziedu nolik\u0161ana pie Br\u012bv\u012bbas pieminek\u013ca, Bastejkaln\u0101 pie\u00a0boj\u0101g\u0101ju\u0161o piemi\u0146as viet\u0101m, pie biju\u0161\u0101s Iek\u0161lietu ministrijas \u0113kas, Rai\u0146a bulv\u0101r\u012b 6; plkst.\u00a014.30 \u2013 piemi\u0146as br\u012bdis II Me\u017ea kapos, godinot 1991. gada 20. janv\u0101r\u012b boj\u0101 g\u0101ju\u0161os; plkst.\u00a016.00 \u2013 piemi\u0146as ugunskura iedeg\u0161ana pie Saeimas \u0113kas.<\/p>\n<p>Vair\u0101k par 1991. gada barik\u0101\u017eu atceres pas\u0101kumiem R\u012bg\u0101 var uzzin\u0101t \u00a0t\u012bmek\u013cvietn\u0113\u00a0<a href=\"http:\/\/www.kultura.riga.lv\" rel=\"nofollow noopener\" target=\"_blank\">www.kultura.riga.lv<\/a>,\u00a0k\u0101 ar\u012b sekojot l\u012bdzi inform\u0101cijai R\u012bgas domes soci\u0101lo t\u012bklu lap\u0101s \u201c<a href=\"https:\/\/www.facebook.com\/Riga.lv\" rel=\"nofollow noopener\" target=\"_blank\">R\u012bga<\/a>\u201d un \u201c<a href=\"https:\/\/www.facebook.com\/RigaNotiek\/\" rel=\"nofollow noopener\" target=\"_blank\">R\u012bg\u0101 notiek<\/a>\u201d.<\/p>\n<p>Inform\u0101ciju sagatavoja: Ineta Migl\u0101ne, R\u012bgas pa\u0161vald\u012bbas Komunik\u0101cijas p\u0101rvaldes \u0100r\u0113j\u0101s komunik\u0101cijas noda\u013cas projektu koordinatore, e-pasts: <a href=\"https:\/\/www.riga.lv\/lv\/jaunums\/mailto:ineta.miglane@riga.lv\" rel=\"nofollow noopener\" target=\"_blank\">ineta.miglane@riga.lv<\/a>.\u00a0\u00a0\u00a0\u00a0\u00a0\u00a0\u00a0<\/p>\n","protected":false},"excerpt":{"rendered":"1991. gada barik\u0101\u017eu 35. atceres gadadien\u0101, 20. janv\u0101r\u012b plkst. 18.00, pa\u0161vald\u012bba aicina\u00a0uz koncertuzvedumu \u201cAr dzi\u013cuma sp\u0113ku\u201d R\u012bgas Dom\u0101.&hellip;\n","protected":false},"author":2,"featured_media":101950,"comment_status":"","ping_status":"","sticky":false,"template":"","format":"standard","meta":{"footnotes":""},"categories":[12],"tags":[23,28,29,32,33,22,30,31,35,39,38,36,37,34,40,20,26,27,24,25,21],"class_list":{"0":"post-101949","1":"post","2":"type-post","3":"status-publish","4":"format-standard","5":"has-post-thumbnail","7":"category-latvija","8":"tag-aktualitates","9":"tag-breaking-news","10":"tag-breakingnews","11":"tag-featured-news","12":"tag-featurednews","13":"tag-headlines","14":"tag-latest-news","15":"tag-latestnews","16":"tag-latvia","17":"tag-latvian","18":"tag-latviesu","19":"tag-latviesu-valoda","20":"tag-latviesuvaloda","21":"tag-latvija","22":"tag-lv","23":"tag-news","24":"tag-popularakas-zinas","25":"tag-popularakaszinas","26":"tag-top-stories","27":"tag-topstories","28":"tag-zinas"},"share_on_mastodon":{"url":"https:\/\/pubeurope.com\/@lv\/115881683808297963","error":""},"_links":{"self":[{"href":"https:\/\/www.europesays.com\/lv\/wp-json\/wp\/v2\/posts\/101949","targetHints":{"allow":["GET"]}}],"collection":[{"href":"https:\/\/www.europesays.com\/lv\/wp-json\/wp\/v2\/posts"}],"about":[{"href":"https:\/\/www.europesays.com\/lv\/wp-json\/wp\/v2\/types\/post"}],"author":[{"embeddable":true,"href":"https:\/\/www.europesays.com\/lv\/wp-json\/wp\/v2\/users\/2"}],"replies":[{"embeddable":true,"href":"https:\/\/www.europesays.com\/lv\/wp-json\/wp\/v2\/comments?post=101949"}],"version-history":[{"count":0,"href":"https:\/\/www.europesays.com\/lv\/wp-json\/wp\/v2\/posts\/101949\/revisions"}],"wp:featuredmedia":[{"embeddable":true,"href":"https:\/\/www.europesays.com\/lv\/wp-json\/wp\/v2\/media\/101950"}],"wp:attachment":[{"href":"https:\/\/www.europesays.com\/lv\/wp-json\/wp\/v2\/media?parent=101949"}],"wp:term":[{"taxonomy":"category","embeddable":true,"href":"https:\/\/www.europesays.com\/lv\/wp-json\/wp\/v2\/categories?post=101949"},{"taxonomy":"post_tag","embeddable":true,"href":"https:\/\/www.europesays.com\/lv\/wp-json\/wp\/v2\/tags?post=101949"}],"curies":[{"name":"wp","href":"https:\/\/api.w.org\/{rel}","templated":true}]}}