{"id":101954,"date":"2026-01-12T10:39:10","date_gmt":"2026-01-12T10:39:10","guid":{"rendered":"https:\/\/www.europesays.com\/lv\/101954\/"},"modified":"2026-01-12T10:39:10","modified_gmt":"2026-01-12T10:39:10","slug":"slovakija-tualete-smagi-piekauj-pret-fico-kritiski-noskanotu-zurnalistu","status":"publish","type":"post","link":"https:\/\/www.europesays.com\/lv\/101954\/","title":{"rendered":"Slov\u0101kij\u0101 tualet\u0113 smagi piekauj pret Fico kritiski noska\u0146otu \u017eurn\u0101listu"},"content":{"rendered":"<p>\u017durn\u0101listam salauzts aug\u0161stilba kauls un nodar\u012bti citi miesas boj\u0101jumi. Vi\u0146\u0161 joproj\u0101m atrodas slimn\u012bc\u0101, kur tam veikta oper\u0101cija.<\/p>\n<p>\u0160ucs ir &#8220;Sme&#8221; vado\u0161ais koment\u0113t\u0101js kop\u0161 90. gadiem un bie\u017ei uzst\u0101jas politiskajos sarunu \u0161ovos, asi kritiz\u0113jot premjerministra Roberta Fico vald\u012bbu.<\/p>\n<p>Slov\u0101kijas iek\u0161lietu ministrs Matu\u0161s \u0160utajs E\u0161toks nosod\u012bjis vardarb\u012bbu, ta\u010du piebildis, ka &#8220;publiskaj\u0101 telp\u0101 jau ilgu laiku tiek pausti polariz\u0113jo\u0161i un dehumaniz\u0113jo\u0161i izteikumi, kas palielina spriedzi sabiedr\u012bb\u0101&#8221;. &#8220;Pat iesp\u0113jamais uzbrukums koment\u0113t\u0101jam nevar mazin\u0101t vi\u0146a atbild\u012bbu par v\u0101rdiem, kas pal\u012bdz\u0113ja uzkurin\u0101t emocijas un sa\u0161\u0137elt sabiedr\u012bbu,&#8221; pazi\u0146ojis ministrs.<\/p>\n<p>\u0160ucu kritiz\u0113jis ar\u012b vides ministrs Tom\u0101\u0161s Taraba, kas soci\u0101lajos t\u012bklos apgalvojis, ka \u017eurn\u0101lists esot paz\u012bstams ar &#8220;ekstr\u0113mi agres\u012bviem pazi\u0146ojumiem&#8221;.<\/p>\n<p>Taraba paudis viedokli, ka &#8220;\u0161\u0101di vardarb\u012bgi uzbrukumi ir j\u0101nosoda, pat ja tie v\u0113rsti pret cilv\u0113kiem, kas b\u016btu j\u0101nodod likuma varas rok\u0101s&#8221;. Vi\u0146\u0161 piebildis, ka Slov\u0101kijas tieslietu sist\u0113ma &#8220;nestr\u0101d\u0101 un izliekas, ka \u017eurn\u0101listi st\u0101v p\u0101ri likumam&#8221;.<\/p>\n<p>Ko\u0161ices policija pazi\u0146ojusi, ka akt\u012bvi izmekl\u0113 uzbrukumu \u0160ucam.<\/p>\n<p>\u0122ener\u0101lprokurors Maro\u0161s \u017dilinka soci\u0101laj\u0101 t\u012bkl\u0101 &#8220;Facebook&#8221; raksta, ka &#8220;fiziski uzbrukumi citai personai nedr\u012bkst b\u016bt veids, k\u0101 ventil\u0113t sabiedr\u012bb\u0101 uzkr\u0101ju\u0161os sasp\u012bl\u0113jumu un neapmierin\u0101t\u012bbu&#8221;.<\/p>\n","protected":false},"excerpt":{"rendered":"\u017durn\u0101listam salauzts aug\u0161stilba kauls un nodar\u012bti citi miesas boj\u0101jumi. Vi\u0146\u0161 joproj\u0101m atrodas slimn\u012bc\u0101, kur tam veikta oper\u0101cija. \u0160ucs&hellip;\n","protected":false},"author":2,"featured_media":44115,"comment_status":"","ping_status":"","sticky":false,"template":"","format":"standard","meta":{"footnotes":""},"categories":[14],"tags":[23,57,28,29,32,33,22,30,31,35,39,38,36,37,34,40,20,26,27,24805,3008,24,25,54,55,56,21,58],"class_list":{"0":"post-101954","1":"post","2":"type-post","3":"status-publish","4":"format-standard","5":"has-post-thumbnail","7":"category-zinas-no-arvalstim","8":"tag-aktualitates","9":"tag-arvalstim","10":"tag-breaking-news","11":"tag-breakingnews","12":"tag-featured-news","13":"tag-featurednews","14":"tag-headlines","15":"tag-latest-news","16":"tag-latestnews","17":"tag-latvia","18":"tag-latvian","19":"tag-latviesu","20":"tag-latviesu-valoda","21":"tag-latviesuvaloda","22":"tag-latvija","23":"tag-lv","24":"tag-news","25":"tag-popularakas-zinas","26":"tag-popularakaszinas","27":"tag-robert-fico","28":"tag-slovakija","29":"tag-top-stories","30":"tag-topstories","31":"tag-world","32":"tag-world-news","33":"tag-worldnews","34":"tag-zinas","35":"tag-zinas-no-arvalstim"},"share_on_mastodon":{"url":"https:\/\/pubeurope.com\/@lv\/115881703437040561","error":""},"_links":{"self":[{"href":"https:\/\/www.europesays.com\/lv\/wp-json\/wp\/v2\/posts\/101954","targetHints":{"allow":["GET"]}}],"collection":[{"href":"https:\/\/www.europesays.com\/lv\/wp-json\/wp\/v2\/posts"}],"about":[{"href":"https:\/\/www.europesays.com\/lv\/wp-json\/wp\/v2\/types\/post"}],"author":[{"embeddable":true,"href":"https:\/\/www.europesays.com\/lv\/wp-json\/wp\/v2\/users\/2"}],"replies":[{"embeddable":true,"href":"https:\/\/www.europesays.com\/lv\/wp-json\/wp\/v2\/comments?post=101954"}],"version-history":[{"count":0,"href":"https:\/\/www.europesays.com\/lv\/wp-json\/wp\/v2\/posts\/101954\/revisions"}],"wp:featuredmedia":[{"embeddable":true,"href":"https:\/\/www.europesays.com\/lv\/wp-json\/wp\/v2\/media\/44115"}],"wp:attachment":[{"href":"https:\/\/www.europesays.com\/lv\/wp-json\/wp\/v2\/media?parent=101954"}],"wp:term":[{"taxonomy":"category","embeddable":true,"href":"https:\/\/www.europesays.com\/lv\/wp-json\/wp\/v2\/categories?post=101954"},{"taxonomy":"post_tag","embeddable":true,"href":"https:\/\/www.europesays.com\/lv\/wp-json\/wp\/v2\/tags?post=101954"}],"curies":[{"name":"wp","href":"https:\/\/api.w.org\/{rel}","templated":true}]}}