{"id":101959,"date":"2026-01-12T10:45:06","date_gmt":"2026-01-12T10:45:06","guid":{"rendered":"https:\/\/www.europesays.com\/lv\/101959\/"},"modified":"2026-01-12T10:45:06","modified_gmt":"2026-01-12T10:45:06","slug":"tramps-pazino-ka-asv-viena-vai-otra-veida-ienems-grenlandi","status":"publish","type":"post","link":"https:\/\/www.europesays.com\/lv\/101959\/","title":{"rendered":"Tramps pazi\u0146o, ka ASV vien\u0101 vai otr\u0101 veid\u0101 ie\u0146ems Grenlandi"},"content":{"rendered":"<p>\u201cJa m\u0113s nepa\u0146emsim Grenlandi, to pa\u0146ems Krievija vai \u0136\u012bna, un es to nepie\u013cau\u0161u,\u201d vi\u0146\u0161 teica, neraugoties uz to, ka nav nek\u0101du ac\u012bmredzamu paz\u012bmju par k\u0101das no \u0161\u012bm valst\u012bm interesi, raksta \u201cThe Guardian\u201d.<\/p>\n<p>Tramps vienlaikus ar\u012b izsm\u0113ja Grenlandes aizsardz\u012bbu, apgalvojot, ka t\u0101 sast\u0101v no \u201cdiv\u0101m su\u0146u kaman\u0101m\u201d, kur\u0101m pret\u012b st\u0101v Krievijas un \u0136\u012bnas \u201cizn\u012bcin\u0101t\u0101ji un zem\u016bdenes visapk\u0101rt\u201d.<\/p>\n<p>Vaic\u0101ts par iesp\u0113jamo ietekmi uz NATO, Tramps atbild\u0113ja: \u201cJa tas ietekm\u0113 NATO, tad tas ietekm\u0113 NATO. Bet, ziniet, vi\u0146iem [sabiedrotajiem] m\u0113s esam vajadz\u012bgi daudz vair\u0101k nek\u0101 mums vi\u0146i.\u201d<\/p>\n<p>Vi\u0146\u0161 ar\u012b apgalvoja, ka \u201cgl\u0101bis\u201d aliansi, iest\u0101joties par liel\u0101kiem aizsardz\u012bbas izdevumiem, un sac\u012bja, ka str\u0101d\u0101, lai beigtu Krievijas iebrukumu Ukrain\u0101.<\/p>\n<p>K\u0101 pirmdienas r\u012bt\u0101 zi\u0146o D\u0101nijas mediji, \u0161oned\u0113\u013c Va\u0161ington\u0101 gaid\u0101ma D\u0101nijas, Grenlandes un ASV tik\u0161an\u0101s \u0101rvalstu ministru l\u012bmen\u012b.<\/p>\n<p class=\"ad-desc ad-desc-main\">Saturs turpin\u0101s p\u0113c rekl\u0101mas<\/p>\n<p class=\"ad-desc ad-desc-sec\">Rekl\u0101ma<\/p>\n<p>ASV valsts sekret\u0101rs Marko Rubio ir apstiprin\u0101jis, ka \u0161oned\u0113\u013c tiksies ar D\u0101nijas p\u0101rst\u0101vjiem, bet nav pazi\u0146ojis nek\u0101das deta\u013cas.<\/p>\n<p class=\"tv3-fw-500\">Zi\u0146o par k\u013c\u016bdu rakst\u0101<\/p>\n<p class=\"d-md-block d-none\">Iez\u012bm\u0113 k\u013c\u016bdaino tekstu un spied Ctrl+Enter.<\/p>\n<p class=\"d-md-none d-block\">Iez\u012bm\u0113 k\u013c\u016bdaino tekstu un zi\u0146o par to!<\/p>\n","protected":false},"excerpt":{"rendered":"\u201cJa m\u0113s nepa\u0146emsim Grenlandi, to pa\u0146ems Krievija vai \u0136\u012bna, un es to nepie\u013cau\u0161u,\u201d vi\u0146\u0161 teica, neraugoties uz to,&hellip;\n","protected":false},"author":2,"featured_media":101960,"comment_status":"","ping_status":"","sticky":false,"template":"","format":"standard","meta":{"footnotes":""},"categories":[14],"tags":[23,57,24270,28,29,32,33,22,30,31,35,39,38,36,37,34,40,20,26,27,24,25,54,55,56,21,58],"class_list":{"0":"post-101959","1":"post","2":"type-post","3":"status-publish","4":"format-standard","5":"has-post-thumbnail","7":"category-zinas-no-arvalstim","8":"tag-aktualitates","9":"tag-arvalstim","10":"tag-asvdonalds-trampsgrenlandenato","11":"tag-breaking-news","12":"tag-breakingnews","13":"tag-featured-news","14":"tag-featurednews","15":"tag-headlines","16":"tag-latest-news","17":"tag-latestnews","18":"tag-latvia","19":"tag-latvian","20":"tag-latviesu","21":"tag-latviesu-valoda","22":"tag-latviesuvaloda","23":"tag-latvija","24":"tag-lv","25":"tag-news","26":"tag-popularakas-zinas","27":"tag-popularakaszinas","28":"tag-top-stories","29":"tag-topstories","30":"tag-world","31":"tag-world-news","32":"tag-worldnews","33":"tag-zinas","34":"tag-zinas-no-arvalstim"},"share_on_mastodon":{"url":"https:\/\/pubeurope.com\/@lv\/115881726764427415","error":""},"_links":{"self":[{"href":"https:\/\/www.europesays.com\/lv\/wp-json\/wp\/v2\/posts\/101959","targetHints":{"allow":["GET"]}}],"collection":[{"href":"https:\/\/www.europesays.com\/lv\/wp-json\/wp\/v2\/posts"}],"about":[{"href":"https:\/\/www.europesays.com\/lv\/wp-json\/wp\/v2\/types\/post"}],"author":[{"embeddable":true,"href":"https:\/\/www.europesays.com\/lv\/wp-json\/wp\/v2\/users\/2"}],"replies":[{"embeddable":true,"href":"https:\/\/www.europesays.com\/lv\/wp-json\/wp\/v2\/comments?post=101959"}],"version-history":[{"count":0,"href":"https:\/\/www.europesays.com\/lv\/wp-json\/wp\/v2\/posts\/101959\/revisions"}],"wp:featuredmedia":[{"embeddable":true,"href":"https:\/\/www.europesays.com\/lv\/wp-json\/wp\/v2\/media\/101960"}],"wp:attachment":[{"href":"https:\/\/www.europesays.com\/lv\/wp-json\/wp\/v2\/media?parent=101959"}],"wp:term":[{"taxonomy":"category","embeddable":true,"href":"https:\/\/www.europesays.com\/lv\/wp-json\/wp\/v2\/categories?post=101959"},{"taxonomy":"post_tag","embeddable":true,"href":"https:\/\/www.europesays.com\/lv\/wp-json\/wp\/v2\/tags?post=101959"}],"curies":[{"name":"wp","href":"https:\/\/api.w.org\/{rel}","templated":true}]}}