{"id":101961,"date":"2026-01-12T10:46:08","date_gmt":"2026-01-12T10:46:08","guid":{"rendered":"https:\/\/www.europesays.com\/lv\/101961\/"},"modified":"2026-01-12T10:46:08","modified_gmt":"2026-01-12T10:46:08","slug":"par-godu-paula-stradina-130-jubilejai-stradina-slimnica-notiks-ipass-pasakums-medicina-un-maksla","status":"publish","type":"post","link":"https:\/\/www.europesays.com\/lv\/101961\/","title":{"rendered":"Par godu Paula Stradi\u0146a 130. jubilejai Stradi\u0146a slimn\u012bc\u0101 notiks \u012bpa\u0161s pas\u0101kums \u201cMedic\u012bna un m\u0101ksla\u201d"},"content":{"rendered":"<p>2026. gada 17. janv\u0101r\u012b izcilajam latvie\u0161u \u0101rstam, zin\u0101tniekam un sabiedriskajam darbiniekam Paulam Stradi\u0146am (1896\u20131958) aprit 130. jubileja. Par godu \u0161im notikumam 21. janv\u0101r\u012b Paula Stradi\u0146a Kl\u012bnisk\u0101s universit\u0101tes slimn\u012bcas (Stradi\u0146a slimn\u012bca) A1 \u0101trij\u0101 notiks \u012bpa\u0161s pas\u0101kums \u201cMedic\u012bna un m\u0101ksla\u201d, kura laik\u0101 notiks ar\u012b tekstilm\u0101kslinieka Egila Rozenberga izst\u0101des iepaz\u012bstin\u0101jums.<\/p>\n<p>Pauls Stradi\u0146\u0161 (1896\u20131958) bija viens no izcil\u0101kajiem Latvijas \u0101rstiem, zin\u0101tniekiem un sabiedriskajiem darbiniekiem, kura v\u0101rds un darbs cie\u0161i saist\u012bts ar m\u016bsdienu Stradi\u0146a slimn\u012bcas veido\u0161anos. Vi\u0146\u0161 ilgsto\u0161i vad\u012bja R\u012bgas pils\u0113tas 2.slimn\u012bcu, att\u012bstot to par modernu \u0101rstniec\u012bbas un akad\u0113misk\u0101s medic\u012bnas centru, ieliekot pamatus slimn\u012bcai k\u0101 vietai, kur l\u012bdz\u0101s zin\u0101tniskai precizit\u0101tei noz\u012bm\u012bga ir ar\u012b kult\u016bra, vide un attieksme pret cilv\u0113ku. Paula Stradi\u0146a pla\u0161ais redz\u0113jums par medic\u012bnu k\u0101 profesion\u0101lu un sabiedrisku v\u0113rt\u012bbu joproj\u0101m veido slimn\u012bcas identit\u0101ti un darba principus.<\/p>\n<p>Godinot Paulu Stradi\u0146u 130.jubilej\u0101, Stradi\u0146a slimn\u012bc\u0101 21.janv\u0101r\u012b notiks \u012bpa\u0161s pas\u0101kums \u201cMedic\u012bna un m\u0101ksla\u201d, kur\u0101 caur v\u0113sturi, m\u0101kslu un m\u016bsdienu vesel\u012bbas apr\u016bpes pieredzi tiks aktualiz\u0113ts Paula Stradi\u0146a pla\u0161ais skat\u012bjums uz medic\u012bnu k\u0101 jomu, kur l\u012bdz\u0101s zin\u0101tnei un profesionalit\u0101tei noz\u012bm\u012bga loma ir kult\u016bras pieredzei, videi un attieksmei pret cilv\u0113ku.<\/p>\n<p>R\u012bgas Stradi\u0146a universit\u0101tes profesore un medic\u012bnas v\u0113sturniece Maija Pozemkovska st\u0101st\u012bs par Paula Stradi\u0146a person\u012bbu un vi\u0146a pla\u0161o redz\u0113jumu, Latvijas Nacion\u0101l\u0101 v\u0113stures muzeja Viduslaiku, jauno un jaun\u0101ko laiku v\u0113stures p\u0113tniec\u012bbas noda\u013cas vad\u012bt\u0101js Imants C\u012brulis iepaz\u012bstin\u0101s ar priek\u0161las\u012bjumu \u201cPaula Stradi\u0146a maz\u0101k zin\u0101mie talanti: kr\u0101su fotogr\u0101fijas pirms\u0101kumi Latvij\u0101\u201d, savuk\u0101rt Latvijas M\u0101kslas akad\u0113mijas profesors, akad\u0113mi\u0137is Oj\u0101rs Sp\u0101r\u012btis piev\u0113rs\u012bsies medic\u012bnas un m\u0101kslas v\u0113sturiskajai mijiedarb\u012bbai. Par kult\u016bras aktivit\u0101\u0161u noz\u012bmi slimn\u012bcas vid\u0113 st\u0101st\u012bs Zieme\u013cu dimensijas Kult\u016bras partner\u012bbas sekretari\u0101ta vad\u012bt\u0101ja Dace Resele.<\/p>\n<p>K\u0101 noz\u012bm\u012bga notikuma sast\u0101vda\u013ca tiks iepaz\u012bstin\u0101ta tekstilm\u0101kslinieka Egila Rozenberga izst\u0101de, kas iez\u012bm\u0113 laikmet\u012bgu dialogu starp m\u0101kslu un \u0101rstniec\u012bbas vidi, uzsverot m\u0101kslu nevis k\u0101 dekor\u0101ciju, bet akt\u012bvu slimn\u012bcas telpas un pacientu pieredzes sast\u0101vda\u013cu.<\/p>\n<p>Pas\u0101kuma programma apskat\u0101ma <a href=\"https:\/\/www.stradini.lv\/sites\/default\/files\/editor\/21janv_MedicinaunMaksla.pdf\" target=\"_blank\" rel=\"nofollow noopener\">\u0161eit<\/a>. Aicin\u0101ts ikviens interesents. Ieeja \u2013 bez maksas.<\/p>\n<p><img decoding=\"async\" src=\"https:\/\/www.europesays.com\/lv\/wp-content\/uploads\/2026\/01\/76JD7NNXI.PNG\" alt=\"\"\/><\/p>\n<p>Par Stradi\u0146a slimn\u012bcu<\/p>\n<p>Paula Stradi\u0146a Kl\u012bnisk\u0101 universit\u0101tes slimn\u012bca ir viena no liel\u0101kaj\u0101m daudzprofilu slimn\u012bc\u0101m valst\u012b, kas sniedz pilna apjoma neatliekamo un pl\u0101nveida medic\u012bnisko pal\u012bdz\u012bbu. Stradi\u0146a slimn\u012bca ir vien\u012bg\u0101 slimn\u012bca Latvij\u0101, kas nodro\u0161ina daudznozaru \u0101rst\u0113\u0161anu, tostarp sirds \u0137irur\u0123iju un org\u0101nu transplant\u0101ciju. Stradi\u0146a slimn\u012bca nodro\u0161ina pirms un p\u0113c diploma izgl\u012bt\u012bbu, veic zin\u0101tniskus p\u0113t\u012bjumus un nodro\u0161ina jaunu \u0101rstniec\u012bbas meto\u017eu un tehnolo\u0123iju aprob\u0113\u0161anu un ievie\u0161anu Latvij\u0101. Slimn\u012bca ir sept\u012btais liel\u0101kais darba dev\u0113js valst\u012b, kur str\u0101d\u0101 ap 3500 darbinieku.<\/p>\n<p>          <img decoding=\"async\" src=\"https:\/\/www.europesays.com\/lv\/wp-content\/uploads\/2026\/01\/1767645852_487_logo-lv.png\" alt=\"\"\/><\/p>\n<p>                  \u0160\u012b inform\u0101cija ir publisks pazi\u0146ojums un neatspogu\u013co LV port\u0101la viedokli. Par t\u0101s saturu atbild ies\u016bt\u012bt\u0101js. <a data-popup=\"rules\">Public\u0113\u0161anas noteikumi<\/a><\/p>\n","protected":false},"excerpt":{"rendered":"2026. gada 17. janv\u0101r\u012b izcilajam latvie\u0161u \u0101rstam, zin\u0101tniekam un sabiedriskajam darbiniekam Paulam Stradi\u0146am (1896\u20131958) aprit 130. jubileja. Par&hellip;\n","protected":false},"author":2,"featured_media":95583,"comment_status":"","ping_status":"","sticky":false,"template":"","format":"standard","meta":{"footnotes":""},"categories":[12],"tags":[23,28,29,32,33,22,30,31,35,39,38,36,37,34,40,20,26,27,24,25,21],"class_list":{"0":"post-101961","1":"post","2":"type-post","3":"status-publish","4":"format-standard","5":"has-post-thumbnail","7":"category-latvija","8":"tag-aktualitates","9":"tag-breaking-news","10":"tag-breakingnews","11":"tag-featured-news","12":"tag-featurednews","13":"tag-headlines","14":"tag-latest-news","15":"tag-latestnews","16":"tag-latvia","17":"tag-latvian","18":"tag-latviesu","19":"tag-latviesu-valoda","20":"tag-latviesuvaloda","21":"tag-latvija","22":"tag-lv","23":"tag-news","24":"tag-popularakas-zinas","25":"tag-popularakaszinas","26":"tag-top-stories","27":"tag-topstories","28":"tag-zinas"},"share_on_mastodon":{"url":"https:\/\/pubeurope.com\/@lv\/115881730588850623","error":""},"_links":{"self":[{"href":"https:\/\/www.europesays.com\/lv\/wp-json\/wp\/v2\/posts\/101961","targetHints":{"allow":["GET"]}}],"collection":[{"href":"https:\/\/www.europesays.com\/lv\/wp-json\/wp\/v2\/posts"}],"about":[{"href":"https:\/\/www.europesays.com\/lv\/wp-json\/wp\/v2\/types\/post"}],"author":[{"embeddable":true,"href":"https:\/\/www.europesays.com\/lv\/wp-json\/wp\/v2\/users\/2"}],"replies":[{"embeddable":true,"href":"https:\/\/www.europesays.com\/lv\/wp-json\/wp\/v2\/comments?post=101961"}],"version-history":[{"count":0,"href":"https:\/\/www.europesays.com\/lv\/wp-json\/wp\/v2\/posts\/101961\/revisions"}],"wp:featuredmedia":[{"embeddable":true,"href":"https:\/\/www.europesays.com\/lv\/wp-json\/wp\/v2\/media\/95583"}],"wp:attachment":[{"href":"https:\/\/www.europesays.com\/lv\/wp-json\/wp\/v2\/media?parent=101961"}],"wp:term":[{"taxonomy":"category","embeddable":true,"href":"https:\/\/www.europesays.com\/lv\/wp-json\/wp\/v2\/categories?post=101961"},{"taxonomy":"post_tag","embeddable":true,"href":"https:\/\/www.europesays.com\/lv\/wp-json\/wp\/v2\/tags?post=101961"}],"curies":[{"name":"wp","href":"https:\/\/api.w.org\/{rel}","templated":true}]}}