{"id":101964,"date":"2026-01-12T10:51:09","date_gmt":"2026-01-12T10:51:09","guid":{"rendered":"https:\/\/www.europesays.com\/lv\/101964\/"},"modified":"2026-01-12T10:51:09","modified_gmt":"2026-01-12T10:51:09","slug":"lidz-sim-janvari-nav-konstatets-neviens-meginajums-nelikumigi-skersot-baltkrievijas-latvijas-robezu-diena","status":"publish","type":"post","link":"https:\/\/www.europesays.com\/lv\/101964\/","title":{"rendered":"L\u012bdz \u0161im janv\u0101r\u012b nav konstat\u0113ts neviens m\u0113\u0123in\u0101jums nelikum\u012bgi \u0161\u0137\u0113rsot Baltkrievijas-Latvijas robe\u017eu \/ Diena"},"content":{"rendered":"<p>Savuk\u0101rt p\u0113d\u0113j\u0101s tr\u012bs dien\u0101s dro\u0161\u012bbas apsv\u0113rumu d\u0113\u013c iece\u013co\u0161ana Latvij\u0101 liegta 17 cilv\u0113kiem, tostarp Ukrainas, Lietuvas, Moldovas, V\u0101cijas, Krievijas Uzbekist\u0101nas, Baltkrievijas, Moldovas pilso\u0146iem.<\/p>\n<p>&#13;<br \/>\n&#13;<\/p>\n<p>Vald\u012bba l\u012bdz \u0161\u012b gada 30. j\u016bnijam pagarin\u0101jusi pastiprin\u0101t\u0101s robe\u017eapsardz\u012bbas re\u017e\u012bmu Baltkrievijas pierobe\u017e\u0101. Tas noteikts Baltkrievijas rad\u012bt\u0101s paaugstin\u0101t\u0101s neleg\u0101lo migrantu pl\u016bsmas d\u0113\u013c. Pastiprin\u0101t\u0101s kontroles re\u017e\u012bms noteikts Ludz\u0101 un Ludzas novada pagastos, Kr\u0101slav\u0101 un novada pagastos, Aug\u0161daugavas novad\u0101, Daugavpil\u012b un R\u0113zeknes novada Kaunatas pagast\u0101.<\/p>\n<p>&#13;<\/p>\n","protected":false},"excerpt":{"rendered":"Savuk\u0101rt p\u0113d\u0113j\u0101s tr\u012bs dien\u0101s dro\u0161\u012bbas apsv\u0113rumu d\u0113\u013c iece\u013co\u0161ana Latvij\u0101 liegta 17 cilv\u0113kiem, tostarp Ukrainas, Lietuvas, Moldovas, V\u0101cijas, Krievijas&hellip;\n","protected":false},"author":2,"featured_media":101965,"comment_status":"","ping_status":"","sticky":false,"template":"","format":"standard","meta":{"footnotes":""},"categories":[14],"tags":[23,57,28,29,32,33,22,30,31,35,39,38,36,37,34,40,20,26,27,24,25,54,55,56,21,58],"class_list":{"0":"post-101964","1":"post","2":"type-post","3":"status-publish","4":"format-standard","5":"has-post-thumbnail","7":"category-zinas-no-arvalstim","8":"tag-aktualitates","9":"tag-arvalstim","10":"tag-breaking-news","11":"tag-breakingnews","12":"tag-featured-news","13":"tag-featurednews","14":"tag-headlines","15":"tag-latest-news","16":"tag-latestnews","17":"tag-latvia","18":"tag-latvian","19":"tag-latviesu","20":"tag-latviesu-valoda","21":"tag-latviesuvaloda","22":"tag-latvija","23":"tag-lv","24":"tag-news","25":"tag-popularakas-zinas","26":"tag-popularakaszinas","27":"tag-top-stories","28":"tag-topstories","29":"tag-world","30":"tag-world-news","31":"tag-worldnews","32":"tag-zinas","33":"tag-zinas-no-arvalstim"},"share_on_mastodon":{"url":"https:\/\/pubeurope.com\/@lv\/115881750256183793","error":""},"_links":{"self":[{"href":"https:\/\/www.europesays.com\/lv\/wp-json\/wp\/v2\/posts\/101964","targetHints":{"allow":["GET"]}}],"collection":[{"href":"https:\/\/www.europesays.com\/lv\/wp-json\/wp\/v2\/posts"}],"about":[{"href":"https:\/\/www.europesays.com\/lv\/wp-json\/wp\/v2\/types\/post"}],"author":[{"embeddable":true,"href":"https:\/\/www.europesays.com\/lv\/wp-json\/wp\/v2\/users\/2"}],"replies":[{"embeddable":true,"href":"https:\/\/www.europesays.com\/lv\/wp-json\/wp\/v2\/comments?post=101964"}],"version-history":[{"count":0,"href":"https:\/\/www.europesays.com\/lv\/wp-json\/wp\/v2\/posts\/101964\/revisions"}],"wp:featuredmedia":[{"embeddable":true,"href":"https:\/\/www.europesays.com\/lv\/wp-json\/wp\/v2\/media\/101965"}],"wp:attachment":[{"href":"https:\/\/www.europesays.com\/lv\/wp-json\/wp\/v2\/media?parent=101964"}],"wp:term":[{"taxonomy":"category","embeddable":true,"href":"https:\/\/www.europesays.com\/lv\/wp-json\/wp\/v2\/categories?post=101964"},{"taxonomy":"post_tag","embeddable":true,"href":"https:\/\/www.europesays.com\/lv\/wp-json\/wp\/v2\/tags?post=101964"}],"curies":[{"name":"wp","href":"https:\/\/api.w.org\/{rel}","templated":true}]}}