{"id":101966,"date":"2026-01-12T10:52:07","date_gmt":"2026-01-12T10:52:07","guid":{"rendered":"https:\/\/www.europesays.com\/lv\/101966\/"},"modified":"2026-01-12T10:52:07","modified_gmt":"2026-01-12T10:52:07","slug":"sakas-pieteiksanas-bezmaksas-latviesu-valodas-kursiem-riga-apmacis-vismaz-596-pieaugusos-raksts","status":"publish","type":"post","link":"https:\/\/www.europesays.com\/lv\/101966\/","title":{"rendered":"S\u0101kas pieteik\u0161an\u0101s bezmaksas latvie\u0161u valodas kursiem R\u012bg\u0101; apm\u0101c\u012bs vismaz 596 pieaugu\u0161os \/ Raksts"},"content":{"rendered":"<p>Pirmdien, 12.\u00a0janv\u0101r\u012b, s\u0101kusies pieteik\u0161an\u0101s bezmaksas latvie\u0161u valodas kursiem R\u012bg\u0101 \u2013 tajos vismaz 596 pieaugu\u0161ie r\u012bdzinieki \u0161ogad var\u0113s apg\u016bt latvie\u0161u valodu. Kursus atbalsta R\u012bgas pa\u0161vald\u012bba.\u00a0<\/p>\n<p>Kursi ir dom\u0101ti tiem iedz\u012bvot\u0101jiem, kuru dzimt\u0101 valoda nav latvie\u0161u, un valodu var\u0113s apg\u016bt A un B l\u012bme\u0146a grup\u0101s. Pa\u0161vald\u012bbai \u0161ogad tas izmaks\u0101s vair\u0101k nek\u0101 150 000 eiro.\u00a0<\/p>\n<p>Interese par kursiem ir liela.\u00a0R\u012bgas Apkaimju iedz\u012bvot\u0101ju centra Sabiedr\u012bbas integr\u0101cijas un l\u012bdzdal\u012bbas noda\u013cas projektu vad\u012bt\u0101ja\u00a0Irina Vasi\u013cjeva nor\u0101d\u012bja, ka\u00a0&#8220;no s\u0101kuma grupas tiks uz\u0146emtas ar rezervi, jo m\u0113s zin\u0101m, ka ne visi ir sp\u0113j\u012bgi pabeigt kursus&#8221;.\u00a0<\/p>\n<p>\u00a0R\u012bgas Apkaimju Iedz\u012bvot\u0101ju Centra sabiedr\u012bbas integr\u0101cijas un l\u012bdzdal\u012bbas noda\u013cas projektu vad\u012bt\u0101ja\u00a0Irina Vasi\u013cjeva<\/p>\n<p>00:00 \/ 00:29<\/p>\n<p>\t\t\t\t\t    <a class=\"player-download\" href=\"https:\/\/static.lsm.lv\/media\/2026\/01\/sg1h.mp3\" target=\"_blank\" rel=\"nofollow noopener\"> Lejupl\u0101d\u0113t<\/a><\/p>\n<p>\u0145ikita Andrejevs \/ Latvijas Radio<\/p>\n<p>&#8220;Da\u017ei atsak\u0101s jau kursu s\u0101kuma, jo, pie\u0146emsim, ir main\u012bju\u0161ies apst\u0101k\u013ci un cilv\u0113ks saprot, ka vi\u0146\u0161 nevar\u0113s apmekl\u0113t kursus. Protams, ja tas notiek kursu s\u0101kum\u0101, tad \u0161ie cilv\u0113ki tiks aizst\u0101ti ar citiem iedz\u012bvot\u0101jiem no rezerves saraksta un tiks apm\u0101c\u012bts liel\u0101ks cilv\u0113ku skaits,&#8221; sac\u012bja Vasi\u013cjeva. Vi\u0146a uzsv\u0113ra, ka minim\u0101lais skaits cilv\u0113ku, kuri \u0161ogad var\u0113s apg\u016bt latvie\u0161u valodu \u0161ajos kursos ir 596.\u00a0<\/p>\n<p>P\u0113rn kursus pabeigu\u0161i 597 r\u012bdzinieki, bet tiem s\u0101kotn\u0113ji pieteic\u0101s 766. Savuk\u0101rt m\u0113r\u0137is 2025.\u00a0gad\u0101 bija apm\u0101c\u012bt 576 cilv\u0113kus.\u00a0<\/p>\n<p>\u0160ogad \u0161im m\u0101c\u012bb\u0101m atv\u0113l\u0113ti 150 000 eiro. Vasi\u013cjevas ieskat\u0101\u00a0nav lielas nepiecie\u0161am\u012bbas palielin\u0101t studentu apjomus. Tas ir saist\u012bts ne vien ar finans\u0113jumu, bet ar\u012b ar m\u0101c\u012bbu iest\u0101\u017eu kapacit\u0101ti, tostarp ar skolot\u0101ju pieejam\u012bbu. Bet, ja finans\u0113jums b\u016btu liel\u0101ks, interese b\u016btu liel\u0101ka, un pieejamo skolot\u0101ju b\u016btu vair\u0101k, par to var\u0113tu dom\u0101t.\u00a0<\/p>\n<blockquote>\n<p>Vasi\u013cjeva nor\u0101d\u012bja, ka kursu grupas parasti tiek sav\u0101ktas vai nu da\u017eu stundu, vai nu da\u017eu dienu laik\u0101.\u00a0<\/p>\n<\/blockquote>\n<p>Tas ar\u012b liecina par \u0161o kursu popularit\u0101ti, bet vi\u0146a pau\u017e, ka, iesp\u0113jams, iedz\u012bvot\u0101ji ir vair\u0101k inform\u0113ti par pa\u0161vald\u012bbas pied\u0101v\u0101jumu. Jo ir ar\u012b citas atbalsta programmas, kurus nodro\u0161ina citas m\u0101c\u012bbu iest\u0101des.<\/p>\n<p>Vasi\u013cjeva sac\u012bja, ka \u0161obr\u012bd pieteik\u0161an\u0101s jau akt\u012bvi notiek. Iedz\u012bvot\u0101jiem Vasi\u013cjeva iesaka atrast vienu no pieejam\u0101m m\u0101c\u012bbu iest\u0101d\u0113m m\u0101jaslap\u0101 &#8220;apkaimes.lv&#8221; un sazin\u0101ties ar to. M\u0101c\u012bbas notiks gan pirmaj\u0101, gan otraj\u0101 pusgad\u0101.\u00a0<\/p>\n<p>\u00a0R\u012bgas Apkaimju Iedz\u012bvot\u0101ju Centra sabiedr\u012bbas integr\u0101cijas un l\u012bdzdal\u012bbas noda\u013cas projektu vad\u012bt\u0101ja\u00a0Irina Vasi\u013cjeva<\/p>\n<p>00:00 \/ 00:29<\/p>\n<p>\t\t\t\t\t    <a class=\"player-download\" href=\"https:\/\/static.lsm.lv\/media\/2026\/01\/sg1i.mp3\" target=\"_blank\" rel=\"nofollow noopener\"> Lejupl\u0101d\u0113t<\/a><\/p>\n<p>\u0145ikita Andrejevs \/ Latvijas Radio<\/p>\n<p>&#8220;Protams, \u0161odien b\u016bs gr\u016bti sazvan\u012bt. Varb\u016bt v\u0113l ir v\u0113rts mazliet uzgaid\u012bt un pierakst\u012bties ar\u012b rezerves sarakst\u0101, jo bie\u017ei vien gad\u0101s, ka pirmaj\u0101 dien\u0101 visi akt\u012bvi zvana, piesak\u0101s un p\u0113c tam cilv\u0113kiem main\u0101s viedoklis par to, ka &#8220;varb\u016bt es to tom\u0113r tagad nevar\u0113\u0161u&#8221;\u00a0un t\u0101 cilv\u0113ki no rezerves saraksta\u00a0 \u013coti veiksm\u012bgi tiek pamatsarakst\u0101,&#8221; sac\u012bja Vasi\u013cjeva.<\/p>\n<p>M\u0101c\u012bbu s\u0101kum\u0101 tiek test\u0113ti kursu dal\u012bbnieki, lai noteiktu, kur\u0101 valodas l\u012bme\u0146a grup\u0101 b\u016btu j\u0101m\u0101c\u0101s. T\u0101pat b\u016btiski, ka\u00a0t\u0101 pa\u0161as valodas l\u012bme\u0146a grup\u0101s m\u0101c\u012bties divreiz nevar\u0113s.\u00a0<\/p>\n<p>Kop\u0161 2011.\u00a0gada \u0161\u0101dus kursu R\u012bg\u0101 pabeigu\u0161i vair\u0101k nek\u0101 16 t\u016bksto\u0161i r\u012bdzinieku.<\/p>\n<p>                    Valodas k\u013c\u016bda rakst\u0101?<\/p>\n<p class=\"d-none d-md-block\">Iez\u012bm\u0113jiet tekstu un spiediet Ctrl+Enter, lai nos\u016bt\u012btu labojamo teksta fragmentu redaktoram! Par faktu k\u013c\u016bd\u0101m l\u016bdzam zi\u0146ot e-past\u0101 <a href=\"https:\/\/www.lsm.lv\/cdn-cgi\/l\/email-protection\" class=\"__cf_email__\" data-cfemail=\"0f7d6a6b6e646c66656e4f637c62216379\" rel=\"nofollow noopener\" target=\"_blank\">[email\u00a0protected]<\/a>.<\/p>\n<p class=\"d-md-none\">Iez\u012bm\u0113jiet tekstu un spiediet uz Zi\u0146ot par k\u013c\u016bdu pogas, lai nos\u016bt\u012btu labojamo teksta fragmentu redaktoram!<\/p>\n<p>\n                    Zi\u0146ot par k\u013c\u016bdu\n                <\/p>\n","protected":false},"excerpt":{"rendered":"Pirmdien, 12.\u00a0janv\u0101r\u012b, s\u0101kusies pieteik\u0161an\u0101s bezmaksas latvie\u0161u valodas kursiem R\u012bg\u0101 \u2013 tajos vismaz 596 pieaugu\u0161ie r\u012bdzinieki \u0161ogad var\u0113s apg\u016bt&hellip;\n","protected":false},"author":2,"featured_media":101967,"comment_status":"","ping_status":"","sticky":false,"template":"","format":"standard","meta":{"footnotes":""},"categories":[12],"tags":[23,28,29,32,33,22,30,31,35,39,38,36,37,34,40,20,26,27,24,25,21],"class_list":{"0":"post-101966","1":"post","2":"type-post","3":"status-publish","4":"format-standard","5":"has-post-thumbnail","7":"category-latvija","8":"tag-aktualitates","9":"tag-breaking-news","10":"tag-breakingnews","11":"tag-featured-news","12":"tag-featurednews","13":"tag-headlines","14":"tag-latest-news","15":"tag-latestnews","16":"tag-latvia","17":"tag-latvian","18":"tag-latviesu","19":"tag-latviesu-valoda","20":"tag-latviesuvaloda","21":"tag-latvija","22":"tag-lv","23":"tag-news","24":"tag-popularakas-zinas","25":"tag-popularakaszinas","26":"tag-top-stories","27":"tag-topstories","28":"tag-zinas"},"share_on_mastodon":{"url":"https:\/\/pubeurope.com\/@lv\/115881754201464586","error":""},"_links":{"self":[{"href":"https:\/\/www.europesays.com\/lv\/wp-json\/wp\/v2\/posts\/101966","targetHints":{"allow":["GET"]}}],"collection":[{"href":"https:\/\/www.europesays.com\/lv\/wp-json\/wp\/v2\/posts"}],"about":[{"href":"https:\/\/www.europesays.com\/lv\/wp-json\/wp\/v2\/types\/post"}],"author":[{"embeddable":true,"href":"https:\/\/www.europesays.com\/lv\/wp-json\/wp\/v2\/users\/2"}],"replies":[{"embeddable":true,"href":"https:\/\/www.europesays.com\/lv\/wp-json\/wp\/v2\/comments?post=101966"}],"version-history":[{"count":0,"href":"https:\/\/www.europesays.com\/lv\/wp-json\/wp\/v2\/posts\/101966\/revisions"}],"wp:featuredmedia":[{"embeddable":true,"href":"https:\/\/www.europesays.com\/lv\/wp-json\/wp\/v2\/media\/101967"}],"wp:attachment":[{"href":"https:\/\/www.europesays.com\/lv\/wp-json\/wp\/v2\/media?parent=101966"}],"wp:term":[{"taxonomy":"category","embeddable":true,"href":"https:\/\/www.europesays.com\/lv\/wp-json\/wp\/v2\/categories?post=101966"},{"taxonomy":"post_tag","embeddable":true,"href":"https:\/\/www.europesays.com\/lv\/wp-json\/wp\/v2\/tags?post=101966"}],"curies":[{"name":"wp","href":"https:\/\/api.w.org\/{rel}","templated":true}]}}