{"id":101974,"date":"2026-01-12T10:57:06","date_gmt":"2026-01-12T10:57:06","guid":{"rendered":"https:\/\/www.europesays.com\/lv\/101974\/"},"modified":"2026-01-12T10:57:06","modified_gmt":"2026-01-12T10:57:06","slug":"foto-ari-toposajai-karalienei-ir-problemas-keita-nonakusi-sarezgitas-izveles-prieksa-dela-audzinasana","status":"publish","type":"post","link":"https:\/\/www.europesays.com\/lv\/101974\/","title":{"rendered":"FOTO. Ar\u012b topo\u0161ajai karalienei ir probl\u0113mas. Keita non\u0101kusi sare\u017e\u0123\u012btas izv\u0113les priek\u0161\u0101 d\u0113la audzin\u0101\u0161an\u0101"},"content":{"rendered":"<p>            Velsas princeses Keitas Midltones public\u0113tie z\u012bm\u0113jumi<\/p>\n<p>12:39, 12. janv\u0101ris 2026<\/p>\n<p>Velsas princese Keita Midltone izj\u016bt \u012bpa\u0161u atbild\u012bbu prin\u010da D\u017eord\u017ea audzin\u0101\u0161an\u0101 un cen\u0161as atrast l\u012bdzsvaru starp topo\u0161\u0101 monarha sagatavo\u0161anu vi\u0146a n\u0101kotnei un v\u0113lmi d\u0113lam d\u0101v\u0101t p\u0113c iesp\u0113jas parastu b\u0113rn\u012bbu.<\/p>\n<p>        Las\u012bt\u0101kie<br \/>\n        <a data-imagesrc=\"{&quot;300&quot;:&quot;https:\\\/\\\/lastatic.ams3.cdn.digitaloceanspaces.com\\\/2026\\\/01\\\/pexels-cottonbro-9654725-300x200.jpg&quot;,&quot;1024&quot;:&quot;https:\\\/\\\/lastatic.ams3.cdn.digitaloceanspaces.com\\\/2026\\\/01\\\/pexels-cottonbro-9654725-1024x683.jpg&quot;,&quot;1536&quot;:&quot;https:\\\/\\\/lastatic.ams3.cdn.digitaloceanspaces.com\\\/2026\\\/01\\\/pexels-cottonbro-9654725-1536x1024.jpg&quot;,&quot;500&quot;:&quot;https:\\\/\\\/lastatic.ams3.cdn.digitaloceanspaces.com\\\/2026\\\/01\\\/pexels-cottonbro-9654725-500x333.jpg&quot;,&quot;800&quot;:&quot;https:\\\/\\\/lastatic.ams3.cdn.digitaloceanspaces.com\\\/2026\\\/01\\\/pexels-cottonbro-9654725-800x533.jpg&quot;,&quot;2560&quot;:&quot;https:\\\/\\\/lastatic.ams3.cdn.digitaloceanspaces.com\\\/2026\\\/01\\\/pexels-cottonbro-9654725-scaled.jpg&quot;}\" data-focuspoint=\"&quot;&quot;\" data-p=\"2488952\" href=\"https:\/\/www.la.lv\/astrologi-sarindojusi-zodiaka-zimes-pec-prata-spejam-pirmo-vietu-aiznem-dvini-bet-pedejo\" class=\"content-item lazy-load\" wp_automatic_readability=\"27\" rel=\"nofollow noopener\" target=\"_blank\"><\/p>\n<p>                                <img decoding=\"async\" src=\"\" alt=\"\" style=\"\" data-imageid=\"\"\/><\/p>\n<p>                                Kokteilis<\/p>\n<p>\n                                                Astrologi sarindoju\u0161i zodiaka z\u012bmes p\u0113c pr\u0101ta sp\u0113j\u0101m: pirmo vietu aiz\u0146em Dv\u012b\u0146i, bet p\u0113d\u0113jo\u2026\n                            <\/p>\n<p><\/a><a data-imagesrc=\"{&quot;300&quot;:&quot;https:\\\/\\\/lastatic.ams3.cdn.digitaloceanspaces.com\\\/2025\\\/04\\\/LET_24510420-1-300x198.jpg&quot;,&quot;768&quot;:&quot;https:\\\/\\\/lastatic.ams3.cdn.digitaloceanspaces.com\\\/2025\\\/04\\\/LET_24510420-1-768x506.jpg&quot;,&quot;200&quot;:&quot;https:\\\/\\\/lastatic.ams3.cdn.digitaloceanspaces.com\\\/2025\\\/04\\\/LET_24510420-1-200x132.jpg&quot;,&quot;400&quot;:&quot;https:\\\/\\\/lastatic.ams3.cdn.digitaloceanspaces.com\\\/2025\\\/04\\\/LET_24510420-1-400x264.jpg&quot;,&quot;500&quot;:&quot;https:\\\/\\\/lastatic.ams3.cdn.digitaloceanspaces.com\\\/2025\\\/04\\\/LET_24510420-1-500x330.jpg&quot;,&quot;800&quot;:&quot;https:\\\/\\\/lastatic.ams3.cdn.digitaloceanspaces.com\\\/2025\\\/04\\\/LET_24510420-1-800x527.jpg&quot;,&quot;1000&quot;:&quot;https:\\\/\\\/lastatic.ams3.cdn.digitaloceanspaces.com\\\/2025\\\/04\\\/LET_24510420-1.jpg&quot;}\" data-focuspoint=\"&quot;&quot;\" data-p=\"2492578\" href=\"https:\/\/www.la.lv\/gripai-sogad-ir-neparasts-simptoms-kas-ipasi-mulsina-pacientus\" class=\"content-item lazy-load\" wp_automatic_readability=\"26.5\" rel=\"nofollow noopener\" target=\"_blank\"><\/p>\n<p>                                <img decoding=\"async\" src=\"\" alt=\"\" style=\"\" data-imageid=\"\"\/><\/p>\n<p>\n                                                Gripai \u0161ogad ir neparasts simptoms, kas \u012bpa\u0161i mulsina pacientus<\/p>\n<p><\/a><a data-imagesrc=\"{&quot;300&quot;:&quot;https:\\\/\\\/lastatic.ams3.cdn.digitaloceanspaces.com\\\/2026\\\/01\\\/LET_24880109-300x201.jpg&quot;,&quot;1024&quot;:&quot;https:\\\/\\\/lastatic.ams3.cdn.digitaloceanspaces.com\\\/2026\\\/01\\\/LET_24880109-1024x684.jpg&quot;,&quot;1536&quot;:&quot;https:\\\/\\\/lastatic.ams3.cdn.digitaloceanspaces.com\\\/2026\\\/01\\\/LET_24880109-1536x1027.jpg&quot;,&quot;500&quot;:&quot;https:\\\/\\\/lastatic.ams3.cdn.digitaloceanspaces.com\\\/2026\\\/01\\\/LET_24880109-500x334.jpg&quot;,&quot;800&quot;:&quot;https:\\\/\\\/lastatic.ams3.cdn.digitaloceanspaces.com\\\/2026\\\/01\\\/LET_24880109-800x535.jpg&quot;,&quot;2560&quot;:&quot;https:\\\/\\\/lastatic.ams3.cdn.digitaloceanspaces.com\\\/2026\\\/01\\\/LET_24880109-scaled.jpg&quot;}\" data-focuspoint=\"&quot;&quot;\" data-p=\"2492591\" href=\"https:\/\/www.la.lv\/latviesi-tiek-aicinati-rit-piedalities-ipasi-sirsniga-akcija-par-godu-raimonda-paula-90-jubilejai\" class=\"content-item lazy-load\" wp_automatic_readability=\"26.5\" rel=\"nofollow noopener\" target=\"_blank\"><\/p>\n<p>                                <img decoding=\"async\" src=\"\" alt=\"\" style=\"\" data-imageid=\"\"\/><\/p>\n<p>                                Kokteilis<\/p>\n<p>\n                                                Latvie\u0161i tiek aicin\u0101ti r\u012bt piedal\u012bties \u012bpa\u0161i sirsn\u012bg\u0101 akcij\u0101 par godu Raimonda Paula 90.jubilejai\n                            <\/p>\n<p><\/a><br \/>\n        <a class=\"read-more\" href=\"https:\/\/www.la.lv\/top\" rel=\"nofollow noopener\" target=\"_blank\">Las\u012bt citas zi\u0146as<\/a><\/p>\n<p>\u0160\u012bs Keitas p\u0101rdomas public\u0113jusi laikraksta The Times karalisk\u0101 koment\u0113t\u0101ja Keita Mensija. Raksts nosaukts \u201cKeita b\u016bs karaliene, kas patiesi prot klaus\u012bties\u201d. P\u0113c autores teikt\u0101, viena no liel\u0101kaj\u0101m Keitas bail\u0113m ir, lai vec\u0101kais d\u0113ls nekad nejustos vientu\u013c\u0161.<\/p>\n<p>Neraugoties uz karalisko statusu, Keita un princis Viljams dara visu iesp\u0113jamo, lai vi\u0146u b\u0113rni \u2013 12 gadus vecais D\u017eord\u017es, 10 gadus vec\u0101 \u0160arlote un 7 gadus vecais Luijs \u2013 dz\u012bvotu p\u0113c iesp\u0113jas norm\u0101l\u0101ku dz\u012bvi. Princese uzst\u0101j, ka pati ved un sagaida b\u0113rnus pie skolas, nevis uztic \u0161o pien\u0101kumu auklei, vienlaikus D\u017eord\u017es ir pieradis ar\u012b pal\u012bdz\u0113t ikdienas darbos un pavad\u012bt radiniekus ikdieni\u0161\u0137\u0101s gait\u0101s.<\/p>\n<p>    CITI \u0160OBR\u012aD LASA<\/p>\n<p>Raksts atkl\u0101j Keitu ar\u012b maz\u0101k form\u0101l\u0101 gaism\u0101. Vi\u0146a tiek raksturota k\u0101 cilv\u0113ks, kur\u0161 m\u0113dz pazaud\u0113t telefonu, jokot par savu b\u0113rnu \u201cme\u017eon\u012bgo\u201d ener\u0123iju un atkl\u0101ti run\u0101t par t\u0101 d\u0113v\u0113to m\u0101tes vainas saj\u016btu. Atsevi\u0161\u0137i piemin\u0113ta ar\u012b vi\u0146as c\u012b\u0146a ar onkolo\u0123isku slim\u012bbu, kas b\u016btiski main\u012bjusi Keitas skat\u012bjumu uz dz\u012bvi, gar\u012bgumu un priorit\u0101t\u0113m.<\/p>\n<p>\u0160obr\u012bd Keitas un Viljama galven\u0101 uzman\u012bba ir velt\u012bta \u0123imenei, k\u0101 ar\u012b pak\u0101peniskai, \u013coti piesardz\u012bgai prin\u010da D\u017eord\u017ea sagatavo\u0161anai vi\u0146a n\u0101kotnes lomai. Pag\u0101ju\u0161aj\u0101 gad\u0101 z\u0113ns jau piedal\u012bj\u0101s vair\u0101kos publiskos pas\u0101kumos \u2013 tostarp apmekl\u0113ja Piemi\u0146as festiv\u0101lu Karaliskaj\u0101 Alberta z\u0101l\u0113 un tik\u0101s ar kara veter\u0101niem.<\/p>\n<p>            Keitas Midltones m\u0113telis<\/p>\n<p>            Keitas Midltones ti\u0101ras<\/p>\n<p>            Keita pirmo reizi \u0161ogad iziet sabiedr\u012bb\u0101<\/p>\n<p>T\u0113mas<\/p>\n<p>    SAIST\u012aTIE RAKSTI<\/p>\n","protected":false},"excerpt":{"rendered":"Velsas princeses Keitas Midltones public\u0113tie z\u012bm\u0113jumi 12:39, 12. janv\u0101ris 2026 Velsas princese Keita Midltone izj\u016bt \u012bpa\u0161u atbild\u012bbu prin\u010da&hellip;\n","protected":false},"author":2,"featured_media":101975,"comment_status":"","ping_status":"","sticky":false,"template":"","format":"standard","meta":{"footnotes":""},"categories":[14],"tags":[23,57,28,29,32,33,22,30,31,35,39,38,36,37,34,40,20,26,27,24,25,54,55,56,21,58],"class_list":{"0":"post-101974","1":"post","2":"type-post","3":"status-publish","4":"format-standard","5":"has-post-thumbnail","7":"category-zinas-no-arvalstim","8":"tag-aktualitates","9":"tag-arvalstim","10":"tag-breaking-news","11":"tag-breakingnews","12":"tag-featured-news","13":"tag-featurednews","14":"tag-headlines","15":"tag-latest-news","16":"tag-latestnews","17":"tag-latvia","18":"tag-latvian","19":"tag-latviesu","20":"tag-latviesu-valoda","21":"tag-latviesuvaloda","22":"tag-latvija","23":"tag-lv","24":"tag-news","25":"tag-popularakas-zinas","26":"tag-popularakaszinas","27":"tag-top-stories","28":"tag-topstories","29":"tag-world","30":"tag-world-news","31":"tag-worldnews","32":"tag-zinas","33":"tag-zinas-no-arvalstim"},"share_on_mastodon":{"url":"https:\/\/pubeurope.com\/@lv\/115881774197792303","error":""},"_links":{"self":[{"href":"https:\/\/www.europesays.com\/lv\/wp-json\/wp\/v2\/posts\/101974","targetHints":{"allow":["GET"]}}],"collection":[{"href":"https:\/\/www.europesays.com\/lv\/wp-json\/wp\/v2\/posts"}],"about":[{"href":"https:\/\/www.europesays.com\/lv\/wp-json\/wp\/v2\/types\/post"}],"author":[{"embeddable":true,"href":"https:\/\/www.europesays.com\/lv\/wp-json\/wp\/v2\/users\/2"}],"replies":[{"embeddable":true,"href":"https:\/\/www.europesays.com\/lv\/wp-json\/wp\/v2\/comments?post=101974"}],"version-history":[{"count":0,"href":"https:\/\/www.europesays.com\/lv\/wp-json\/wp\/v2\/posts\/101974\/revisions"}],"wp:featuredmedia":[{"embeddable":true,"href":"https:\/\/www.europesays.com\/lv\/wp-json\/wp\/v2\/media\/101975"}],"wp:attachment":[{"href":"https:\/\/www.europesays.com\/lv\/wp-json\/wp\/v2\/media?parent=101974"}],"wp:term":[{"taxonomy":"category","embeddable":true,"href":"https:\/\/www.europesays.com\/lv\/wp-json\/wp\/v2\/categories?post=101974"},{"taxonomy":"post_tag","embeddable":true,"href":"https:\/\/www.europesays.com\/lv\/wp-json\/wp\/v2\/tags?post=101974"}],"curies":[{"name":"wp","href":"https:\/\/api.w.org\/{rel}","templated":true}]}}