{"id":101988,"date":"2026-01-12T11:05:10","date_gmt":"2026-01-12T11:05:10","guid":{"rendered":"https:\/\/www.europesays.com\/lv\/101988\/"},"modified":"2026-01-12T11:05:10","modified_gmt":"2026-01-12T11:05:10","slug":"kornvolas-hercogistes-parskats-viljama-un-keitas-ienakumi","status":"publish","type":"post","link":"https:\/\/www.europesays.com\/lv\/101988\/","title":{"rendered":"Kornvolas hercogistes p\u0101rskats: Viljama un Keitas ien\u0101kumi"},"content":{"rendered":"<p class=\"descr\">Kornvolas hercogiste ir public\u0113jusi jaunu finan\u0161u p\u0101rskatu, kur\u0101 atkl\u0101ti prin\u010da Viljama un Keitas Midltones gada ien\u0101kumi. Dokuments ir izrais\u012bjis pla\u0161u sabiedr\u012bbas interesi, jo taj\u0101 ir s\u012bki aprakst\u012bts, k\u0101 viena no Lielbrit\u0101nijas monarhijas galvenaj\u0101m \u0123imen\u0113m finans\u0113 savu darb\u012bbu.<\/p>\n<p>Cik pelna Velsas princis un princese?<\/p>\n<p>Saska\u0146\u0101 ar Kornvolas hercogistes 2024.-2025. finan\u0161u gada p\u0101rskatu prin\u010da <a href=\"https:\/\/nra.lv\/birka\/princis-viljams\/\" target=\"_blank\" rel=\"noopener nofollow\">Viljama<\/a> un <a href=\"https:\/\/nra.lv\/birka\/keita-midlotne\/\" target=\"_blank\" rel=\"noopener nofollow\">Keitas<\/a> kop\u0113jie ien\u0101kumi bija aptuveni 31 miljons ASV dol\u0101ru, kas atbilst aptuveni 28-29 miljoniem eiro.<\/p>\n<p>\u0160ie l\u012bdzek\u013ci tiek izmantoti, lai segtu:<\/p>\n<p>p\u0101ra ofici\u0101los un reprezent\u0101cijas izdevumus,<br \/>\u0123imenes priv\u0101t\u0101s vajadz\u012bbas,<br \/>labdar\u012bbas aktivit\u0101tes,<br \/>reziden\u010du uztur\u0113\u0161anu,<br \/>un vi\u0146u b\u0113rnu &#8211; prin\u010da D\u017eord\u017ea, princeses \u0160arlotes un prin\u010da Luisa &#8211; uztur\u0113\u0161an\u0101s izdevumus.<\/p>\n<p>Zi\u0146ojum\u0101 uzsv\u0113rts, ka \u0161\u012b nav person\u012bg\u0101 &#8220;alga&#8221;, bet gan bud\u017eets, kas finans\u0113 tro\u0146mantnieka un vi\u0146a \u0123imenes sabiedrisk\u0101s un soci\u0101l\u0101s lomas.<\/p>\n<p>Kas ir Kornvolas hercogiste?<\/p>\n<p>Princis Viljams mantoja Kornvolas hercogistes titulu un akt\u012bvus 2022. gad\u0101, kad vi\u0146a t\u0113vs \u010c\u0101rlzs III k\u013cuva par Apvienot\u0101s Karalistes karali. Pa\u0161u hercogisti 1337. gad\u0101 dibin\u0101ja karalis Edvards III k\u0101 ien\u0101kumu avotu valdo\u0161\u0101 monarha vec\u0101kajam d\u0113lam.<\/p>\n<p>Patlaban hercogistes akt\u012bvu v\u0113rt\u012bba p\u0101rsniedz 1 miljardu ASV dol\u0101ru. Tie ietver:<\/p>\n<p>lauksaimniec\u012bbas zemi,<br \/>dz\u012bvojamos un komerci\u0101los \u012bpa\u0161umus,<br \/>teritorijas 23 Anglijas gr\u0101fist\u0113s,<br \/>ar kop\u0113jo plat\u012bbu vair\u0101k nek\u0101 130 000 akru.<\/p>\n<p>Ekolo\u0123ija un dz\u012bves kvalit\u0101te nav tikai naudas jaut\u0101jums.<\/p>\n<p>Zi\u0146ojum\u0101 ar\u012b uzsv\u0113rts, ka hercogistes darb\u012bba sniedzas t\u0101lu aiz finan\u0161u robe\u017e\u0101m. P\u0113d\u0113jos gados \u012bpa\u0161a uzman\u012bba tiek piev\u0113rsta ilgtsp\u0113j\u012bgai att\u012bst\u012bbai un videi. K\u0101 nor\u0101da hercogistes arh\u012bva vad\u012bt\u0101js Vils Bakss, \u012bpa\u0161ums konsekventi virz\u0101s uz klimatneitralit\u0101ti.<\/p>\n<p>P\u0113d\u0113j\u0101 gada laik\u0101 tika izveidoti aptuveni 400 hekt\u0101ri jaunu dabas teritoriju, un kop\u012bg\u0101 p\u0113t\u012bjum\u0101 ar Fields In Trust tika atkl\u0101ts: 99 % iedz\u012bvot\u0101ju re\u0123ionos, kuros darbojas hercogiste, ir piek\u013cuve za\u013caj\u0101m zon\u0101m un dabai.<\/p>\n<p>Britu monarhijas finan\u0161u modelis, k\u0101 liecina \u0161is zi\u0146ojums, apvieno gadsimtiem senas trad\u012bcijas ar m\u016bsdien\u012bgu pieeju \u2014 p\u0101rredzam\u012bbu, soci\u0101lo atbild\u012bbu un uzman\u012bbu videi. Tro\u0146mantnieka ien\u0101kumi nav grezn\u012bba grezn\u012bbas p\u0113c, bet gan instruments, lai atbalst\u012btu karalisk\u0101s \u0123imenes sabiedrisko, labdar\u012bbas un soci\u0101lo lomu.<\/p>\n<p>\t\t\t\t\t\tinfo<\/p>\n<p>Uzzini pirmais<br \/>kas interesants noticis Latvij\u0101 un pasaul\u0113,<br \/>pievienojoties mums <a href=\"https:\/\/t.me\/neatkariga\" rel=\"nofollow\">Telegram<\/a> vai <a href=\"https:\/\/whatsapp.com\/channel\/0029VaMLFUH5K3zLU5s4wm3y\" rel=\"nofollow noopener\" target=\"_blank\">Whatsapp<\/a> kan\u0101l\u0101<\/p>\n","protected":false},"excerpt":{"rendered":"Kornvolas hercogiste ir public\u0113jusi jaunu finan\u0161u p\u0101rskatu, kur\u0101 atkl\u0101ti prin\u010da Viljama un Keitas Midltones gada ien\u0101kumi. Dokuments ir&hellip;\n","protected":false},"author":2,"featured_media":101989,"comment_status":"","ping_status":"","sticky":false,"template":"","format":"standard","meta":{"footnotes":""},"categories":[5],"tags":[23,28,29,32,33,22,30,31,35,39,38,36,37,34,40,20,26,27,24,25,21],"class_list":{"0":"post-101988","1":"post","2":"type-post","3":"status-publish","4":"format-standard","5":"has-post-thumbnail","7":"category-aktualitates","8":"tag-aktualitates","9":"tag-breaking-news","10":"tag-breakingnews","11":"tag-featured-news","12":"tag-featurednews","13":"tag-headlines","14":"tag-latest-news","15":"tag-latestnews","16":"tag-latvia","17":"tag-latvian","18":"tag-latviesu","19":"tag-latviesu-valoda","20":"tag-latviesuvaloda","21":"tag-latvija","22":"tag-lv","23":"tag-news","24":"tag-popularakas-zinas","25":"tag-popularakaszinas","26":"tag-top-stories","27":"tag-topstories","28":"tag-zinas"},"share_on_mastodon":{"url":"https:\/\/pubeurope.com\/@lv\/115881805388611147","error":""},"_links":{"self":[{"href":"https:\/\/www.europesays.com\/lv\/wp-json\/wp\/v2\/posts\/101988","targetHints":{"allow":["GET"]}}],"collection":[{"href":"https:\/\/www.europesays.com\/lv\/wp-json\/wp\/v2\/posts"}],"about":[{"href":"https:\/\/www.europesays.com\/lv\/wp-json\/wp\/v2\/types\/post"}],"author":[{"embeddable":true,"href":"https:\/\/www.europesays.com\/lv\/wp-json\/wp\/v2\/users\/2"}],"replies":[{"embeddable":true,"href":"https:\/\/www.europesays.com\/lv\/wp-json\/wp\/v2\/comments?post=101988"}],"version-history":[{"count":0,"href":"https:\/\/www.europesays.com\/lv\/wp-json\/wp\/v2\/posts\/101988\/revisions"}],"wp:featuredmedia":[{"embeddable":true,"href":"https:\/\/www.europesays.com\/lv\/wp-json\/wp\/v2\/media\/101989"}],"wp:attachment":[{"href":"https:\/\/www.europesays.com\/lv\/wp-json\/wp\/v2\/media?parent=101988"}],"wp:term":[{"taxonomy":"category","embeddable":true,"href":"https:\/\/www.europesays.com\/lv\/wp-json\/wp\/v2\/categories?post=101988"},{"taxonomy":"post_tag","embeddable":true,"href":"https:\/\/www.europesays.com\/lv\/wp-json\/wp\/v2\/tags?post=101988"}],"curies":[{"name":"wp","href":"https:\/\/api.w.org\/{rel}","templated":true}]}}