{"id":101999,"date":"2026-01-12T11:21:08","date_gmt":"2026-01-12T11:21:08","guid":{"rendered":"https:\/\/www.europesays.com\/lv\/101999\/"},"modified":"2026-01-12T11:21:08","modified_gmt":"2026-01-12T11:21:08","slug":"rakus-saslimstiba-ar-dzemdes-kakla-vezi-preteji-ceretajam-pieaug-tvnet","status":"publish","type":"post","link":"https:\/\/www.europesays.com\/lv\/101999\/","title":{"rendered":"RAKUS: Saslimst\u012bba ar dzemdes kakla v\u0113zi pret\u0113ji cer\u0113tajam pieaug &#8211; TVNET"},"content":{"rendered":"<ol>\n<li><a href=\"https:\/\/news.google.com\/rss\/articles\/CBMimAFBVV95cUxQa25zRHlwaW5lUEhadzFfZDJRd01ma1FqUVVENGpVZkpFbE1tb3EzTk1SVHZnc2wxNlpSd2I4d09WMzBGMHhpNnRWdnRFNWdGSlUyMG52VHQ0Z2NYMDBOMVdTMWJ4djFpLVNrajZnZnpsX0NQX2liREhnYVVNTkFJR09HbFYxa3dWaVdBTklXa3FONnZ0dTVVYw?oc=5\" target=\"_blank\" rel=\"nofollow noopener\">RAKUS: Saslimst\u012bba ar dzemdes kakla v\u0113zi pret\u0113ji cer\u0113tajam pieaug<\/a>&nbsp;&nbsp;TVNET<\/li>\n<li><a href=\"https:\/\/news.google.com\/rss\/articles\/CBMi3gFBVV95cUxPcE00SFhwc0l3Y3Ftc2dBWWhMZXpWcS1MbEFJbG1TeVZjWGh1S05OcWRNVzdSdEhvbk9QWTJoX0dEb2JXdDd5MWVWWHhxNS1OQjVseFpSbm1kcVlhZ3lPOUxfVjZFTFYyYjg4X0dMUWVSVzR4aFBBOXlac2lNRFcyR2tzMFhPV3RaUWVkcnNVX2x6VnlzVWdabGJ3SmJySHdMM2xEMDZ4Q245WDB0VGFvVldxUjVUUU1zMGNwU0NnQmswakpvTXdkWk9mcElsX0oyX0ZHODhoS3k2M0R1OXc?oc=5\" target=\"_blank\" rel=\"nofollow noopener\">\u0100rste: Vakcin\u0101ciju pret cilv\u0113ka papilomas v\u012brusu nevajag atlikt uz p\u0113d\u0113jo br\u012bdi \/ Raksts<\/a>&nbsp;&nbsp;LSM<\/li>\n<li><a href=\"https:\/\/news.google.com\/rss\/articles\/CBMivAFBVV95cUxOcVVuVWxPZ19uSF9aNXBZN2p0WmExa1BrRzBIbjlhci0xcGZ3UGFnYWF5eG40UGVsc0ZseENsSmJlVjc2Uzd2QWN5VURsNUJoYjRPS1hkX2wtT2ZXYjA0cFd2eGx3WjJZZV9OVlRxcjRCX05zZGNkcGViQW5fcDZBUkVBakhqMm5HSjI5RjkwdksxM2pZOWNYM2tESHJQbFY0clA4Q1pUcHppRDI1V2RFbWNBY2tSRWtfX05WQw?oc=5\" target=\"_blank\" rel=\"nofollow noopener\">Viena p\u0101rbaude var izgl\u0101bt dz\u012bv\u012bbu &#8211; janv\u0101r\u012b izskan \u012bpa\u0161s aicin\u0101jums sieviet\u0113m<\/a>&nbsp;&nbsp;Jauns.lv<\/li>\n<li><a href=\"https:\/\/news.google.com\/rss\/articles\/CBMi5AFBVV95cUxPaDJoY3k1LUJRaFp5d0lkOWZ3RzZuWGp6Rm9fLTBncDctNmJJdVlBSkU4b3hzTVVYSkM5cmJCQlJ4Z0p1c1JTTHFSbTczU0hMYXFJSnFlNGdkREdVNE5WeE9mS1kzTE4xeU9QZHY4UE1ieUVEZlRyWUgwTkhmN01hd2dVTlBGN0RLaWhqLUUwWlEwd0p1am5hYW5faldUa3FSV1RsR1JvRmwwNnNBX1lyMmhzTk9TNUt3bU9tejRwVWFyeFdub3FmYldoZlJuMUFQM1RzNk1nbFhmWnJ5ZWd4QXJtbC0?oc=5\" target=\"_blank\" rel=\"nofollow noopener\">S\u0101kt jaunu gadu ar jaunu ap\u0146em\u0161anos. Medi\u0137i aicina sievietes vakcin\u0113ties un veikt dzemdes kakla v\u0113\u017ea skr\u012bningu<\/a>&nbsp;&nbsp;tv3.lv<\/li>\n<li><a href=\"https:\/\/news.google.com\/rss\/articles\/CBMi5wFBVV95cUxNbzNldDFTYVdpbTVMSVJLMnlpa3ROcWtmVk5xU3htVmd4aDdha0xpNjlTT0lNVVg5eTJRM1N0QmxWd25kMkQ1M2ROQWl2Q3dGNTZ3VEJjSTFNTEMway1RTlFGcldUMFN4YlY5YTB5azh5WlBHeVNGR3N3N3B5QzEzbW5ZajFIakNoZXZTckMyaS1jOUJMQU9HdG9pd3ZuVFZNZ3h5ZkJ5d0xJYm9UaXU3dHZuLUNJMlptR2FWVjNER0tpdWJxdDY5MFF3UTMwcm8zNlJ3ZGMtTjdBR0lFSVg4THFNZ1o2Yzg?oc=5\" target=\"_blank\" rel=\"nofollow noopener\">Janv\u0101ris ir Dzemdes Kakla V\u0113\u017ea Modr\u012bbas M\u0113nesis: Aicin\u0101jums Sieviet\u0113m R\u016bp\u0113ties Par Savas Vesel\u012bbas Dro\u0161\u012bbu<\/a>&nbsp;&nbsp;Lente.lv<\/li>\n<\/ol>\n","protected":false},"excerpt":{"rendered":"RAKUS: Saslimst\u012bba ar dzemdes kakla v\u0113zi pret\u0113ji cer\u0113tajam pieaug&nbsp;&nbsp;TVNET \u0100rste: Vakcin\u0101ciju pret cilv\u0113ka papilomas v\u012brusu nevajag atlikt uz&hellip;\n","protected":false},"author":2,"featured_media":102000,"comment_status":"","ping_status":"","sticky":false,"template":"","format":"standard","meta":{"footnotes":""},"categories":[5],"tags":[23,28,29,7871,32,33,22,30,31,35,39,38,36,37,34,40,20,26,27,14035,7872,24,25,181,21],"class_list":{"0":"post-101999","1":"post","2":"type-post","3":"status-publish","4":"format-standard","5":"has-post-thumbnail","7":"category-aktualitates","8":"tag-aktualitates","9":"tag-breaking-news","10":"tag-breakingnews","11":"tag-dzemdes-kakla-vezis","12":"tag-featured-news","13":"tag-featurednews","14":"tag-headlines","15":"tag-latest-news","16":"tag-latestnews","17":"tag-latvia","18":"tag-latvian","19":"tag-latviesu","20":"tag-latviesu-valoda","21":"tag-latviesuvaloda","22":"tag-latvija","23":"tag-lv","24":"tag-news","25":"tag-popularakas-zinas","26":"tag-popularakaszinas","27":"tag-rakus","28":"tag-sievietes-veseliba","29":"tag-top-stories","30":"tag-topstories","31":"tag-veseliba","32":"tag-zinas"},"share_on_mastodon":{"url":"https:\/\/pubeurope.com\/@lv\/115881868242581651","error":""},"_links":{"self":[{"href":"https:\/\/www.europesays.com\/lv\/wp-json\/wp\/v2\/posts\/101999","targetHints":{"allow":["GET"]}}],"collection":[{"href":"https:\/\/www.europesays.com\/lv\/wp-json\/wp\/v2\/posts"}],"about":[{"href":"https:\/\/www.europesays.com\/lv\/wp-json\/wp\/v2\/types\/post"}],"author":[{"embeddable":true,"href":"https:\/\/www.europesays.com\/lv\/wp-json\/wp\/v2\/users\/2"}],"replies":[{"embeddable":true,"href":"https:\/\/www.europesays.com\/lv\/wp-json\/wp\/v2\/comments?post=101999"}],"version-history":[{"count":0,"href":"https:\/\/www.europesays.com\/lv\/wp-json\/wp\/v2\/posts\/101999\/revisions"}],"wp:featuredmedia":[{"embeddable":true,"href":"https:\/\/www.europesays.com\/lv\/wp-json\/wp\/v2\/media\/102000"}],"wp:attachment":[{"href":"https:\/\/www.europesays.com\/lv\/wp-json\/wp\/v2\/media?parent=101999"}],"wp:term":[{"taxonomy":"category","embeddable":true,"href":"https:\/\/www.europesays.com\/lv\/wp-json\/wp\/v2\/categories?post=101999"},{"taxonomy":"post_tag","embeddable":true,"href":"https:\/\/www.europesays.com\/lv\/wp-json\/wp\/v2\/tags?post=101999"}],"curies":[{"name":"wp","href":"https:\/\/api.w.org\/{rel}","templated":true}]}}