{"id":10204,"date":"2025-10-02T05:36:07","date_gmt":"2025-10-02T05:36:07","guid":{"rendered":"https:\/\/www.europesays.com\/lv\/10204\/"},"modified":"2025-10-02T05:36:07","modified_gmt":"2025-10-02T05:36:07","slug":"asv-sniegs-ukrainai-izlukdatus-triecienu-veiksanai-pa-energetikas-objektiem-krievija","status":"publish","type":"post","link":"https:\/\/www.europesays.com\/lv\/10204\/","title":{"rendered":"ASV sniegs Ukrainai izl\u016bkdatus triecienu veik\u0161anai pa ener\u0123\u0113tikas objektiem Krievij\u0101"},"content":{"rendered":"<p>Laikraksta sarunbiedri sac\u012bja, ka prezidents Donalds Tramps nesen devis <a href=\"https:\/\/www.apollo.lv\/term\/555410\/asv\" class=\"topicLink\" target=\"_blank\" rel=\"nofollow noopener\">ASV<\/a> izl\u016bkdienestam at\u013cauju nodot \u0161os datus. Turkl\u0101t, p\u0113c vi\u0146u teikt\u0101, ASV l\u016bdz ar\u012b citas NATO valstis dar\u012bt to pa\u0161u.<\/p>\n<p>ASV jau kop\u0161 kara s\u0101kuma Ukrainai sniedz izl\u016bkdatus par Krieviju, ta\u010du \u0161is jaunais Trampa administr\u0101cijas solis atvieglos ukrai\u0146iem uzbrukumus naftas p\u0101rstr\u0101des r\u016bpn\u012bc\u0101m, cauru\u013cvadiem, elektrostacij\u0101m un citiem ener\u0123\u0113tikas objektiem.<\/p>\n<blockquote class=\"quote ck-widget\" contenteditable=\"false\">\n<p>P\u0113c laikraksta sarunu biedru teikt\u0101, Tramps datu nodo\u0161anu at\u013c\u0101vis neilgi pirms tam, kad pazi\u0146oja, ka <a href=\"https:\/\/www.apollo.lv\/term\/8497\/ukraina\" class=\"topicLink\" target=\"_blank\" rel=\"nofollow noopener\">Ukraina<\/a> ar Eiropas pal\u012bdz\u012bbu var\u0113tu atg\u016bt visu Krievijas sagr\u0101bto teritoriju un &#8220;varb\u016bt pat iet t\u0101l\u0101k&#8221;.<\/p>\n<\/blockquote>\n<p>Da\u017eas dienas v\u0113l\u0101k ASV viceprezidents D\u017eeimss Deivids Venss pazi\u0146oja, ka Trampa administr\u0101cija apsver iesp\u0113ju pie\u0161\u0137irt Ukrainai sp\u0101rnot\u0101s ra\u0137etes &#8220;Tomahawk&#8221; ar darb\u012bbas r\u0101diusu l\u012bdz 2500 kilometriem.<\/p>\n","protected":false},"excerpt":{"rendered":"Laikraksta sarunbiedri sac\u012bja, ka prezidents Donalds Tramps nesen devis ASV izl\u016bkdienestam at\u013cauju nodot \u0161os datus. Turkl\u0101t, p\u0113c vi\u0146u&hellip;\n","protected":false},"author":2,"featured_media":5505,"comment_status":"","ping_status":"","sticky":false,"template":"","format":"standard","meta":{"footnotes":""},"categories":[14],"tags":[23,57,292,28,29,32,33,22,74,30,31,35,39,38,36,37,34,40,20,26,27,24,25,276,54,55,56,21,58],"class_list":{"0":"post-10204","1":"post","2":"type-post","3":"status-publish","4":"format-standard","5":"has-post-thumbnail","7":"category-zinas-no-arvalstim","8":"tag-aktualitates","9":"tag-arvalstim","10":"tag-asv","11":"tag-breaking-news","12":"tag-breakingnews","13":"tag-featured-news","14":"tag-featurednews","15":"tag-headlines","16":"tag-krievijas-iebrukums-ukraina","17":"tag-latest-news","18":"tag-latestnews","19":"tag-latvia","20":"tag-latvian","21":"tag-latviesu","22":"tag-latviesu-valoda","23":"tag-latviesuvaloda","24":"tag-latvija","25":"tag-lv","26":"tag-news","27":"tag-popularakas-zinas","28":"tag-popularakaszinas","29":"tag-top-stories","30":"tag-topstories","31":"tag-ukraina","32":"tag-world","33":"tag-world-news","34":"tag-worldnews","35":"tag-zinas","36":"tag-zinas-no-arvalstim"},"share_on_mastodon":{"url":"","error":""},"_links":{"self":[{"href":"https:\/\/www.europesays.com\/lv\/wp-json\/wp\/v2\/posts\/10204","targetHints":{"allow":["GET"]}}],"collection":[{"href":"https:\/\/www.europesays.com\/lv\/wp-json\/wp\/v2\/posts"}],"about":[{"href":"https:\/\/www.europesays.com\/lv\/wp-json\/wp\/v2\/types\/post"}],"author":[{"embeddable":true,"href":"https:\/\/www.europesays.com\/lv\/wp-json\/wp\/v2\/users\/2"}],"replies":[{"embeddable":true,"href":"https:\/\/www.europesays.com\/lv\/wp-json\/wp\/v2\/comments?post=10204"}],"version-history":[{"count":0,"href":"https:\/\/www.europesays.com\/lv\/wp-json\/wp\/v2\/posts\/10204\/revisions"}],"wp:featuredmedia":[{"embeddable":true,"href":"https:\/\/www.europesays.com\/lv\/wp-json\/wp\/v2\/media\/5505"}],"wp:attachment":[{"href":"https:\/\/www.europesays.com\/lv\/wp-json\/wp\/v2\/media?parent=10204"}],"wp:term":[{"taxonomy":"category","embeddable":true,"href":"https:\/\/www.europesays.com\/lv\/wp-json\/wp\/v2\/categories?post=10204"},{"taxonomy":"post_tag","embeddable":true,"href":"https:\/\/www.europesays.com\/lv\/wp-json\/wp\/v2\/tags?post=10204"}],"curies":[{"name":"wp","href":"https:\/\/api.w.org\/{rel}","templated":true}]}}