{"id":102055,"date":"2026-01-12T12:18:06","date_gmt":"2026-01-12T12:18:06","guid":{"rendered":"https:\/\/www.europesays.com\/lv\/102055\/"},"modified":"2026-01-12T12:18:06","modified_gmt":"2026-01-12T12:18:06","slug":"mercedes-benz-cla-elektriskais-modelis-ieguvis-eiropas-gada-auto-2026-titulu-pec-52-gadu-partraukuma-lente-lv","status":"publish","type":"post","link":"https:\/\/www.europesays.com\/lv\/102055\/","title":{"rendered":"Mercedes-Benz CLA elektriskais modelis ieguvis &#8220;Eiropas Gada auto 2026&#8221; titulu p\u0113c 52 gadu p\u0101rtraukuma\u00a0\u2014\u00a0Lente.lv"},"content":{"rendered":"<p>Jauns sasniegums auto industrij\u0101<\/p>\n<p>\u0160\u012b gada s\u0101kum\u0101, nosl\u0113dzoties konkursa &#8220;Eiropas Gada auto 2026&#8221; v\u0113rt\u0113jumam, par presti\u017e\u0101k\u0101 titula ieguv\u0113ju k\u013cuvis jaunais elektriskais modelis Mercedes-Benz CLA. Tas noz\u012bm\u0113, ka v\u0101cu autora\u017eot\u0101js \u0161o noz\u012bm\u012bgo atzin\u012bbu sa\u0146\u0113mis p\u0113c vair\u0101k nek\u0101 pusgadsimta ilga p\u0101rtraukuma, kad 1974. gad\u0101 gods tika pie\u0161\u0137irts modelim Mercedes-Benz 450 SE sedanam.<\/p>\n<p>Konkursa gaita un \u017e\u016brijas v\u0113rt\u0113jums<\/p>\n<p>Par &#8220;Eiropas Gada auto 2026&#8221; titulu \u0161ogad sacent\u0101s 35 jauni automobi\u013cu mode\u013ci, no kuriem septi\u0146i veiksm\u012bg\u0101kajiem izdev\u0101s iek\u013c\u016bt fin\u0101l\u0101. Galvenos l\u0113mumus pie\u0146\u0113ma 60 auto\u017eurn\u0101listi no 23 Eiropas valst\u012bm, kuri vair\u0101kos v\u0113rt\u0113\u0161anas posmos izv\u0113rt\u0113ja pretendentus. Mercedes-Benz CLA p\u0101rliecino\u0161i apsteidza visus p\u0101r\u0113jos fin\u0101listus, ieg\u016bstot 320 punktus. Otr\u0101s vietas ieguv\u0113js, \u0160koda Elroq, sa\u0146\u0113ma 220 punktus, bet tre\u0161aj\u0101 viet\u0101 ierindoj\u0101s Kia EV4 ar 208 punktiem.<\/p>\n<p>Mercedes-Benz CLA tehnisk\u0101s \u012bpa\u0161\u012bbas<\/p>\n<p>Elektriskais Mercedes-Benz CLA ir izc\u0113lies ne tikai ar savu dizainu, bet ar\u012b ar iespaid\u012bgiem tehniskajiem parametriem. Ra\u017eot\u0101ja sniegt\u0101 inform\u0101cija liecina, ka modelis CLA 250+ ar EQ tehnolo\u0123iju sp\u0113j att\u012bst\u012bt 200 kW (272 ZS) jaudu. Automa\u0161\u012bna var nobraukt gandr\u012bz 800 kilometrus p\u0113c WLTP standarta, kas ir iev\u0113rojams r\u0101d\u012bt\u0101js elektrisko automobi\u013cu segment\u0101. \u012apa\u0161i svar\u012bga ikdienas lieto\u0161an\u0101 ir ar\u012b uzl\u0101des \u0101trums \u2013 pateicoties 800 voltu arhitekt\u016brai, desmit min\u016bt\u0113s iesp\u0113jams nodro\u0161in\u0101t ener\u0123iju l\u012bdz pat 325 kilometru braucienam.<\/p>\n<p>V\u0113sturiskais konteksts un konkursa noz\u012bme<\/p>\n<p>\u0160is ir otrs gad\u012bjums &#8220;Eiropas Gada auto&#8221; konkursa 62 gadu ilgaj\u0101 v\u0113stur\u0113, kad balvu sa\u0146em Mercedes-Benz. Iepriek\u0161\u0113j\u0101 reize bija 1974. gad\u0101 ar modeli 450 SE\/SEL. Konkurss &#8220;Eiropas Gada auto&#8221; ir viens no ilg\u0101k past\u0101vo\u0161ajiem un visvair\u0101k gaid\u012btajiem apbalvojumiem auto industrij\u0101, ko ik gadu pie\u0161\u0137ir \u017e\u016brija, kas sast\u0101v no auto\u017eurn\u0101listiem no da\u017e\u0101d\u0101m Eiropas valst\u012bm. P\u0113d\u0113jos gados konkursa fin\u0101l\u0101 arvien bie\u017e\u0101k domin\u0113 elektriskie un hibr\u012bda sp\u0113krati, kas atspogu\u013co strauj\u0101s izmai\u0146as auto tirg\u016b.<\/p>\n<p>Latvijas tirgus un pieejam\u012bba<\/p>\n<p>Jaunais elektriskais Mercedes-Benz CLA Latvijas tirg\u016b debit\u0113jis ar da\u017e\u0101diem apr\u012bkojuma l\u012bme\u0146iem un pied\u0101v\u0101jumiem, tostarp speci\u0101lu CLA 250+ Launch Edition pakotni. Automa\u0161\u012bna pieejama ar progres\u012bv\u0101m tehnolo\u0123ij\u0101m, pla\u0161u displeju inform\u0101cijas sist\u0113mu un stil\u012bgu dizainu.<\/p>\n","protected":false},"excerpt":{"rendered":"Jauns sasniegums auto industrij\u0101 \u0160\u012b gada s\u0101kum\u0101, nosl\u0113dzoties konkursa &#8220;Eiropas Gada auto 2026&#8221; v\u0113rt\u0113jumam, par presti\u017e\u0101k\u0101 titula ieguv\u0113ju&hellip;\n","protected":false},"author":2,"featured_media":102056,"comment_status":"","ping_status":"","sticky":false,"template":"","format":"standard","meta":{"footnotes":""},"categories":[16],"tags":[14527,6551,77,76,11884,17222,35,39,38,36,37,34,40,3941],"class_list":{"0":"post-102055","1":"post","2":"type-post","3":"status-publish","4":"format-standard","5":"has-post-thumbnail","7":"category-bizness","8":"tag-auto-jaunumi","9":"tag-autoindustrija","10":"tag-bizness","11":"tag-business","12":"tag-eiropas-gada-auto-2026","13":"tag-elektriskais-auto","14":"tag-latvia","15":"tag-latvian","16":"tag-latviesu","17":"tag-latviesu-valoda","18":"tag-latviesuvaloda","19":"tag-latvija","20":"tag-lv","21":"tag-mercedes-benz-cla"},"share_on_mastodon":{"url":"https:\/\/pubeurope.com\/@lv\/115882092555984381","error":""},"_links":{"self":[{"href":"https:\/\/www.europesays.com\/lv\/wp-json\/wp\/v2\/posts\/102055","targetHints":{"allow":["GET"]}}],"collection":[{"href":"https:\/\/www.europesays.com\/lv\/wp-json\/wp\/v2\/posts"}],"about":[{"href":"https:\/\/www.europesays.com\/lv\/wp-json\/wp\/v2\/types\/post"}],"author":[{"embeddable":true,"href":"https:\/\/www.europesays.com\/lv\/wp-json\/wp\/v2\/users\/2"}],"replies":[{"embeddable":true,"href":"https:\/\/www.europesays.com\/lv\/wp-json\/wp\/v2\/comments?post=102055"}],"version-history":[{"count":0,"href":"https:\/\/www.europesays.com\/lv\/wp-json\/wp\/v2\/posts\/102055\/revisions"}],"wp:featuredmedia":[{"embeddable":true,"href":"https:\/\/www.europesays.com\/lv\/wp-json\/wp\/v2\/media\/102056"}],"wp:attachment":[{"href":"https:\/\/www.europesays.com\/lv\/wp-json\/wp\/v2\/media?parent=102055"}],"wp:term":[{"taxonomy":"category","embeddable":true,"href":"https:\/\/www.europesays.com\/lv\/wp-json\/wp\/v2\/categories?post=102055"},{"taxonomy":"post_tag","embeddable":true,"href":"https:\/\/www.europesays.com\/lv\/wp-json\/wp\/v2\/tags?post=102055"}],"curies":[{"name":"wp","href":"https:\/\/api.w.org\/{rel}","templated":true}]}}