{"id":102070,"date":"2026-01-12T12:30:08","date_gmt":"2026-01-12T12:30:08","guid":{"rendered":"https:\/\/www.europesays.com\/lv\/102070\/"},"modified":"2026-01-12T12:30:08","modified_gmt":"2026-01-12T12:30:08","slug":"tele2-noversis-163-miljonus-apdraudejumu-digitalaja-vide-2025-gada-dienas-bizness","status":"publish","type":"post","link":"https:\/\/www.europesays.com\/lv\/102070\/","title":{"rendered":"Tele2 nov\u0113rsis 163 miljonus apdraud\u0113jumu digit\u0101laj\u0101 vid\u0113 2025. gad\u0101 :: Dienas Bizness"},"content":{"rendered":"<p class=\"text-font font-size--text-xlarge margin-3--bottom font-weight--bold padding-1--top\">Multipakalpojumu uz\u0146\u0113mums \u201cTele2\u201d aizvad\u012btaj\u0101 gad\u0101 nov\u0113rsis 163 miljonus apdraud\u0113jumu digit\u0101l\u0101 vid\u0113. K\u0101 r\u0101da apkopot\u0101 inform\u0101cija, kr\u0101pnieki \u012bpa\u0161i akt\u012bvi biju\u0161i aizvad\u012bt\u0101 gada p\u0113d\u0113jos tr\u012bs m\u0113ne\u0161os, kad kopum\u0101 nov\u0113rsti 68 miljoni apdraud\u0113jumu.<\/p>\n<p class=\"text-font font-size--text-xlarge margin-3--bottom\">Uz\u0146\u0113muma p\u0101rst\u0101vji nor\u0101da, ka galvenie draudu veidi digit\u0101laj\u0101 vid\u0113 gada laik\u0101 nav main\u012bju\u0161ies \u2013 joproj\u0101m visliel\u0101kos riskus interneta lietot\u0101jiem rada da\u017e\u0101das \u013caunat\u016bras un pik\u0161\u0137er\u0113\u0161anas sh\u0113mas.<\/p>\n<p class=\"text-font font-size--text-xlarge margin-3--bottom\">\u201cDro\u0161\u012bba digit\u0101laj\u0101 vid\u0113 un zvanu dro\u0161\u012bba ir viena no m\u016bsu priorit\u0101t\u0113m. Decembris bija rekordm\u0113nesis, jo taj\u0101 tika nov\u0113rsti 26,8 miljoni da\u017e\u0101da veida apdraud\u0113jumu m\u016bsu klientiem digit\u0101laj\u0101 vid\u0113. Gada p\u0113d\u0113j\u0101 m\u0113nes\u012b \u012bpa\u0161i strauji pieauga gad\u012bjumu skaits, kad tika blo\u0137\u0113ta piek\u013cuve infic\u0113t\u0101m m\u0101jaslap\u0101m \u2013 interneta vietn\u0113m, kas ir \u012bstas, ta\u010du uzlauztas un b\u012bstamas apmekl\u0113t\u0101jiem. \u0160\u0101du gad\u012bjumu skaits sasniedza aptuveni 2,5 miljonus,\u201d st\u0101sta \u201cTele2\u201d dro\u0161\u012bbas noda\u013cas vad\u012bt\u0101js Aleksandrs Bogdanovs.<\/p>\n<p class=\"text-font font-size--text-xlarge margin-3--bottom\">K\u0101 atz\u012bst \u201cTele2\u201d, ik dienu vid\u0113ji tiek blo\u0137\u0113ti ar\u012b 4000 kr\u0101pnieciska rakstura zvanu un 5000 \u012bszi\u0146u.<\/p>\n","protected":false},"excerpt":{"rendered":"Multipakalpojumu uz\u0146\u0113mums \u201cTele2\u201d aizvad\u012btaj\u0101 gad\u0101 nov\u0113rsis 163 miljonus apdraud\u0113jumu digit\u0101l\u0101 vid\u0113. K\u0101 r\u0101da apkopot\u0101 inform\u0101cija, kr\u0101pnieki \u012bpa\u0161i akt\u012bvi&hellip;\n","protected":false},"author":2,"featured_media":102071,"comment_status":"","ping_status":"","sticky":false,"template":"","format":"standard","meta":{"footnotes":""},"categories":[16],"tags":[869,77,870,76,867,35,39,38,36,37,34,871,868,40,21],"class_list":{"0":"post-102070","1":"post","2":"type-post","3":"status-publish","4":"format-standard","5":"has-post-thumbnail","7":"category-bizness","8":"tag-biznesa-zinas","9":"tag-bizness","10":"tag-bizness-latvija","11":"tag-business","12":"tag-dienas-zinas","13":"tag-latvia","14":"tag-latvian","15":"tag-latviesu","16":"tag-latviesu-valoda","17":"tag-latviesuvaloda","18":"tag-latvija","19":"tag-latvijas-biznesa-zinas","20":"tag-latvijas-zinas","21":"tag-lv","22":"tag-zinas"},"share_on_mastodon":{"url":"https:\/\/pubeurope.com\/@lv\/115882139476289550","error":""},"_links":{"self":[{"href":"https:\/\/www.europesays.com\/lv\/wp-json\/wp\/v2\/posts\/102070","targetHints":{"allow":["GET"]}}],"collection":[{"href":"https:\/\/www.europesays.com\/lv\/wp-json\/wp\/v2\/posts"}],"about":[{"href":"https:\/\/www.europesays.com\/lv\/wp-json\/wp\/v2\/types\/post"}],"author":[{"embeddable":true,"href":"https:\/\/www.europesays.com\/lv\/wp-json\/wp\/v2\/users\/2"}],"replies":[{"embeddable":true,"href":"https:\/\/www.europesays.com\/lv\/wp-json\/wp\/v2\/comments?post=102070"}],"version-history":[{"count":0,"href":"https:\/\/www.europesays.com\/lv\/wp-json\/wp\/v2\/posts\/102070\/revisions"}],"wp:featuredmedia":[{"embeddable":true,"href":"https:\/\/www.europesays.com\/lv\/wp-json\/wp\/v2\/media\/102071"}],"wp:attachment":[{"href":"https:\/\/www.europesays.com\/lv\/wp-json\/wp\/v2\/media?parent=102070"}],"wp:term":[{"taxonomy":"category","embeddable":true,"href":"https:\/\/www.europesays.com\/lv\/wp-json\/wp\/v2\/categories?post=102070"},{"taxonomy":"post_tag","embeddable":true,"href":"https:\/\/www.europesays.com\/lv\/wp-json\/wp\/v2\/tags?post=102070"}],"curies":[{"name":"wp","href":"https:\/\/api.w.org\/{rel}","templated":true}]}}