{"id":102079,"date":"2026-01-12T12:39:07","date_gmt":"2026-01-12T12:39:07","guid":{"rendered":"https:\/\/www.europesays.com\/lv\/102079\/"},"modified":"2026-01-12T12:39:07","modified_gmt":"2026-01-12T12:39:07","slug":"eksperti-nosauc-perna-gada-nozimigakas-krizes-situacijas-latvija","status":"publish","type":"post","link":"https:\/\/www.europesays.com\/lv\/102079\/","title":{"rendered":"Eksperti nosauc p\u0113rn\u0101 gada noz\u012bm\u012bg\u0101k\u0101s kr\u012bzes situ\u0101cijas Latvij\u0101"},"content":{"rendered":"<p>Par to liecina ikgad\u0113jie Latvijas kr\u012b\u017eu tops, kas tiek veidots, analiz\u0113jot iepriek\u0161\u0113j\u0101 gada notikumus un aptauj\u0101jot ekspertus ar pieredzi organiz\u0101ciju p\u0101rvald\u0113.<\/p>\n<p>Aizvad\u012bt\u0101 gada Latvijas kr\u012b\u017eu top\u0101 ir ar\u012b Baltijas j\u016br\u0101 p\u0101rrautais Latvijas Valsts radio un telev\u012bzijas centra datu kabelis, R\u012bgas lidostas teritorij\u0101 nesankcion\u0113ti ielidoju\u0161ais drons un Valsts ie\u0146\u0113mumu dienesta strukt\u016brvien\u012bbu gar\u0101m palaist\u0101 450 kilogramu hero\u012bna krava.<\/p>\n<p>T\u0101pat top\u0101 piemin\u0113ta b\u0113rnu saind\u0113\u0161an\u0101s p\u0113c piensaimnieku kooperat\u012bv\u0101s sabiedr\u012bbas &#8220;Straupe&#8221; produktu lieto\u0161anas uztur\u0101 un Neatliekam\u0101s medic\u012bnisk\u0101s pal\u012bdz\u012bbas dienesta ma\u0161\u012bnu st\u0101v\u0113\u0161ana rind\u0101 pie Paula Stradi\u0146a kl\u012bnisk\u0101s universit\u0101tes slimn\u012bcas uz\u0146em\u0161anas noda\u013cas.<\/p>\n<p>Ekspertu v\u0113rt\u0113jum\u0101 atz\u012bm\u0113jama ir ar\u012b vilciena uzbrauk\u0161ana div\u0101m pusaudz\u0113m Imant\u0101, kuras izmantoja &#8220;Ride&#8221; z\u012bmola braucamo, \u0101rstes atst\u0101din\u0101\u0161ana p\u0113c aizdom\u012bg\u0101m n\u0101v\u0113m Bauskas slimn\u012bc\u0101, Martina Gausa atbr\u012bvo\u0161ana no &#8220;airBaltic&#8221; valdes priek\u0161s\u0113d\u0113t\u0101ja amata un R\u012bgas Austrumu kl\u012bnisk\u0101s universit\u0101tes slimn\u012bcas vad\u012bbas atk\u0101p\u0161an\u0101s saist\u012bb\u0101 ar neskaidr\u012bb\u0101m par Latvijas Onkolo\u0123ijas centra rekonstrukcijas finans\u0113jumu.<\/p>\n<p>Latvijas Kr\u012b\u017eu top 10 tiek veidots kop\u0161 2019. gada, un \u0161is ir jau sept\u012btais \u0161\u0101da veida p\u0113t\u012bjums. T\u0101 m\u0113r\u0137is ir konstat\u0113t un izv\u0113rt\u0113t iepriek\u0161\u0113j\u0101 gada noz\u012bm\u012bg\u0101k\u0101s kr\u012bzes situ\u0101cijas organiz\u0101ciju p\u0101rvald\u0113.<\/p>\n<p>\u0160oreiz ekspertu grupa apkopoja un izanaliz\u0113ja 22 publiski izskan\u0113ju\u0161us aizvad\u012bt\u0101 gada notikumus, kuriem bija v\u0113rojamas kr\u012bzes situ\u0101cijas paz\u012bmes.<\/p>\n<p>Topa izveid\u0113 piedal\u012bj\u0101s St\u016bre, politologs un sabiedrisko attiec\u012bbu a\u0123ent\u016bras &#8220;Mediju tilts&#8221; direktors Filips Rajevskis, Latvijas Universit\u0101tes profesors Daunis Auers, programmu grupas &#8220;Bizness un ekonomika&#8221; vad\u012bt\u0101ja R\u012bgas Stradi\u0146a universit\u0101tes Soci\u0101lo Zin\u0101t\u0146u fakult\u0101t\u0113 Anita Gaile, uz\u0146\u0113muma &#8220;KPMG&#8221; m\u0101rketinga un komunik\u0101cijas vad\u012bt\u0101ja Lita Grafa, k\u0101 ar\u012b finansists un investors M\u0101ris Man\u010dinskis.<\/p>\n","protected":false},"excerpt":{"rendered":"Par to liecina ikgad\u0113jie Latvijas kr\u012b\u017eu tops, kas tiek veidots, analiz\u0113jot iepriek\u0161\u0113j\u0101 gada notikumus un aptauj\u0101jot ekspertus ar&hellip;\n","protected":false},"author":2,"featured_media":102080,"comment_status":"","ping_status":"","sticky":false,"template":"","format":"standard","meta":{"footnotes":""},"categories":[5],"tags":[23,28,29,32,33,22,10276,30,31,35,39,38,36,37,34,40,20,1860,26,27,24,25,2544,21],"class_list":{"0":"post-102079","1":"post","2":"type-post","3":"status-publish","4":"format-standard","5":"has-post-thumbnail","7":"category-aktualitates","8":"tag-aktualitates","9":"tag-breaking-news","10":"tag-breakingnews","11":"tag-featured-news","12":"tag-featurednews","13":"tag-headlines","14":"tag-krize","15":"tag-latest-news","16":"tag-latestnews","17":"tag-latvia","18":"tag-latvian","19":"tag-latviesu","20":"tag-latviesu-valoda","21":"tag-latviesuvaloda","22":"tag-latvija","23":"tag-lv","24":"tag-news","25":"tag-pasvaldibas","26":"tag-popularakas-zinas","27":"tag-popularakaszinas","28":"tag-top-stories","29":"tag-topstories","30":"tag-velesanas","31":"tag-zinas"},"share_on_mastodon":{"url":"https:\/\/pubeurope.com\/@lv\/115882174937292034","error":""},"_links":{"self":[{"href":"https:\/\/www.europesays.com\/lv\/wp-json\/wp\/v2\/posts\/102079","targetHints":{"allow":["GET"]}}],"collection":[{"href":"https:\/\/www.europesays.com\/lv\/wp-json\/wp\/v2\/posts"}],"about":[{"href":"https:\/\/www.europesays.com\/lv\/wp-json\/wp\/v2\/types\/post"}],"author":[{"embeddable":true,"href":"https:\/\/www.europesays.com\/lv\/wp-json\/wp\/v2\/users\/2"}],"replies":[{"embeddable":true,"href":"https:\/\/www.europesays.com\/lv\/wp-json\/wp\/v2\/comments?post=102079"}],"version-history":[{"count":0,"href":"https:\/\/www.europesays.com\/lv\/wp-json\/wp\/v2\/posts\/102079\/revisions"}],"wp:featuredmedia":[{"embeddable":true,"href":"https:\/\/www.europesays.com\/lv\/wp-json\/wp\/v2\/media\/102080"}],"wp:attachment":[{"href":"https:\/\/www.europesays.com\/lv\/wp-json\/wp\/v2\/media?parent=102079"}],"wp:term":[{"taxonomy":"category","embeddable":true,"href":"https:\/\/www.europesays.com\/lv\/wp-json\/wp\/v2\/categories?post=102079"},{"taxonomy":"post_tag","embeddable":true,"href":"https:\/\/www.europesays.com\/lv\/wp-json\/wp\/v2\/tags?post=102079"}],"curies":[{"name":"wp","href":"https:\/\/api.w.org\/{rel}","templated":true}]}}