{"id":102091,"date":"2026-01-12T12:51:20","date_gmt":"2026-01-12T12:51:20","guid":{"rendered":"https:\/\/www.europesays.com\/lv\/102091\/"},"modified":"2026-01-12T12:51:20","modified_gmt":"2026-01-12T12:51:20","slug":"butisku-nepilnibu-del-cudars-daleji-aptur-bauskas-un-preilu-novadu-teritoriju-planojumus","status":"publish","type":"post","link":"https:\/\/www.europesays.com\/lv\/102091\/","title":{"rendered":"B\u016btisku nepiln\u012bbu d\u0113\u013c \u010cudars da\u013c\u0113ji aptur Bauskas un Prei\u013cu novadu teritoriju pl\u0101nojumus"},"content":{"rendered":"<p>Teritoriju pl\u0101nojumos konstat\u0113tas b\u016btiskas saturiskas neatbilst\u012bbas apb\u016bves noteikumos un pl\u0101nojuma grafiskaj\u0101 da\u013c\u0101, tostarp noteikti pla\u0161i aizliegumi un ierobe\u017eojumi v\u0113ja elektrostaciju un saules pane\u013cu parku izvieto\u0161anai ar\u012b teritorij\u0101s, kur valsts regul\u0113jums \u0161\u0101du att\u012bst\u012bbu pie\u013cauj.<\/p>\n<p>T\u0101pat noteiktas teritorijas ar \u012bpa\u0161iem noteikumiem, kur\u0101s aizliegta AER ra\u017eo\u0161ana, tai skait\u0101 pa\u0161pat\u0113ri\u0146am, aptverot b\u016btisku da\u013cu <a href=\"https:\/\/www.tvnet.lv\/term\/555806\/pasvaldibas\" class=\"topicLink\" target=\"_blank\" rel=\"nofollow noopener\">pa\u0161vald\u012bbas<\/a> teritorijas, vienlaikus tas nav pamatots ar datos balst\u012btu izv\u0113rt\u0113jumu un nav sam\u0113r\u012bgs.<\/p>\n<p>Vair\u0101kos gad\u012bjumos noteikumi formul\u0113ti tiesiski nenoteikti, ar subjekt\u012bvi interpret\u0113jamiem krit\u0113rijiem, kas apgr\u016btina person\u0101m iesp\u0113ju prognoz\u0113t tiesisk\u0101s sekas un kav\u0113 att\u012bst\u012bbas ieceru \u012bsteno\u0161anu.<\/p>\n<p>TVNET jau zi\u0146oja, ka SIA &#8220;EWE Neue Energien 2&#8221; Valsts vides dienestam (VVD) iesniedzis ieceri par 17 v\u0113ja elektrostaciju (VES) izb\u016bvi Bauskas un Jelgavas novadu teritorij\u0101s, un VVD ir s\u0101cis ietekmes uz vidi nov\u0113rt\u0113juma (IVN) proced\u016bru.<\/p>\n<p>Pa\u0161vald\u012bba p\u0113rn oktobr\u012b sniedza VVD ofici\u0101lu atbildi, nor\u0101dot, ka liel\u0101k\u0101 da\u013ca pl\u0101not\u0101 v\u0113ja parka teritorijas atrodas nacion\u0101l\u0101s noz\u012bmes lauksaimniec\u012bbas zem\u0113s, kur \u0161\u0101da b\u016bvniec\u012bba nav pie\u013caujama. Ar\u012b novembr\u012b sniegtaj\u0101 atzinum\u0101 pa\u0161vald\u012bba atk\u0101rtoti uzsv\u0113ra, ka iecere neatbilst sp\u0113k\u0101 eso\u0161ajam teritorijas pl\u0101nojumam un zon\u0113jums nav main\u0101ms.<\/p>\n<p>D\u0101nijas v\u0113ja ener\u0123ijas grup\u0101 &#8220;Eurowind Energy&#8221; ietilpsto\u0161\u0101s Latvij\u0101 re\u0123istr\u0113t\u0101s meitassabiedr\u012bbas pl\u0101no b\u016bv\u0113t divus v\u0113ja parkus Dienvidkurzemes novad\u0101, k\u0101 ar\u012b Bauskas un Jelgavas novados, liecina inform\u0101cija likvid\u0113t\u0101s Ener\u0123\u0113tikas un vides a\u0123ent\u016bras (EVA) m\u0101jaslap\u0101 par VVD piem\u0113roto IVN proced\u016bru.<\/p>\n<p>Savuk\u0101rt Prei\u013cu novad\u0101 AS &#8220;Latvenergo&#8221; pl\u0101no v\u0113ja elektrostaciju parka &#8220;Riebi\u0146i&#8221; b\u016bvniec\u012bbu.<\/p>\n","protected":false},"excerpt":{"rendered":"Teritoriju pl\u0101nojumos konstat\u0113tas b\u016btiskas saturiskas neatbilst\u012bbas apb\u016bves noteikumos un pl\u0101nojuma grafiskaj\u0101 da\u013c\u0101, tostarp noteikti pla\u0161i aizliegumi un ierobe\u017eojumi&hellip;\n","protected":false},"author":2,"featured_media":102092,"comment_status":"","ping_status":"","sticky":false,"template":"","format":"standard","meta":{"footnotes":""},"categories":[5],"tags":[23,28,29,32,33,22,30,31,35,39,38,36,37,34,40,20,1860,26,27,3492,24,25,3493,21],"class_list":{"0":"post-102091","1":"post","2":"type-post","3":"status-publish","4":"format-standard","5":"has-post-thumbnail","7":"category-aktualitates","8":"tag-aktualitates","9":"tag-breaking-news","10":"tag-breakingnews","11":"tag-featured-news","12":"tag-featurednews","13":"tag-headlines","14":"tag-latest-news","15":"tag-latestnews","16":"tag-latvia","17":"tag-latvian","18":"tag-latviesu","19":"tag-latviesu-valoda","20":"tag-latviesuvaloda","21":"tag-latvija","22":"tag-lv","23":"tag-news","24":"tag-pasvaldibas","25":"tag-popularakas-zinas","26":"tag-popularakaszinas","27":"tag-raimonds-cudars","28":"tag-top-stories","29":"tag-topstories","30":"tag-varam","31":"tag-zinas"},"share_on_mastodon":{"url":"https:\/\/pubeurope.com\/@lv\/115882222099043946","error":""},"_links":{"self":[{"href":"https:\/\/www.europesays.com\/lv\/wp-json\/wp\/v2\/posts\/102091","targetHints":{"allow":["GET"]}}],"collection":[{"href":"https:\/\/www.europesays.com\/lv\/wp-json\/wp\/v2\/posts"}],"about":[{"href":"https:\/\/www.europesays.com\/lv\/wp-json\/wp\/v2\/types\/post"}],"author":[{"embeddable":true,"href":"https:\/\/www.europesays.com\/lv\/wp-json\/wp\/v2\/users\/2"}],"replies":[{"embeddable":true,"href":"https:\/\/www.europesays.com\/lv\/wp-json\/wp\/v2\/comments?post=102091"}],"version-history":[{"count":0,"href":"https:\/\/www.europesays.com\/lv\/wp-json\/wp\/v2\/posts\/102091\/revisions"}],"wp:featuredmedia":[{"embeddable":true,"href":"https:\/\/www.europesays.com\/lv\/wp-json\/wp\/v2\/media\/102092"}],"wp:attachment":[{"href":"https:\/\/www.europesays.com\/lv\/wp-json\/wp\/v2\/media?parent=102091"}],"wp:term":[{"taxonomy":"category","embeddable":true,"href":"https:\/\/www.europesays.com\/lv\/wp-json\/wp\/v2\/categories?post=102091"},{"taxonomy":"post_tag","embeddable":true,"href":"https:\/\/www.europesays.com\/lv\/wp-json\/wp\/v2\/tags?post=102091"}],"curies":[{"name":"wp","href":"https:\/\/api.w.org\/{rel}","templated":true}]}}