{"id":102109,"date":"2026-01-12T13:08:11","date_gmt":"2026-01-12T13:08:11","guid":{"rendered":"https:\/\/www.europesays.com\/lv\/102109\/"},"modified":"2026-01-12T13:08:11","modified_gmt":"2026-01-12T13:08:11","slug":"latvijas-zurnalistu-asociacija-kategoriski-iebilst-pret-virzitajiem-grozijumiem-likuma-par-medijiem","status":"publish","type":"post","link":"https:\/\/www.europesays.com\/lv\/102109\/","title":{"rendered":"Latvijas \u017durn\u0101listu asoci\u0101cija kategoriski iebilst pret virz\u012btajiem groz\u012bjumiem likum\u0101 par medijiem"},"content":{"rendered":"<p>Likuma par presi un citiem masu inform\u0101cijas l\u012bdzek\u013ciem groz\u012bjumi paredz vair\u0101kas izmai\u0146as ar\u012b bez t\u0101m, pret kur\u0101m iebilst L\u017dA.<\/p>\n<p>L\u012bdz ar groz\u012bjumiem likum\u0101 tiek ieviestas defin\u012bcijas t\u0101diem ar medijiem saist\u012btiem apz\u012bm\u0113jumiem k\u0101 mediju pakalpojums, mediju pakalpojumu sniedz\u0113js, tie\u0161saistes platforma, masu inform\u0101cijas l\u012bdzeklis un patiesais labuma guv\u0113js.<\/p>\n<p>T\u0101pat papildin\u0101ts likuma pants, kas nosaka masu inform\u0101cijas l\u012bdzek\u013ca dibin\u0101\u0161anu. L\u012bdz ar groz\u012bjumiem tiek noteikts, ka masu inform\u0101cijas l\u012bdzek\u013ca dibin\u0101\u0161ana vai elektronisk\u0101 pla\u0161sazi\u0146as l\u012bdzek\u013ca programmas vai pakalpojuma izveido\u0161ana ir oblig\u0101ti piesak\u0101ma ierakst\u012b\u0161anai masu inform\u0101cijas l\u012bdzek\u013cu re\u0123istr\u0101, iesniedzot pieteikumu.<\/p>\n<p>Pl\u0101nots ar\u012b noteikt, ka pirms masu inform\u0101cijas l\u012bdzek\u013ca re\u0123istr\u0113\u0161anas Uz\u0146\u0113mumu re\u0123istrs (UR) l\u016bdz Kult\u016bras ministrijas atzinumu par masu inform\u0101cijas l\u012bdzek\u013ca atbilst\u012bbu \u0161im likumam un citiem normat\u012bvajiem aktiem mediju pakalpojumu jom\u0101.<\/p>\n<p>T\u0101pat mediju pakalpojumu sniedz\u0113jiem l\u012bdz k\u0101rt\u0113j\u0101 gada 1. j\u016blijam UR b\u016bs j\u0101iesniedz p\u0101rskats par iepriek\u0161\u0113j\u0101 gad\u0101 sa\u0146emto publisko finans\u0113jumu valsts rekl\u0101mai un rekl\u0101mas ie\u0146\u0113mumiem no tre\u0161o valstu publiskaj\u0101m iest\u0101d\u0113m. UR valsts not\u0101rs iesniegto dokumentu pievienos attiec\u012bg\u0101 masu inform\u0101cijas l\u012bdzek\u013ca re\u0123istr\u0101cijas lietai un iek\u013caus to re\u0123istr\u0101cijas lietas publiskaj\u0101 da\u013c\u0101, nep\u0101rbaudot iesniegt\u0101s inform\u0101cijas atbilst\u012bbu faktiski sa\u0146emtaj\u0101m summ\u0101m un nepie\u0146emot atsevi\u0161\u0137u l\u0113mumu.<\/p>\n<p>Ja mediju nodro\u0161in\u0101t\u0101js ir juridiska persona vai veidojums, kas re\u0123istr\u0113ts cit\u0101 ES dal\u012bbvalst\u012b, pieteikum\u0101 par medija re\u0123istr\u0101ciju pievieno ar\u012b inform\u0101ciju no attiec\u012bg\u0101s valsts par t\u0101 patiesajiem labuma guv\u0113jiem saska\u0146\u0101 ar tur sp\u0113k\u0101 eso\u0161ajiem noteikumiem.<\/p>\n<p>Savuk\u0101rt, ja mediju pakalpojumu sniedz\u0113js nav re\u0123istr\u0113ts UR vai cit\u0101 ES dal\u012bbvalsts re\u0123istr\u0101, pirms pieteikuma iesnieg\u0161anas tam j\u0101re\u0123istr\u0113 savs patiesais labuma guv\u0113js UR patieso labuma guv\u0113ju re\u0123istr\u0101 saska\u0146\u0101 ar likumu.<\/p>\n","protected":false},"excerpt":{"rendered":"Likuma par presi un citiem masu inform\u0101cijas l\u012bdzek\u013ciem groz\u012bjumi paredz vair\u0101kas izmai\u0146as ar\u012b bez t\u0101m, pret kur\u0101m iebilst&hellip;\n","protected":false},"author":2,"featured_media":102110,"comment_status":"","ping_status":"","sticky":false,"template":"","format":"standard","meta":{"footnotes":""},"categories":[12],"tags":[23,28,29,32,33,22,1813,30,31,35,39,38,36,37,34,17035,40,3819,20,26,27,24,25,21,3821],"class_list":{"0":"post-102109","1":"post","2":"type-post","3":"status-publish","4":"format-standard","5":"has-post-thumbnail","7":"category-latvija","8":"tag-aktualitates","9":"tag-breaking-news","10":"tag-breakingnews","11":"tag-featured-news","12":"tag-featurednews","13":"tag-headlines","14":"tag-kulturas-ministrija","15":"tag-latest-news","16":"tag-latestnews","17":"tag-latvia","18":"tag-latvian","19":"tag-latviesu","20":"tag-latviesu-valoda","21":"tag-latviesuvaloda","22":"tag-latvija","23":"tag-latvijas-zurnalistu-asociacija","24":"tag-lv","25":"tag-mediji","26":"tag-news","27":"tag-popularakas-zinas","28":"tag-popularakaszinas","29":"tag-top-stories","30":"tag-topstories","31":"tag-zinas","32":"tag-zurnalisti"},"share_on_mastodon":{"url":"https:\/\/pubeurope.com\/@lv\/115882288976232436","error":""},"_links":{"self":[{"href":"https:\/\/www.europesays.com\/lv\/wp-json\/wp\/v2\/posts\/102109","targetHints":{"allow":["GET"]}}],"collection":[{"href":"https:\/\/www.europesays.com\/lv\/wp-json\/wp\/v2\/posts"}],"about":[{"href":"https:\/\/www.europesays.com\/lv\/wp-json\/wp\/v2\/types\/post"}],"author":[{"embeddable":true,"href":"https:\/\/www.europesays.com\/lv\/wp-json\/wp\/v2\/users\/2"}],"replies":[{"embeddable":true,"href":"https:\/\/www.europesays.com\/lv\/wp-json\/wp\/v2\/comments?post=102109"}],"version-history":[{"count":0,"href":"https:\/\/www.europesays.com\/lv\/wp-json\/wp\/v2\/posts\/102109\/revisions"}],"wp:featuredmedia":[{"embeddable":true,"href":"https:\/\/www.europesays.com\/lv\/wp-json\/wp\/v2\/media\/102110"}],"wp:attachment":[{"href":"https:\/\/www.europesays.com\/lv\/wp-json\/wp\/v2\/media?parent=102109"}],"wp:term":[{"taxonomy":"category","embeddable":true,"href":"https:\/\/www.europesays.com\/lv\/wp-json\/wp\/v2\/categories?post=102109"},{"taxonomy":"post_tag","embeddable":true,"href":"https:\/\/www.europesays.com\/lv\/wp-json\/wp\/v2\/tags?post=102109"}],"curies":[{"name":"wp","href":"https:\/\/api.w.org\/{rel}","templated":true}]}}