{"id":10211,"date":"2025-10-02T05:45:09","date_gmt":"2025-10-02T05:45:09","guid":{"rendered":"https:\/\/www.europesays.com\/lv\/10211\/"},"modified":"2025-10-02T05:45:09","modified_gmt":"2025-10-02T05:45:09","slug":"maksliniece-dace-bluma-mes-dzivojam-lai-macitos","status":"publish","type":"post","link":"https:\/\/www.europesays.com\/lv\/10211\/","title":{"rendered":"M\u0101ksliniece Dace Bl\u016bma: M\u0113s dz\u012bvojam, lai m\u0101c\u012btos"},"content":{"rendered":"<p>L\u012bdz 30.\u00a0novembrim R\u012bgas Porcel\u0101na muzeja rado\u0161aj\u0101 darbn\u012bc\u0101 Kal\u0113ju iel\u0101 9\/11 ir apskat\u0101ma kerami\u0137es Daces Bl\u016bmas izst\u0101de \u201cRobe\u017eai ab\u0101s pus\u0113s\u201d. Taj\u0101 izst\u0101d\u012btie darbi atspogu\u013co da\u017e\u0101d\u0101s iesp\u0113jas vien\u0101 no trauku virsglaz\u016bras dekor\u0113\u0161anas tehniskajiem pa\u0146\u0113mieniem \u2013 dekora uzne\u0161an\u0101 uz trauka ar dekola pal\u012bdz\u012bbu. Izgatavojot dekolu, kr\u0101sa tiek uzkl\u0101ta uz speci\u0101la pap\u012bra \u2013 parasti sietspiedes tehnik\u0101. P\u0113c tam ar mitr\u0101s p\u0101rneses pa\u0146\u0113mienu to uzliek uz trauka. Dekols var tikt izmantots ne tikai z\u012bm\u0113juma pavairo\u0161anai, bet ar\u012b veidojot unik\u0101lus darbus.<\/p>\n<p>\u201cRobe\u017eai ab\u0101s pus\u0113s\u201d \u2013 t\u0101 ir robe\u017ea starp gaismu un \u0113nu, starp vienlaidus toni laukumos un kr\u0101sas pludin\u0101jumu, starp dekolu un otu, starp trauku un sienas dekoru.<\/p>\n<p>Kas ir ekstr\u0113m\u0101kais, ko dz\u012bv\u0113 esat dar\u012bjusi?<br \/>Dro\u0161i vien kalnu sl\u0113po\u0161ana. It k\u0101 nekas \u012bpa\u0161i ekstr\u0113ms, bet man \u013coti pat\u012bk baud\u012bt \u0101trumu, braucot no kalna.<\/p>\n<p>Viens no aizkustino\u0161\u0101kajiem br\u012b\u017eiem dz\u012bv\u0113? <br \/>Mana pirm\u0101 satik\u0161an\u0101s ar d\u0113lu. P\u0113c tam \u2013 br\u012b\u017ei, kad mani biju\u0161ie audz\u0113k\u0146i p\u0113c daudziem gadiem man saka paldies.<\/p>\n<p>Kas j\u016bs iedvesmo darbam? <br \/>Ce\u013cojumi. Vienalga \u2013 tuvi vai t\u0101li. Ce\u013cojumu iespaidus es pa\u0146emu l\u012bdzi fotoapar\u0101t\u0101. Reiz\u0113m ar\u012b skic\u0113s.<\/p>\n<p>J\u016bsu vesel\u012bgie ieradumi?<br \/>Cen\u0161os vismaz vienu dienu ned\u0113\u013c\u0101 atv\u0113l\u0113t gar\u0101k\u0101m pastaig\u0101m dab\u0101.<\/p>\n<p>J\u016bsu kait\u012bgie ieradumi? <br \/>At\u013caut sev pagur\u0137oties, lai gan ir vesela rinda darbu, ko vajadz\u0113tu paveikt. Un reiz\u0113m palutin\u0101t sevi ar gar\u0161\u012bgu malt\u012bti jauk\u0101 viet\u0101.<\/p>\n<p>V\u0113rt\u012bg\u0101k\u0101 atzi\u0146a, ko dz\u012bves laik\u0101 esat guvusi?<br \/>M\u0113s dz\u012bvojam, lai m\u0101c\u012btos. M\u0113s bie\u017ei vien vaic\u0101jam, k\u0101d\u0113\u013c kaut kas ar mani dz\u012bv\u0113 notiek. Jo \u012bpa\u0161i, ja tas nav tas priec\u012bg\u0101kais vai pat\u012bkam\u0101kais. M\u0113s pras\u0101m: \u201cPar ko?!\u201d Bet paties\u012bb\u0101 b\u016btu v\u0113rts pavaic\u0101t, ko es no \u0161\u012bs situ\u0101cijas varu iem\u0101c\u012bties. K\u0101 \u0161\u012b pieredze mani maina?<\/p>\n<p>Gr\u0101mata vai filma, ko ieteiktu citiem? \u00a0<br \/>Herma\u0146a Heses \u201cStikla p\u0113rl\u012b\u0161u sp\u0113li\u201d, Bulgakova \u201cMeistaru un Margaritu\u201d un Ursulas le Gvinas J\u016brzemes s\u0113riju. No film\u0101m man vistuv\u0101k\u0101s ir \u010detri vecie \u201cZvaig\u017e\u0146u kari\u201d. T\u0101s ir filmas, kur\u0101s ir pasl\u0113pti da\u017e\u0101di l\u012bme\u0146i. Var sekot l\u012bdzi asajam si\u017eetam vai skat\u012bties to k\u0101 pasaku. Bet var ar\u012b aizdom\u0101ties par likumsakar\u012bb\u0101m un filozofiju, kas virza \u0161\u012b st\u0101sta si\u017eetu.<\/p>\n<p>K\u0101du m\u016bziku klaus\u0101ties? <br \/>Labu. No tautasdziesmas l\u012bdz simfoniskajai m\u016bzikai, no \u0113r\u0123el\u0113m l\u012bdz Fredija Merkurija balsij. Ja klausoties gribas aizv\u0113rt acis, lai nekas netrauc\u0113 izbaud\u012bt ska\u0146u harmoniju un pl\u016bdumu, tad t\u0101 ir \u012bst\u0101.<\/p>\n<p>J\u016bsu nepr\u0101t\u012bg\u0101kais spont\u0101nais pirkums?<br \/>Gandr\u012bz vai ne\u0113rti atz\u012bties, bet es vienm\u0113r esmu bijusi nepiekl\u0101j\u012bgi apdom\u012bga ar sav\u0101m finans\u0113m. L\u012bdz \u0161im faktiski esmu dz\u012bvojusi no algas l\u012bdz algai, t\u0101d\u0113\u013c t\u0101di spont\u0101ni un nepr\u0101t\u012bgi pirkumi nav gad\u012bju\u0161ies.<\/p>\n<p>Vieta un laiks, kur\u0101 grib\u0113tu dz\u012bvot? <br \/>\u0160eit un tagad. Mums liktenis ir pie\u0161\u0137\u012bris t\u0101du vietu un zemi, kur nav zemestr\u012bces, cunami un vulk\u0101nu izvirdumu. M\u0113s esam bag\u0101ti, jo varam izbaud\u012bt visu \u010detru gadalaiku burv\u012bbu. Un cit\u0101 laik\u0101 m\u0113s vienk\u0101r\u0161i neprastu dz\u012bvot. Reiz\u0113m ir vilino\u0161i pasap\u0146ot par dz\u012bvi citos laikos un viet\u0101s, bet nav jau tikai romantika. Ir ar\u012b ikdiena un dz\u012bves \u0113nas puses, kur\u0101m m\u0113s dro\u0161i vien neb\u016btu gatavi.<\/p>\n","protected":false},"excerpt":{"rendered":"L\u012bdz 30.\u00a0novembrim R\u012bgas Porcel\u0101na muzeja rado\u0161aj\u0101 darbn\u012bc\u0101 Kal\u0113ju iel\u0101 9\/11 ir apskat\u0101ma kerami\u0137es Daces Bl\u016bmas izst\u0101de \u201cRobe\u017eai ab\u0101s&hellip;\n","protected":false},"author":2,"featured_media":10212,"comment_status":"","ping_status":"","sticky":false,"template":"","format":"standard","meta":{"footnotes":""},"categories":[19],"tags":[47,89,90,381,64,35,39,38,36,37,34,40,385,172,382,384,383,21],"class_list":{"0":"post-10211","1":"post","2":"type-post","3":"status-publish","4":"format-standard","5":"has-post-thumbnail","7":"category-izklaide","8":"tag-ekonomika","9":"tag-entertainment","10":"tag-izklaide","11":"tag-jaunumi","12":"tag-kultura","13":"tag-latvia","14":"tag-latvian","15":"tag-latviesu","16":"tag-latviesu-valoda","17":"tag-latviesuvaloda","18":"tag-latvija","19":"tag-lv","20":"tag-pieriga","21":"tag-riga","22":"tag-sabiedriba","23":"tag-sludinajumi","24":"tag-sports-afisa","25":"tag-zinas"},"share_on_mastodon":{"url":"","error":""},"_links":{"self":[{"href":"https:\/\/www.europesays.com\/lv\/wp-json\/wp\/v2\/posts\/10211","targetHints":{"allow":["GET"]}}],"collection":[{"href":"https:\/\/www.europesays.com\/lv\/wp-json\/wp\/v2\/posts"}],"about":[{"href":"https:\/\/www.europesays.com\/lv\/wp-json\/wp\/v2\/types\/post"}],"author":[{"embeddable":true,"href":"https:\/\/www.europesays.com\/lv\/wp-json\/wp\/v2\/users\/2"}],"replies":[{"embeddable":true,"href":"https:\/\/www.europesays.com\/lv\/wp-json\/wp\/v2\/comments?post=10211"}],"version-history":[{"count":0,"href":"https:\/\/www.europesays.com\/lv\/wp-json\/wp\/v2\/posts\/10211\/revisions"}],"wp:featuredmedia":[{"embeddable":true,"href":"https:\/\/www.europesays.com\/lv\/wp-json\/wp\/v2\/media\/10212"}],"wp:attachment":[{"href":"https:\/\/www.europesays.com\/lv\/wp-json\/wp\/v2\/media?parent=10211"}],"wp:term":[{"taxonomy":"category","embeddable":true,"href":"https:\/\/www.europesays.com\/lv\/wp-json\/wp\/v2\/categories?post=10211"},{"taxonomy":"post_tag","embeddable":true,"href":"https:\/\/www.europesays.com\/lv\/wp-json\/wp\/v2\/tags?post=10211"}],"curies":[{"name":"wp","href":"https:\/\/api.w.org\/{rel}","templated":true}]}}