{"id":102114,"date":"2026-01-12T13:11:07","date_gmt":"2026-01-12T13:11:07","guid":{"rendered":"https:\/\/www.europesays.com\/lv\/102114\/"},"modified":"2026-01-12T13:11:07","modified_gmt":"2026-01-12T13:11:07","slug":"10-latvijas-kamaninu-sportisti-kvalificejusies-2026-gada-ziemas-olimpiskajam-spelem","status":"publish","type":"post","link":"https:\/\/www.europesays.com\/lv\/102114\/","title":{"rendered":"10 Latvijas kamani\u0146u sportisti kvalific\u0113ju\u0161ies 2026. gada ziemas olimpiskaj\u0101m sp\u0113l\u0113m"},"content":{"rendered":"<p>Vienlaikus j\u0101atz\u012bm\u0113, ka ar\u012b Kaspars Rinks aizvad\u012bja \u013coti konkur\u0113tsp\u0113j\u012bgu kvalifik\u0101cijas ciklu, tom\u0113r l\u012bdz olimpisk\u0101s ce\u013caz\u012bmes izc\u012bn\u012b\u0161anai vi\u0146am pietr\u016bka 19 punktu.<\/p>\n<p>LKSF prezidents Kl\u0101vs Vasks uzsver komandas darba kvalit\u0101ti un ilgtermi\u0146a pieeju: &#8220;Dal\u012bba olimpiskaj\u0101s sp\u0113l\u0113s vienm\u0113r ir augst\u0101kais nov\u0113rt\u0113jums sportista un visas sist\u0113mas darbam. \u0160\u012b kvalifik\u0101cija apliecina, ka Latvijas kamani\u0146u sports att\u012bst\u0101s m\u0113r\u0137tiec\u012bgi un konkur\u0113tsp\u0113j\u012bgi starptautisk\u0101 l\u012bmen\u012b. Mums ir gan pieredz\u0113ju\u0161i l\u012bderi, gan jaun\u0101 paaudze, kas jau tagad sp\u0113j c\u012bn\u012bties ar pasaules lab\u0101kajiem.&#8221;<\/p>\n<p>Savuk\u0101rt LKSF \u0123ener\u0101lsekret\u0101rs Kristaps Mauri\u0146\u0161 izce\u013c kvalifik\u0101cijas procesa sare\u017e\u0123\u012bt\u012bbu un sezonas stabilit\u0101ti: &#8220;Olimpiskais cikls \u0161oreiz bija \u012bpa\u0161i saspringts \u2013 katrs Pasaules kausa posms pras\u012bja maksim\u0101lu koncentr\u0113\u0161anos, jo konkurence par kvot\u0101m bija \u0101rk\u0101rt\u012bgi bl\u012bva. Priec\u0113, ka m\u016bsu sportisti sp\u0113ja demonstr\u0113t stabilu sniegumu visas sezonas garum\u0101 un izpild\u012bt gan starptautiskos, gan iek\u0161\u0113jos atlases krit\u0113rijus.&#8221;<\/p>\n<p>L\u012bdz olimpiskaj\u0101m sp\u0113l\u0113m atliku\u0161aj\u0101 sagatavo\u0161an\u0101s posm\u0101 Latvijas kamani\u0146u sporta izlase koncentr\u0113sies uz treni\u0146iem, tehnikas pilnveido\u0161anu un sacens\u012bbu re\u017e\u012bma nosl\u012bp\u0113\u0161anu, \u012bpa\u0161u uzman\u012bbu piev\u0113r\u0161ot Mil\u0101nas\u2013Kort\u012bnas olimpisk\u0101s trases specifikai.<\/p>\n","protected":false},"excerpt":{"rendered":"Vienlaikus j\u0101atz\u012bm\u0113, ka ar\u012b Kaspars Rinks aizvad\u012bja \u013coti konkur\u0113tsp\u0113j\u012bgu kvalifik\u0101cijas ciklu, tom\u0113r l\u012bdz olimpisk\u0101s ce\u013caz\u012bmes izc\u012bn\u012b\u0161anai vi\u0146am pietr\u016bka&hellip;\n","protected":false},"author":2,"featured_media":102115,"comment_status":"","ping_status":"","sticky":false,"template":"","format":"standard","meta":{"footnotes":""},"categories":[17],"tags":[9921,35,39,38,36,37,34,2108,40,1500,67,527],"class_list":{"0":"post-102114","1":"post","2":"type-post","3":"status-publish","4":"format-standard","5":"has-post-thumbnail","7":"category-sports","8":"tag-kamaninas","9":"tag-latvia","10":"tag-latvian","11":"tag-latviesu","12":"tag-latviesu-valoda","13":"tag-latviesuvaloda","14":"tag-latvija","15":"tag-latvija-olimpiskajas-speles","16":"tag-lv","17":"tag-olimpiskas-speles","18":"tag-sports","19":"tag-ziemas-olimpiskas-speles"},"share_on_mastodon":{"url":"https:\/\/pubeurope.com\/@lv\/115882300711418748","error":""},"_links":{"self":[{"href":"https:\/\/www.europesays.com\/lv\/wp-json\/wp\/v2\/posts\/102114","targetHints":{"allow":["GET"]}}],"collection":[{"href":"https:\/\/www.europesays.com\/lv\/wp-json\/wp\/v2\/posts"}],"about":[{"href":"https:\/\/www.europesays.com\/lv\/wp-json\/wp\/v2\/types\/post"}],"author":[{"embeddable":true,"href":"https:\/\/www.europesays.com\/lv\/wp-json\/wp\/v2\/users\/2"}],"replies":[{"embeddable":true,"href":"https:\/\/www.europesays.com\/lv\/wp-json\/wp\/v2\/comments?post=102114"}],"version-history":[{"count":0,"href":"https:\/\/www.europesays.com\/lv\/wp-json\/wp\/v2\/posts\/102114\/revisions"}],"wp:featuredmedia":[{"embeddable":true,"href":"https:\/\/www.europesays.com\/lv\/wp-json\/wp\/v2\/media\/102115"}],"wp:attachment":[{"href":"https:\/\/www.europesays.com\/lv\/wp-json\/wp\/v2\/media?parent=102114"}],"wp:term":[{"taxonomy":"category","embeddable":true,"href":"https:\/\/www.europesays.com\/lv\/wp-json\/wp\/v2\/categories?post=102114"},{"taxonomy":"post_tag","embeddable":true,"href":"https:\/\/www.europesays.com\/lv\/wp-json\/wp\/v2\/tags?post=102114"}],"curies":[{"name":"wp","href":"https:\/\/api.w.org\/{rel}","templated":true}]}}