{"id":102116,"date":"2026-01-12T13:13:20","date_gmt":"2026-01-12T13:13:20","guid":{"rendered":"https:\/\/www.europesays.com\/lv\/102116\/"},"modified":"2026-01-12T13:13:20","modified_gmt":"2026-01-12T13:13:20","slug":"asv-pazino-par-plasiem-triecieniem-pret-islama-valsti-sirija-2","status":"publish","type":"post","link":"https:\/\/www.europesays.com\/lv\/102116\/","title":{"rendered":"ASV pazi\u0146o par pla\u0161iem triecieniem pret &#8220;Isl\u0101ma valsti&#8221; S\u012brij\u0101"},"content":{"rendered":"<p>&#8220;Triecieni \u0161odien bija v\u0113rsti pret &#8220;Isl\u0101ma valsti&#8221; vis\u0101 S\u012brij\u0101&#8221; un bija da\u013ca no oper\u0101cijas &#8220;Hawkeye Strike&#8221;, kas tika uzs\u0101kta &#8220;k\u0101 tie\u0161a atbilde uz &#8220;Isl\u0101ma valsts&#8221; n\u0101v\u012bgo uzbrukumu <a href=\"https:\/\/www.apollo.lv\/term\/555410\/asv\" class=\"topicLink\" target=\"_blank\" rel=\"nofollow noopener\">ASV<\/a> un S\u012brijas sp\u0113kiem Palmir\u0101&#8221;, pazi\u0146oja ASV Centr\u0101l\u0101 pav\u0113lniec\u012bba.<\/p>\n<p>ASV un Jord\u0101nija pag\u0101ju\u0161aj\u0101 m\u0113nes\u012b taj\u0101 pa\u0161\u0101 oper\u0101cij\u0101 veica iepriek\u0161\u0113jo triecienu k\u0101rtu, v\u0113r\u0161oties pret desmitiem &#8220;Isl\u0101ma valsts&#8221; grupas m\u0113r\u0137u.<\/p>\n<p>Oper\u0101cija ir atbilde uz &#8220;Isl\u0101ma valsts&#8221; uzbrukumu S\u012brijas centr\u0101laj\u0101 da\u013c\u0101, kad tika nogalin\u0101ti divi ASV karav\u012bri, k\u0101 ar\u012b ASV tulks, bet tr\u012bs citi cilv\u0113ki ievainoti. K\u0101 pazi\u0146oja ASV, ar &#8220;Isl\u0101ma valsti&#8221; saist\u012bts uzbruc\u0113js sar\u012bkoja uzbrukumu net\u0101lu no v\u0113sturisk\u0101s Palmiras, kuru iepriek\u0161 kontrol\u0113ja d\u017eih\u0101distu kaujinieki.<\/p>\n<p>Tas bija pirmais t\u0101ds uzbrukums ar upuriem kop\u0161 S\u012brijas ilggad\u0113j\u0101 prezidenta Ba\u0161ara al Asada g\u0101\u0161anas 2024. gada decembr\u012b.<\/p>\n<p>Uzbrukums bija v\u0113rsts pret ASV karav\u012briem, kuri atbalst\u012bja starptautisko oper\u0101ciju &#8220;Inherent Resolve&#8221;, kas v\u0113rsta pret &#8220;Isl\u0101ma valsti&#8221; p\u0113c tam, kad 2014. gad\u0101 grup\u0113jums ie\u0146\u0113ma pla\u0161as teritorijas S\u012brij\u0101 un Ir\u0101k\u0101.<\/p>\n<p>&#8220;Isl\u0101ma valsts&#8221; S\u012brij\u0101 tika sakauta 2019. gad\u0101, ta\u010du grup\u0113juma slepen\u0101s \u0161\u016bni\u0146as joproj\u0101m veic uzbrukumus valst\u012b. Apvienoto N\u0101ciju Organiz\u0101cijas apl\u0113ses liecina, ka grup\u0113jumam S\u012brij\u0101 un Ir\u0101k\u0101 joproj\u0101m ir 5000-7000 kaujinieku.<\/p>\n<p>ASV prezidents Donalds Tramps jau ilgu laiku ir skeptiski noska\u0146ots pret Va\u0161ingtonas kl\u0101tb\u016btni S\u012brij\u0101, sav\u0101 pirmaj\u0101 prezident\u016bras termi\u0146\u0101 pav\u0113lot karasp\u0113ka izve\u0161anu, ta\u010du galu gal\u0101 atst\u0101jot amerik\u0101\u0146u sp\u0113kus \u0161aj\u0101 valst\u012b.<\/p>\n<p>Pentagons apr\u012bl\u012b pazi\u0146oja, ka ASV turpm\u0101ko m\u0113ne\u0161u laik\u0101 samazin\u0101s ASV person\u0101la skaitu S\u012brij\u0101 par pusi, savuk\u0101rt ASV s\u016btnis S\u012brij\u0101 Toms Baraks j\u016bnij\u0101 pazi\u0146oja, ka Va\u0161ingtona galu gal\u0101 samazin\u0101s savas b\u0101zes \u0161aj\u0101 valst\u012b l\u012bdz vienai.<\/p>\n","protected":false},"excerpt":{"rendered":"&#8220;Triecieni \u0161odien bija v\u0113rsti pret &#8220;Isl\u0101ma valsti&#8221; vis\u0101 S\u012brij\u0101&#8221; un bija da\u013ca no oper\u0101cijas &#8220;Hawkeye Strike&#8221;, kas tika&hellip;\n","protected":false},"author":2,"featured_media":102117,"comment_status":"","ping_status":"","sticky":false,"template":"","format":"standard","meta":{"footnotes":""},"categories":[14],"tags":[23,463,57,292,28,29,32,33,22,30,31,35,39,38,36,37,34,40,20,26,27,6923,24,25,54,55,56,21,58],"class_list":{"0":"post-102116","1":"post","2":"type-post","3":"status-publish","4":"format-standard","5":"has-post-thumbnail","7":"category-zinas-no-arvalstim","8":"tag-aktualitates","9":"tag-armija","10":"tag-arvalstim","11":"tag-asv","12":"tag-breaking-news","13":"tag-breakingnews","14":"tag-featured-news","15":"tag-featurednews","16":"tag-headlines","17":"tag-latest-news","18":"tag-latestnews","19":"tag-latvia","20":"tag-latvian","21":"tag-latviesu","22":"tag-latviesu-valoda","23":"tag-latviesuvaloda","24":"tag-latvija","25":"tag-lv","26":"tag-news","27":"tag-popularakas-zinas","28":"tag-popularakaszinas","29":"tag-sirija","30":"tag-top-stories","31":"tag-topstories","32":"tag-world","33":"tag-world-news","34":"tag-worldnews","35":"tag-zinas","36":"tag-zinas-no-arvalstim"},"share_on_mastodon":{"url":"https:\/\/pubeurope.com\/@lv\/115882308755718332","error":""},"_links":{"self":[{"href":"https:\/\/www.europesays.com\/lv\/wp-json\/wp\/v2\/posts\/102116","targetHints":{"allow":["GET"]}}],"collection":[{"href":"https:\/\/www.europesays.com\/lv\/wp-json\/wp\/v2\/posts"}],"about":[{"href":"https:\/\/www.europesays.com\/lv\/wp-json\/wp\/v2\/types\/post"}],"author":[{"embeddable":true,"href":"https:\/\/www.europesays.com\/lv\/wp-json\/wp\/v2\/users\/2"}],"replies":[{"embeddable":true,"href":"https:\/\/www.europesays.com\/lv\/wp-json\/wp\/v2\/comments?post=102116"}],"version-history":[{"count":0,"href":"https:\/\/www.europesays.com\/lv\/wp-json\/wp\/v2\/posts\/102116\/revisions"}],"wp:featuredmedia":[{"embeddable":true,"href":"https:\/\/www.europesays.com\/lv\/wp-json\/wp\/v2\/media\/102117"}],"wp:attachment":[{"href":"https:\/\/www.europesays.com\/lv\/wp-json\/wp\/v2\/media?parent=102116"}],"wp:term":[{"taxonomy":"category","embeddable":true,"href":"https:\/\/www.europesays.com\/lv\/wp-json\/wp\/v2\/categories?post=102116"},{"taxonomy":"post_tag","embeddable":true,"href":"https:\/\/www.europesays.com\/lv\/wp-json\/wp\/v2\/tags?post=102116"}],"curies":[{"name":"wp","href":"https:\/\/api.w.org\/{rel}","templated":true}]}}