{"id":102126,"date":"2026-01-12T13:19:36","date_gmt":"2026-01-12T13:19:36","guid":{"rendered":"https:\/\/www.europesays.com\/lv\/102126\/"},"modified":"2026-01-12T13:19:36","modified_gmt":"2026-01-12T13:19:36","slug":"isuma-par-es-ilgtermina-budzetu-temas","status":"publish","type":"post","link":"https:\/\/www.europesays.com\/lv\/102126\/","title":{"rendered":"\u012asum\u0101 par ES ilgtermi\u0146a bud\u017eetu | T\u0113mas"},"content":{"rendered":"<p>Kas ir ES ilgtermi\u0146a bud\u017eets?<\/p>\n<p class=\"ep-wysiwig_paragraph\">ES ilgtermi\u0146a bud\u017eetu da\u017ek\u0101rt sauc ar\u012b par daudzgadu finan\u0161u sh\u0113mu (DFS). Taj\u0101 ir noteikts maksim\u0101lais naudas apjoms, ko ES var ieguld\u012bt vismaz piecu gadu period\u0101 da\u017e\u0101d\u0101s politikas jom\u0101s. P\u0113d\u0113jie ilgtermi\u0146a bud\u017eeti ir tiku\u0161i noteikti septi\u0146iem gadiem.<\/p>\n<p class=\"ep-wysiwig_paragraph\">Viens no iemesliem, k\u0101p\u0113c ES ir gan ilgtermi\u0146a bud\u017eets, gan gada bud\u017eeti, ir atvieglot to programmu pl\u0101no\u0161anu, kuras ES v\u0113las finans\u0113t, un palielin\u0101t to efektivit\u0101ti. \u0160\u0101da paredzam\u012bba ir nepiecie\u0161ama, piem\u0113ram, p\u0113tniekiem, kuri str\u0101d\u0101 pie zin\u0101tniskiem projektiem, kuru pabeig\u0161anai nepiecie\u0161ami vair\u0101ki gadi.<\/p>\n<p>Ilgtermi\u0146a bud\u017eetam ir j\u0101b\u016bt ar\u012b pietiekami elast\u012bgam, lai var\u0113tu r\u012bkoties neparedz\u0113tu kr\u012b\u017eu un \u0101rk\u0101rtas situ\u0101ciju gad\u012bjum\u0101, piem\u0113ram, Covid-19 uzliesmojuma gad\u012bjum\u0101. T\u0101p\u0113c taj\u0101 ir iek\u013cauti vair\u0101ki instrumenti, lai nodro\u0161in\u0101tu, ka neparedz\u0113tu apst\u0101k\u013cu gad\u012bjum\u0101 nauda var tikt izmantota tur, kur t\u0101 ir visvair\u0101k nepiecie\u0161ama.<\/p>\n<p class=\"ep-wysiwig_paragraph\">Piem\u0113ram, ES Solidarit\u0101tes fonds ir izveidots, lai sniegtu finansi\u0101lu pal\u012bdz\u012bbu gad\u012bjum\u0101, ja dal\u012bbvalst\u012b notiek liela katastrofa. Tam ir ar\u012b <a href=\"https:\/\/www.europarl.europa.eu\/topics\/lv\/article\/20181211STO21522\/es-globalizacijas-pielagosanas-fonds-atbalsts-bez-darba-palikusiem-darbiniekiem\" target=\"_blank\" rel=\"noopener nofollow\">globaliz\u0101cijas piel\u0101go\u0161an\u0101s fonds<\/a>, kas paredz\u0113ts, lai pal\u012bdz\u0113tu darba \u0146\u0113m\u0113jiem atrast jaunu darbu, ja tie ir zaud\u0113ju\u0161i darbu pasaules tirdzniec\u012bbas strukt\u016bras izmai\u0146u vai ekonomisk\u0101s kr\u012bzes d\u0113\u013c.<\/p>\n<p class=\"ep-wysiwig_paragraph\">At\u0161\u0137ir\u012bb\u0101 no valstu bud\u017eetiem ES bud\u017eets ir dr\u012bz\u0101k invest\u012bciju bud\u017eets. Piem\u0113ram, tas nefinans\u0113 pamatizgl\u012bt\u012bbu vai valsts aizsardz\u012bbu. T\u0101 viet\u0101 galven\u0101 uzman\u012bba tiek piev\u0113rsta jom\u0101m, kur\u0101s ES var pan\u0101kt izmai\u0146as, veicinot izaugsmi un konkur\u0113tsp\u0113ju vai \u012bstenojot solidarit\u0101ti.<\/p>\n","protected":false},"excerpt":{"rendered":"Kas ir ES ilgtermi\u0146a bud\u017eets? ES ilgtermi\u0146a bud\u017eetu da\u017ek\u0101rt sauc ar\u012b par daudzgadu finan\u0161u sh\u0113mu (DFS). Taj\u0101 ir&hellip;\n","protected":false},"author":2,"featured_media":102127,"comment_status":"","ping_status":"","sticky":false,"template":"","format":"standard","meta":{"footnotes":""},"categories":[14],"tags":[23,57,28,29,32,33,22,30,31,35,39,38,36,37,34,40,20,26,27,21659,24,25,54,55,56,21,58],"class_list":{"0":"post-102126","1":"post","2":"type-post","3":"status-publish","4":"format-standard","5":"has-post-thumbnail","7":"category-zinas-no-arvalstim","8":"tag-aktualitates","9":"tag-arvalstim","10":"tag-breaking-news","11":"tag-breakingnews","12":"tag-featured-news","13":"tag-featurednews","14":"tag-headlines","15":"tag-latest-news","16":"tag-latestnews","17":"tag-latvia","18":"tag-latvian","19":"tag-latviesu","20":"tag-latviesu-valoda","21":"tag-latviesuvaloda","22":"tag-latvija","23":"tag-lv","24":"tag-news","25":"tag-popularakas-zinas","26":"tag-popularakaszinas","27":"tag-producttypestory","28":"tag-top-stories","29":"tag-topstories","30":"tag-world","31":"tag-world-news","32":"tag-worldnews","33":"tag-zinas","34":"tag-zinas-no-arvalstim"},"share_on_mastodon":{"url":"https:\/\/pubeurope.com\/@lv\/115882332242477047","error":""},"_links":{"self":[{"href":"https:\/\/www.europesays.com\/lv\/wp-json\/wp\/v2\/posts\/102126","targetHints":{"allow":["GET"]}}],"collection":[{"href":"https:\/\/www.europesays.com\/lv\/wp-json\/wp\/v2\/posts"}],"about":[{"href":"https:\/\/www.europesays.com\/lv\/wp-json\/wp\/v2\/types\/post"}],"author":[{"embeddable":true,"href":"https:\/\/www.europesays.com\/lv\/wp-json\/wp\/v2\/users\/2"}],"replies":[{"embeddable":true,"href":"https:\/\/www.europesays.com\/lv\/wp-json\/wp\/v2\/comments?post=102126"}],"version-history":[{"count":0,"href":"https:\/\/www.europesays.com\/lv\/wp-json\/wp\/v2\/posts\/102126\/revisions"}],"wp:featuredmedia":[{"embeddable":true,"href":"https:\/\/www.europesays.com\/lv\/wp-json\/wp\/v2\/media\/102127"}],"wp:attachment":[{"href":"https:\/\/www.europesays.com\/lv\/wp-json\/wp\/v2\/media?parent=102126"}],"wp:term":[{"taxonomy":"category","embeddable":true,"href":"https:\/\/www.europesays.com\/lv\/wp-json\/wp\/v2\/categories?post=102126"},{"taxonomy":"post_tag","embeddable":true,"href":"https:\/\/www.europesays.com\/lv\/wp-json\/wp\/v2\/tags?post=102126"}],"curies":[{"name":"wp","href":"https:\/\/api.w.org\/{rel}","templated":true}]}}