{"id":102139,"date":"2026-01-12T13:33:13","date_gmt":"2026-01-12T13:33:13","guid":{"rendered":"https:\/\/www.europesays.com\/lv\/102139\/"},"modified":"2026-01-12T13:33:13","modified_gmt":"2026-01-12T13:33:13","slug":"latvijas-hokeja-federacija-organizes-vecaku-asambleju","status":"publish","type":"post","link":"https:\/\/www.europesays.com\/lv\/102139\/","title":{"rendered":"Latvijas Hokeja feder\u0101cija organiz\u0113s Vec\u0101ku asambleju"},"content":{"rendered":"<p>Latvijas Hokeja feder\u0101cija (LHF) aicina hokejistu vec\u0101kus piedal\u012bties\u00a0Vec\u0101ku asamblej\u0101, kas norisin\u0101sies\u00a022. janv\u0101r\u012b plkst. 18:00 Daugavas stadiona konferen\u010du z\u0101l\u0113. Pas\u0101kums paredz\u0113ts\u00a0kl\u0101tien\u0113, un apmekl\u0113t\u0101jiem\u00a0iepriek\u0161 oblig\u0101ti j\u0101piesak\u0101s.<\/p>\n<p>Vec\u0101ku asamblejas m\u0113r\u0137is ir veicin\u0101t atkl\u0101tu dialogu starp feder\u0101ciju, treneriem, speci\u0101listiem un vec\u0101kiem, sniedzot zin\u0101\u0161anas un praktiskus ieteikumus par jauno hokejistu att\u012bst\u012bbu, vesel\u012bbu un labsaj\u016btu gan sportiskaj\u0101, gan ment\u0101laj\u0101 aspekt\u0101.<\/p>\n<p>\u201cVec\u0101ki ir b\u016btiska da\u013ca no jauno hokejistu att\u012bst\u012bbas procesa. Ar Vec\u0101ku asambleju v\u0113lamies stiprin\u0101t savstarp\u0113jo izpratni, sniegt kvalitat\u012bvu inform\u0101ciju un pal\u012bdz\u0113t vec\u0101kiem lab\u0101k orient\u0113ties b\u0113rnu sporta ce\u013c\u0101 &#8211; no pirmajiem so\u013ciem l\u012bdz augstiem m\u0113r\u0137iem,\u201d uzsver\u00a0LHF \u0123ener\u0101lsekret\u0101rs Roberts P\u013c\u0101v\u0113js.<\/p>\n<p>\u201cSp\u0113c\u012bga komanda uz ledus s\u0101kas ar vienotiem vec\u0101kiem \u0101rpus t\u0101. Vec\u0101ku asambleja nav tikai tik\u0161an\u0101s, kur\u0101 run\u0101jam par \u0161odienu &#8211; t\u0101 ir kop\u012bga hokeja n\u0101kotnes veido\u0161ana. Kop\u0101 rad\u0101m vidi, kur\u0101 m\u016bsu jaunie hokejisti aug ne tikai k\u0101 sportisti, bet ar\u012b k\u0101 person\u012bbas,\u201d sac\u012bja LHF Vec\u0101ku padomes priek\u0161s\u0113d\u0113t\u0101ja Anda Masa\u013cska.<\/p>\n<p>Pas\u0101kuma laik\u0101 ar prezent\u0101cij\u0101m un pieredzes st\u0101stiem uzst\u0101sies da\u017e\u0101du jomu speci\u0101listi:<\/p>\n<ul>\n<li>Roberts P\u013c\u0101v\u0113js, LHF \u0123ener\u0101lsekret\u0101rs;<\/li>\n<li>Anda Masa\u013cska, LHF Vec\u0101ku padomes priek\u0161s\u0113d\u0113t\u0101ja;<\/li>\n<li>Raivis Miez\u0101ns, fizioterapeits un fizisk\u0101s sagatavot\u012bbas treneris -\u201cFizisk\u0101 sagatavot\u012bba hokejistiem da\u017e\u0101dos vecumposmos;<\/li>\n<li>Laila U\u0161acka, Latvijas Olimpisk\u0101s vien\u012bbas un U20 hokeja izlases \u0101rste &#8211;\u00a0\u201cMaziem so\u013ciem uz lieliem m\u0113r\u0137iem &#8211; jauno hokejistu att\u012bst\u012bba\u201d<\/li>\n<li>Lauris D\u0101rzi\u0146\u0161, Latvijas hokeja izlases treneris, t\u0113tis, treneris, kluba vad\u012bt\u0101js<\/li>\n<li>Aleksandrs Astafi\u010devs, sporta psihologs &#8211;\u00a0\u201cJauno sportistu ment\u0101l\u0101 vesel\u012bba un uzved\u012bba &#8211; k\u0101 pal\u012bdz\u0113t?\u201d<\/li>\n<\/ul>\n<p>Latvijas Hokeja feder\u0101cija aicina vec\u0101kus izmantot iesp\u0113ju g\u016bt v\u0113rt\u012bgas zin\u0101\u0161anas, uzdot jaut\u0101jumus speci\u0101listiem un iesaist\u012bties diskusij\u0101 par jauno hokejistu ilgtsp\u0113j\u012bgu att\u012bst\u012bbu.<\/p>\n<p>Pieteikuma anketa:<\/p>\n<p><a href=\"https:\/\/docs.google.com\/forms\/d\/e\/1FAIpQLSeBwD4wn3gmJovi2Llh2SFhMVZLRwJhKIUne0MKqF-IUC68kg\/viewform\" rel=\"nofollow noopener\" target=\"_blank\"><a href=\"https:\/\/docs.google.com\/forms\/d\/e\/1FAIpQLSeBwD4wn3gmJovi2Llh2SFhMVZLRwJhKIUne0MKqF-IUC68kg\/viewform\" target=\"_blank\" rel=\"nofollow noopener\">https:\/\/docs.google.com\/forms\/d\/e\/1FAIpQLSeBwD4wn3gmJovi2Llh2SFhMVZLRwJhKIUne0MKqF-IUC68kg\/viewform<\/a><\/p>\n<p>\u00a0<\/p>\n<p>\u00a0<\/p>\n<p>\u00a0<\/p>\n<p>\u00a0<\/p>\n","protected":false},"excerpt":{"rendered":"Latvijas Hokeja feder\u0101cija (LHF) aicina hokejistu vec\u0101kus piedal\u012bties\u00a0Vec\u0101ku asamblej\u0101, kas norisin\u0101sies\u00a022. janv\u0101r\u012b plkst. 18:00 Daugavas stadiona konferen\u010du z\u0101l\u0113.&hellip;\n","protected":false},"author":2,"featured_media":102140,"comment_status":"","ping_status":"","sticky":false,"template":"","format":"standard","meta":{"footnotes":""},"categories":[5],"tags":[23,28,29,32,33,22,30,31,35,39,38,36,37,34,40,20,26,27,24,25,21],"class_list":{"0":"post-102139","1":"post","2":"type-post","3":"status-publish","4":"format-standard","5":"has-post-thumbnail","7":"category-aktualitates","8":"tag-aktualitates","9":"tag-breaking-news","10":"tag-breakingnews","11":"tag-featured-news","12":"tag-featurednews","13":"tag-headlines","14":"tag-latest-news","15":"tag-latestnews","16":"tag-latvia","17":"tag-latvian","18":"tag-latviesu","19":"tag-latviesu-valoda","20":"tag-latviesuvaloda","21":"tag-latvija","22":"tag-lv","23":"tag-news","24":"tag-popularakas-zinas","25":"tag-popularakaszinas","26":"tag-top-stories","27":"tag-topstories","28":"tag-zinas"},"share_on_mastodon":{"url":"https:\/\/pubeurope.com\/@lv\/115882387287281889","error":""},"_links":{"self":[{"href":"https:\/\/www.europesays.com\/lv\/wp-json\/wp\/v2\/posts\/102139","targetHints":{"allow":["GET"]}}],"collection":[{"href":"https:\/\/www.europesays.com\/lv\/wp-json\/wp\/v2\/posts"}],"about":[{"href":"https:\/\/www.europesays.com\/lv\/wp-json\/wp\/v2\/types\/post"}],"author":[{"embeddable":true,"href":"https:\/\/www.europesays.com\/lv\/wp-json\/wp\/v2\/users\/2"}],"replies":[{"embeddable":true,"href":"https:\/\/www.europesays.com\/lv\/wp-json\/wp\/v2\/comments?post=102139"}],"version-history":[{"count":0,"href":"https:\/\/www.europesays.com\/lv\/wp-json\/wp\/v2\/posts\/102139\/revisions"}],"wp:featuredmedia":[{"embeddable":true,"href":"https:\/\/www.europesays.com\/lv\/wp-json\/wp\/v2\/media\/102140"}],"wp:attachment":[{"href":"https:\/\/www.europesays.com\/lv\/wp-json\/wp\/v2\/media?parent=102139"}],"wp:term":[{"taxonomy":"category","embeddable":true,"href":"https:\/\/www.europesays.com\/lv\/wp-json\/wp\/v2\/categories?post=102139"},{"taxonomy":"post_tag","embeddable":true,"href":"https:\/\/www.europesays.com\/lv\/wp-json\/wp\/v2\/tags?post=102139"}],"curies":[{"name":"wp","href":"https:\/\/api.w.org\/{rel}","templated":true}]}}