{"id":10214,"date":"2025-10-02T05:48:12","date_gmt":"2025-10-02T05:48:12","guid":{"rendered":"https:\/\/www.europesays.com\/lv\/10214\/"},"modified":"2025-10-02T05:48:12","modified_gmt":"2025-10-02T05:48:12","slug":"mirusi-britu-primatologe-dzeina-gudola","status":"publish","type":"post","link":"https:\/\/www.europesays.com\/lv\/10214\/","title":{"rendered":"Mirusi britu primatolo\u0123e D\u017eeina Gudola"},"content":{"rendered":"<p>Zin\u0101tniece no dz\u012bves aizg\u0101jusi Kalifornij\u0101, kur atrad\u0101s ASV lekciju t\u016bres ietvaros, teikts pazi\u0146ojum\u0101.<\/p>\n<p>Britu primatolo\u0123e D\u017eeina Gudola bija pasaul\u0113 paz\u012bstama ar to, ka b\u016btiski main\u012bja skat\u012bjumu uz savva\u013cas \u0161impanz\u0113m.<\/p>\n<p>26 gadu vecum\u0101 vi\u0146a pirmoreiz dev\u0101s uz \u0100friku, lai p\u0113t\u012btu prim\u0101tus, un, lai gan vi\u0146ai nebija form\u0101las zin\u0101tnisk\u0101s izgl\u012bt\u012bbas, Gudolai izdev\u0101s ieg\u016bt dz\u012bvnieku uztic\u012bbu un veikt atkl\u0101jumus, kas k\u013cuva par pagrieziena punktu zin\u0101tn\u0113.<\/p>\n<p>Vi\u0146as nov\u0113rojumi ne tikai papla\u0161in\u0101ja izpratni par dz\u012bvnieku uzved\u012bbu, bet ar\u012b lika p\u0101rv\u0113rt\u0113t to, k\u0101 m\u0113s defin\u0113jam pa\u0161i sevi k\u0101 cilv\u0113kus. 1965. gad\u0101 D\u017eeina Gudola par\u0101d\u012bj\u0101s uz National Geographic v\u0101ka, k\u013c\u016bstot par pasaul\u0113 atpaz\u012bstamu zin\u0101tnieci.<\/p>\n<p>Gudola pati atzina, ka sapnis par \u0161\u0101du dz\u012bvi vi\u0146u pavad\u012bjis jau kop\u0161 b\u0113rn\u012bbas:<\/p>\n<blockquote class=\"quote ck-widget\" contenteditable=\"false\">\n<p>\u201cMan bija tikai pusotrs vai divi gadi, kad s\u0101ku v\u0113rot kukai\u0146us un citus rad\u012bjumus. Tas ar laiku tikai auga, un, kad izlas\u012bju t\u0101das gr\u0101matas k\u0101 Dr. Dolittle un Tarz\u0101ns, k\u013cuva skaidrs \u2013 mans m\u0113r\u0137is ir \u0100frika,\u201d vi\u0146a sac\u012bja intervij\u0101 BBC raid\u012bjum\u0101 ar Teriju Voganu 1986. gad\u0101.<\/p>\n<\/blockquote>\n<p>V\u0113l\u0101k vi\u0146a k\u013cuva par akt\u012bvisti, kas iest\u0101j\u0101s par \u0161impan\u017eu aizsardz\u012bbu un apk\u0101rt\u0113j\u0101s vides saglab\u0101\u0161anu, izgl\u012btojot miljoniem cilv\u0113ku vis\u0101 pasaul\u0113.<\/p>\n<p>Par vi\u0146as ieguld\u012bjumu r\u016bp\u0113s par dabu k\u0101da pamatiedz\u012bvot\u0101ju cilts vi\u0146ai pie\u0161\u0137\u012bra v\u0101rdu \u201cM\u0101tes Zemes m\u0101sa.\u201d<\/p>\n","protected":false},"excerpt":{"rendered":"Zin\u0101tniece no dz\u012bves aizg\u0101jusi Kalifornij\u0101, kur atrad\u0101s ASV lekciju t\u016bres ietvaros, teikts pazi\u0146ojum\u0101. Britu primatolo\u0123e D\u017eeina Gudola bija&hellip;\n","protected":false},"author":2,"featured_media":10215,"comment_status":"","ping_status":"","sticky":false,"template":"","format":"standard","meta":{"footnotes":""},"categories":[14],"tags":[23,57,28,29,3921,32,33,22,30,31,35,39,38,36,37,34,40,20,3920,3152,26,27,24,25,1268,54,55,56,21,58],"class_list":{"0":"post-10214","1":"post","2":"type-post","3":"status-publish","4":"format-standard","5":"has-post-thumbnail","7":"category-zinas-no-arvalstim","8":"tag-aktualitates","9":"tag-arvalstim","10":"tag-breaking-news","11":"tag-breakingnews","12":"tag-ekologija","13":"tag-featured-news","14":"tag-featurednews","15":"tag-headlines","16":"tag-latest-news","17":"tag-latestnews","18":"tag-latvia","19":"tag-latvian","20":"tag-latviesu","21":"tag-latviesu-valoda","22":"tag-latviesuvaloda","23":"tag-latvija","24":"tag-lv","25":"tag-news","26":"tag-pertiki","27":"tag-petnieciba","28":"tag-popularakas-zinas","29":"tag-popularakaszinas","30":"tag-top-stories","31":"tag-topstories","32":"tag-vide","33":"tag-world","34":"tag-world-news","35":"tag-worldnews","36":"tag-zinas","37":"tag-zinas-no-arvalstim"},"share_on_mastodon":{"url":"","error":""},"_links":{"self":[{"href":"https:\/\/www.europesays.com\/lv\/wp-json\/wp\/v2\/posts\/10214","targetHints":{"allow":["GET"]}}],"collection":[{"href":"https:\/\/www.europesays.com\/lv\/wp-json\/wp\/v2\/posts"}],"about":[{"href":"https:\/\/www.europesays.com\/lv\/wp-json\/wp\/v2\/types\/post"}],"author":[{"embeddable":true,"href":"https:\/\/www.europesays.com\/lv\/wp-json\/wp\/v2\/users\/2"}],"replies":[{"embeddable":true,"href":"https:\/\/www.europesays.com\/lv\/wp-json\/wp\/v2\/comments?post=10214"}],"version-history":[{"count":0,"href":"https:\/\/www.europesays.com\/lv\/wp-json\/wp\/v2\/posts\/10214\/revisions"}],"wp:featuredmedia":[{"embeddable":true,"href":"https:\/\/www.europesays.com\/lv\/wp-json\/wp\/v2\/media\/10215"}],"wp:attachment":[{"href":"https:\/\/www.europesays.com\/lv\/wp-json\/wp\/v2\/media?parent=10214"}],"wp:term":[{"taxonomy":"category","embeddable":true,"href":"https:\/\/www.europesays.com\/lv\/wp-json\/wp\/v2\/categories?post=10214"},{"taxonomy":"post_tag","embeddable":true,"href":"https:\/\/www.europesays.com\/lv\/wp-json\/wp\/v2\/tags?post=10214"}],"curies":[{"name":"wp","href":"https:\/\/api.w.org\/{rel}","templated":true}]}}