{"id":102143,"date":"2026-01-12T13:40:07","date_gmt":"2026-01-12T13:40:07","guid":{"rendered":"https:\/\/www.europesays.com\/lv\/102143\/"},"modified":"2026-01-12T13:40:07","modified_gmt":"2026-01-12T13:40:07","slug":"ka-izskatas-latvijas-kino-ainava-raksts","status":"publish","type":"post","link":"https:\/\/www.europesays.com\/lv\/102143\/","title":{"rendered":"k\u0101 izskat\u0101s Latvijas kino ainava? \/ Raksts"},"content":{"rendered":"<p>Kino cien\u012bt\u0101ji noteikti paman\u012bju\u0161i, ka nesen izzi\u0146oti \u0161\u012b gada Nacion\u0101l\u0101s kino balvas &#8220;Lielais Kristaps&#8221; nominanti, t\u0101p\u0113c Latvijas Radio raid\u012bjum\u0101 &#8220;Kult\u016bras rondo&#8221; kop\u0101 ar nozares ekspertiem p\u0101rrun\u0101jam norises Latvijas filmu m\u0101ksl\u0101. Kino festiv\u0101la Riga IFF\u00a0rado\u0161\u0101 direktore Sonora Broka, k\u0101 ar\u012b scen\u0101riste un producente L\u012bga Gaisa pau\u017e savu viedokli par aktu\u0101lo\u00a0Latvijas kino ainu, atkl\u0101j gr\u016bt\u012bbas nominantu izv\u0113les proces\u0101\u00a0un dal\u0101s ar saviem \u0161\u012b gada favor\u012btiem kino pasaul\u0113.<\/p>\n<p><a id=\"1\" name=\"1\"\/>Papildin\u0101ts nomin\u0101ciju skaits<\/p>\n<p style=\"margin-left:0cm; margin-right:0cm\">\u0160ogad Nacion\u0101lajai kino balvai izveidotas divas jaunas nomin\u0101cijas \u2013 &#8220;Lab\u0101k\u0101 filma&#8221; un &#8220;Lab\u0101k\u0101 \u012bsmetr\u0101\u017eas filma&#8221;, k\u0101 ar\u012b tiek atgriezta nomin\u0101cija &#8220;Lab\u0101k\u0101 maz\u0101kuma kopra\u017eojuma filma&#8221;.<\/p>\n<p style=\"margin-left:0cm; margin-right:0cm\">&#8220;Lab\u0101k\u0101 filma un lab\u0101k\u0101 \u012bsfilma, manupr\u0101t, ir t\u0101ds \u013coti veiksm\u012bgs risin\u0101jums, lai skat\u012bt\u0101jiem dotu kopskatu par to, kas nozar\u0113 notiek, un \u2013\u00a0lai filmu veidi var\u0113tu konkur\u0113t ar\u012b sav\u0101 starp\u0101. Tiek saglab\u0101tas ar\u012b nomin\u0101cijas par lab\u0101ko sp\u0113lfilmu, dokument\u0101lo filmu un lab\u0101ko anim\u0101cijas \u012bsfilmu. \u0160ogad ir tas gads, kad atkal ir tikai viena anim\u0101cijas pilnmetr\u0101\u017eas filma, tad mums lik\u0101s, ka b\u016btu v\u0113rt\u012bgi, ja tai b\u016btu iesp\u0113ja konkur\u0113t ar\u012b ar p\u0101r\u0113j\u0101m pilnmetr\u0101\u017eas film\u0101m,&#8221; izmai\u0146as skaidro scen\u0101riste un producente L\u012bga Gaisa.<\/p>\n<p style=\"margin-left:0cm; margin-right:0cm\">Re\u017eisoru Raita \u0100beles un Laura \u0100beles pilnmetr\u0101\u017eas anim\u0101cijas filma &#8220;Dieva suns&#8221; <a href=\"https:\/\/www.lsm.lv\/raksts\/kultura\/kino-foto-un-tv\/19.11.2025-bralu-abelu-filma-dieva-suns-nomineta-divam-eiropas-kinoakademijas-balvam.a622934\/?utm_source=lsm&amp;utm_medium=theme&amp;utm_campaign=theme\" target=\"_blank\" class=\"lsm-link\" data-type=\"article\" data-id=\"622934\" rel=\"nofollow noopener\">nomin\u0113ta ar\u012b div\u0101m Eiropas Kinoakad\u0113mijas balv\u0101m<\/a>, kuru\u00a0pasnieg\u0161anas ceremonija notiks 17.\u00a0janv\u0101r\u012b Berl\u012bn\u0113.<\/p>\n<p><a id=\"2\" name=\"2\"\/>Latvijas kino \u2013 kvalit\u0101te ar\u012b starptautisk\u0101 kontekst\u0101<\/p>\n<p style=\"margin-left:0cm; margin-right:0cm\">Raugoties uz kop\u0113jo Latvijas kino ainu, Sonora Broka nor\u0101da, ka main\u012bjies uzsvars \u2013 no kvantit\u0101tes uz kvalit\u0101ti.<\/p>\n<p style=\"margin-left:0cm; margin-right:0cm\">&#8220;Ir tie\u0161\u0101m laba saj\u016bta, \u0161obr\u012bd skatoties uz nomin\u0101cij\u0101m, jo \u0161ie darbi ir kvalitat\u012bvs kino, tas ir augstv\u0113rt\u012bgs kino. Man tie\u0161\u0101m liels prieks, ka \u0161\u0101di \u0161obr\u012bd izskat\u0101s Latvijas kino aina, dom\u0101jot gan par dokument\u0101lo kino, gan sp\u0113les, gan anim\u0101ciju.<\/p>\n<blockquote>\n<p style=\"margin-left:0cm; margin-right:0cm\">Ir p\u0101rst\u0101v\u0113tas gan \u0101rk\u0101rt\u012bgi da\u017e\u0101das t\u0113mas, gan filmveides piem\u0113ri, gan spilgti re\u017eijas rokraksti. Tas izskat\u0101s labi ar\u012b starptautisk\u0101 kontekst\u0101,<\/p>\n<\/blockquote>\n<p style=\"margin-left:0cm; margin-right:0cm\">ne velti 17. janv\u0101r\u012b m\u0113s uzzin\u0101sim, vai &#8220;Dieva suns&#8221; ir sa\u0146\u0113mis ar\u012b Eiropas Kinoakad\u0113mijas balvu.\u00a0Tur vi\u0146iem ir pat divas nomin\u0101cijas: ne tikai &#8220;Lab\u0101k\u0101 anim\u0101cijas filma&#8221;, bet ar\u012b &#8220;Lab\u0101k\u0101 Eiropas filma&#8221;,&#8221; koment\u0113 Riga IFF\u00a0rado\u0161\u0101 direktore Sonora Broka.<\/p>\n<p style=\"margin-left:0cm; margin-right:0cm\">L\u012bga Gaisa papildina kol\u0113\u0123es teikto, sakot, ka vi\u0146ai gandar\u012bjumu sag\u0101d\u0101ja filmu da\u017e\u0101d\u012bba. Producente izce\u013c kategoriju &#8220;Lab\u0101k\u0101 studentu filma&#8221; un atkl\u0101j, ka veiksm\u012bg\u0101s debijas vie\u0161 tic\u012bbu:\u00a0jaunie profesion\u0101\u013ci izaugs par sp\u0113c\u012bgu pienesumu visai Latvijas kino nozarei.<\/p>\n<p style=\"margin-left:0cm; margin-right:0cm\">Filmu atlases komisijas ekspertu rind\u0101s bija ne tikai kino kriti\u0137i un p\u0113tnieki, bet ar\u012b da\u017e\u0101di jomas profesion\u0101\u013ci. Tas ir \u013coti v\u0113rt\u012bgs pienesums, uzsver Broka, jo, neskatoties uz to, ka visi eksperti darbojas vien\u0101 industrij\u0101, skat\u012bjums uz vienu filmu var b\u016bt \u013coti at\u0161\u0137ir\u012bgs.<\/p>\n<blockquote>\n<p style=\"margin-left:0cm; margin-right:0cm\">&#8220;Neskatoties uz kino zin\u0101\u0161an\u0101m, ir profesion\u0101li aspekti, kurus m\u0113s varb\u016bt nevaram nolas\u012bt tik labi k\u0101, piem\u0113ram, profesion\u0101li operatori, ska\u0146as vai mont\u0101\u017eas re\u017eisori.<\/p>\n<\/blockquote>\n<p style=\"margin-left:0cm; margin-right:0cm\">Tur ir t\u0101das nianses, kas mani citreiz\u00a0tie\u0161\u0101m p\u0101rsteidz, t\u0101p\u0113c es \u013coti augsti v\u0113rt\u0113ju, ka \u0161ie cilv\u0113ki tiek pieaicin\u0101ti,&#8221; nor\u0101da nozares eksperte.<\/p>\n<p><a id=\"3\" name=\"3\"\/>Person\u012bgie favor\u012bti sakr\u012bt ar izv\u0113l\u0113tajiem nominantiem<\/p>\n<p style=\"margin-left:0cm; margin-right:0cm\">Kad filmu atlases komisijas savu ir paveiku\u0161as un nominantu darbi nodoti starptautiskas \u017e\u016brijas v\u0113rt\u0113\u0161anai, Sonora Broka un L\u012bga Gaisa ir gatavas atkl\u0101t ar\u012b savus \u0161\u012b gada favor\u012btus. Broka nor\u0101da, ka vi\u0146as personisk\u0101 saj\u016bta liel\u0101 m\u0113r\u0101 sakr\u012bt ar to, kuras filmas izvirz\u012btas nomin\u0101cij\u0101m.<\/p>\n<p style=\"margin-left:0cm; margin-right:0cm\">&#8220;\u0160ogad 16 nomin\u0101cijas [ir] Signes Birkovas filmai &#8220;Lotus&#8221;. (..) Man tas \u0161\u0137iet \u012bpa\u0161s notikums, ka sav\u0101 zi\u0146\u0101 tik izaicino\u0161a filma \u2013 sav\u0101 vizualit\u0101t\u0113 un st\u0101stveid\u0113 \u2013 ir izvirz\u012bjusies nomin\u0101ciju skaita priek\u0161gal\u0101. Par to man ir \u013coti liels prieks. Anim\u0101cij\u0101 es turu visus \u012bk\u0161\u0137us par pavisam jaunu kino veidot\u0101ju \u2013<\/p>\n<blockquote>\n<p style=\"margin-left:0cm; margin-right:0cm\">Andreju Br\u012bvuli un vi\u0146a filmu &#8220;T\u012br\u012bba&#8221;, jo man \u0161\u0137iet, ka t\u0101 tie\u0161\u0101m ir balss un rokraksts Latvijas anim\u0101cij\u0101, par ko m\u0113s v\u0113l dzird\u0113sim. (..)<\/p>\n<\/blockquote>\n<p style=\"margin-left:0cm; margin-right:0cm\">Vi\u0146a filmas jau tiek izr\u0101d\u012btas presti\u017eos starptautiskos festiv\u0101los k\u0101 Ans\u012b, es esmu redz\u0113jusi ieskatu vi\u0146a topo\u0161aj\u0101 film\u0101 &#8220;R\u012bgas l\u012bnijas&#8221; un \u013coti r\u016bp\u012bgi seko\u0161u vi\u0146a profesion\u0101lajai darb\u012bbai ar\u012b turpm\u0101k,&#8221; savus favor\u012btus balvas nominantu vid\u016b koment\u0113 Sonora Broka.<\/p>\n<p style=\"margin-left:0cm; margin-right:0cm\">L\u012bga Gaisa izce\u013c re\u017eisores Alises Zari\u0146as pilnmetr\u0101\u017eas sp\u0113lfilmu &#8220;Nospiedumi &#8220;, kura pie skat\u012bt\u0101jiem Latvij\u0101 non\u0101ks \u0161\u0101 gada mart\u0101. \u012apa\u0161i vi\u0146a jut\u012b\u0161ot l\u012bdzi vis\u0101m nomin\u0113taj\u0101m dokument\u0101laj\u0101m film\u0101m.<\/p>\n<p style=\"margin-left:0cm; margin-right:0cm\">&#8220;No dokument\u0101laj\u0101m film\u0101m man ir vair\u0101ki favor\u012bti. (..) Man liekas, ka kategorij\u0101 &#8220;Lab\u0101k\u0101 dokument\u0101l\u0101 filma&#8221;\u00a0mana personisk\u0101 izv\u0113le sakrita ar to, ko nomin\u0113j\u0101m. T\u0101 k\u0101 es jut\u012b\u0161u l\u012bdzi vis\u0101m \u0161\u012bm film\u0101m,&#8221; atkl\u0101j producente.<\/p>\n<p><a id=\"4\" name=\"4\"\/>Sare\u017e\u0123\u012btas izv\u0113les un izaicin\u0101jumi <\/p>\n<p style=\"margin-left:0cm; margin-right:0cm\">Nacion\u0101l\u0101s kino balvas nolikum\u0101 teikts, ka eksperti katr\u0101 no nomin\u0101cij\u0101m dr\u012bkst virz\u012bt tr\u012bs l\u012bdz piecus darbus. L\u012bga Gaisa nor\u0101da, ka da\u017e\u0101s nomin\u0101cij\u0101s \u0161is ierobe\u017eojums izv\u0113li padar\u012bjis \u012bpa\u0161i sare\u017e\u0123\u012btu: &#8220;Da\u017e\u0101s kategorij\u0101s paties\u012bb\u0101 bija \u013coti s\u0101p\u012bgi &#8220;griezt&#8221; zem piekt\u0101s filmas, jo sest\u0101 ar\u012b piln\u012bgi mier\u012bgi b\u016btu iek\u013cuvusi. (..) Vien\u012bg\u0101 kategorija, kur\u0101 m\u0113s at\u013c\u0101v\u0101mies ielikt vair\u0101k filmu, bija studentu filmas, jo no t\u0101m bija \u013coti pla\u0161a izv\u0113le.<\/p>\n<blockquote>\n<p style=\"margin-left:0cm; margin-right:0cm\">Lik\u0101s, ka vajag atbalst\u012bt visus, kuri ir izr\u0101vu\u0161ies nedaudz sol\u012bti priek\u0161\u0101 p\u0101r\u0113jiem.&#8221;<\/p>\n<\/blockquote>\n<p style=\"margin-left:0cm; margin-right:0cm\">Izaicino\u0161as \u0161ogad izr\u0101d\u012bju\u0161\u0101s nomin\u0101cijas par lab\u0101ko aktieru darbu, jo taj\u0101s neierasti izvirz\u012bti ar\u012b aktieri no pilnmetr\u0101\u017eas anim\u0101cijas filmas.<\/p>\n<p style=\"margin-left:0cm; margin-right:0cm\">&#8220;M\u016bsu vid\u016b bija ar\u012b animatore Lizete Up\u012bte, kura mums \u013coti pal\u012bdz\u0113ja nolemt, ka tom\u0113r izskat\u012bsim &#8220;Dieva su\u0146a&#8221; aktierus ar\u012b aktieru kategorij\u0101s,<\/p>\n<blockquote>\n<p style=\"margin-left:0cm; margin-right:0cm\">jo rotoskopija ir tas anim\u0101cijas veids, kur\u00a0\u013coti tie\u0161i iesaist\u012bts aktierdarbs.<\/p>\n<\/blockquote>\n<p style=\"margin-left:0cm; margin-right:0cm\">T\u0101 k\u0101 \u0161aj\u0101 film\u0101\u00a0aktieriem ir tik liela noz\u012bme t\u0113lu veido\u0161an\u0101, t\u0101 b\u016btu vi\u0146u apdal\u012b\u0161ana, ja m\u0113s nev\u0113rt\u0113tu vi\u0146u darbu,&#8221; skaidro Broka.<\/p>\n<p><a id=\"5\" name=\"5\"\/>Balva par m\u016b\u017ea ieguld\u012bjumu\u00a0kaskadierim J\u0101nim Uldim Veispalam<\/p>\n<p style=\"margin-left:0cm; margin-right:0cm\">&#8220;Liel\u0101 Kristapa&#8221; balvas pasnieg\u0161anas ceremonija notiks <a href=\"https:\/\/www.lsm.lv\/raksts\/kultura\/kino-foto-un-tv\/11.12.2025-nacionalas-kino-balvas-lielais-kristaps-ceremonija-notiks-1-marta-rigas-kongresu-nama.a626003\/?utm_source=lsm&amp;utm_medium=theme&amp;utm_campaign=theme\" target=\"_blank\" class=\"lsm-link\" data-type=\"article\" data-id=\"626003\" rel=\"nofollow noopener\">1.\u00a0mart\u0101 R\u012bgas Kongresu nam\u0101<\/a>, un jau zin\u0101ms, ka balvu par m\u016b\u017ea ieguld\u012bjumu sa\u0146ems kaskadieris J\u0101nis Uldis Veispals.<\/p>\n<p style=\"margin-left:0cm; margin-right:0cm\">&#8220;Kaskadieri ir viena no t\u0101m it k\u0101 \u013coti redzamaj\u0101m, bet taj\u0101 pa\u0161\u0101 laik\u0101 neredzamaj\u0101m profesij\u0101m. M\u0113s vi\u0146us redzam kadr\u0101, bet tikpat k\u0101 neko par vi\u0146iem nezin\u0101m. M\u016bsdien\u0101s Latvijas kino\u00a0joproj\u0101m darbojas kaskadieri, tiesa, tas ir vair\u0101k starptautisku projektu kontekst\u0101. (..)\u00a0Ar\u012b J\u0101nis Uldis Veispals ir str\u0101d\u0101jis starptautiskos projektos.<\/p>\n<blockquote>\n<p style=\"margin-left:0cm; margin-right:0cm\">\u0160ai profesijai ir\u00a0t\u0101da trad\u012bcija, ko m\u0113s grib\u0113j\u0101m izgaismot un aktualiz\u0113t, un, man \u0161\u0137iet, ka t\u0101 tie\u0161\u0101m ir \u013coti\u00a0peln\u012bta balva,&#8221;<\/p>\n<\/blockquote>\n<p style=\"margin-left:0cm; margin-right:0cm\">pau\u017e Sonora Broka.<\/p>\n","protected":false},"excerpt":{"rendered":"Kino cien\u012bt\u0101ji noteikti paman\u012bju\u0161i, ka nesen izzi\u0146oti \u0161\u012b gada Nacion\u0101l\u0101s kino balvas &#8220;Lielais Kristaps&#8221; nominanti, t\u0101p\u0113c Latvijas Radio&hellip;\n","protected":false},"author":2,"featured_media":102144,"comment_status":"","ping_status":"","sticky":false,"template":"","format":"standard","meta":{"footnotes":""},"categories":[19],"tags":[89,90,35,39,38,36,37,34,40],"class_list":{"0":"post-102143","1":"post","2":"type-post","3":"status-publish","4":"format-standard","5":"has-post-thumbnail","7":"category-izklaide","8":"tag-entertainment","9":"tag-izklaide","10":"tag-latvia","11":"tag-latvian","12":"tag-latviesu","13":"tag-latviesu-valoda","14":"tag-latviesuvaloda","15":"tag-latvija","16":"tag-lv"},"share_on_mastodon":{"url":"https:\/\/pubeurope.com\/@lv\/115882414809997937","error":""},"_links":{"self":[{"href":"https:\/\/www.europesays.com\/lv\/wp-json\/wp\/v2\/posts\/102143","targetHints":{"allow":["GET"]}}],"collection":[{"href":"https:\/\/www.europesays.com\/lv\/wp-json\/wp\/v2\/posts"}],"about":[{"href":"https:\/\/www.europesays.com\/lv\/wp-json\/wp\/v2\/types\/post"}],"author":[{"embeddable":true,"href":"https:\/\/www.europesays.com\/lv\/wp-json\/wp\/v2\/users\/2"}],"replies":[{"embeddable":true,"href":"https:\/\/www.europesays.com\/lv\/wp-json\/wp\/v2\/comments?post=102143"}],"version-history":[{"count":0,"href":"https:\/\/www.europesays.com\/lv\/wp-json\/wp\/v2\/posts\/102143\/revisions"}],"wp:featuredmedia":[{"embeddable":true,"href":"https:\/\/www.europesays.com\/lv\/wp-json\/wp\/v2\/media\/102144"}],"wp:attachment":[{"href":"https:\/\/www.europesays.com\/lv\/wp-json\/wp\/v2\/media?parent=102143"}],"wp:term":[{"taxonomy":"category","embeddable":true,"href":"https:\/\/www.europesays.com\/lv\/wp-json\/wp\/v2\/categories?post=102143"},{"taxonomy":"post_tag","embeddable":true,"href":"https:\/\/www.europesays.com\/lv\/wp-json\/wp\/v2\/tags?post=102143"}],"curies":[{"name":"wp","href":"https:\/\/api.w.org\/{rel}","templated":true}]}}