{"id":102159,"date":"2026-01-12T14:01:14","date_gmt":"2026-01-12T14:01:14","guid":{"rendered":"https:\/\/www.europesays.com\/lv\/102159\/"},"modified":"2026-01-12T14:01:14","modified_gmt":"2026-01-12T14:01:14","slug":"tukstosiem-turistu-iesprudusi-lapzeme","status":"publish","type":"post","link":"https:\/\/www.europesays.com\/lv\/102159\/","title":{"rendered":"T\u016bksto\u0161iem t\u016bristu iespr\u016bdu\u0161i Lapzem\u0113"},"content":{"rendered":"<p>T\u016bksto\u0161iem t\u016bristu ir iesprostoti <a rel=\"noopener nofollow\" target=\"_blank\" href=\"https:\/\/www.delfi.lv\/temas\/35506393\/somija\" tag-id=\"35506393\">Somijas<\/a> Lapzem\u0113, jo sp\u0113c\u012bga aukstuma d\u0113\u013c ir atcelti reisi no vienas no t\u0101s lidost\u0101m, raksta BBC.<\/p>\n<p>Lai gan Lapzemi, kas atrodas Norv\u0113\u0123ijas, Zviedrijas un Somijas zieme\u013cos, raksturo aukstums un sniegs, ziem\u0101 vid\u0113j\u0101 temperat\u016bra \u0161aj\u0101 viet\u0101 parasti ir -14\u00b0C, ta\u010du reiz\u0113m t\u0101 nosl\u012bd l\u012bdz -30\u00b0C, liecina valsts t\u016brisma p\u0101rvaldes dati.<\/p>\n<p class=\"m-0\">Seko &#8220;Delfi&#8221; ar\u012b  <a target=\"_blank\" href=\"https:\/\/www.instagram.com\/delfi.lv\/\" rel=\"nofollow noopener\">Instagram<\/a>  un <a target=\"_blank\" href=\"https:\/\/www.youtube.com\/channel\/UCw5foWtcJvAbUm64rv7jwUQ\" rel=\"nofollow noopener\">YouTube<\/a>  profil\u0101 \u2013 pievienojies, lai uzzin\u0101tu svar\u012bg\u0101ko un interesant\u0101ko pirmais!<\/p>\n<p>Publik\u0101cijas saturs vai t\u0101s jebk\u0101da apjoma da\u013ca ir aizsarg\u0101ts autorties\u012bbu objekts Autorties\u012bbu likuma izpratn\u0113, un t\u0101 izmanto\u0161ana bez izdev\u0113ja at\u013caujas ir aizliegta. Vair\u0101k lasi  <a target=\"_blank\" href=\"https:\/\/www.delfi.lv\/noteikumi#autortiesibas\" rel=\"nofollow noopener\">\u0161eit<\/a><script async src=\"\/\/www.instagram.com\/embed.js\"><\/script><\/p>\n","protected":false},"excerpt":{"rendered":"T\u016bksto\u0161iem t\u016bristu ir iesprostoti Somijas Lapzem\u0113, jo sp\u0113c\u012bga aukstuma d\u0113\u013c ir atcelti reisi no vienas no t\u0101s lidost\u0101m,&hellip;\n","protected":false},"author":2,"featured_media":102160,"comment_status":"","ping_status":"","sticky":false,"template":"","format":"standard","meta":{"footnotes":""},"categories":[14],"tags":[23,57,28,29,32,33,22,30,31,35,39,38,36,37,34,40,20,26,27,490,24,25,54,55,56,21,58],"class_list":{"0":"post-102159","1":"post","2":"type-post","3":"status-publish","4":"format-standard","5":"has-post-thumbnail","7":"category-zinas-no-arvalstim","8":"tag-aktualitates","9":"tag-arvalstim","10":"tag-breaking-news","11":"tag-breakingnews","12":"tag-featured-news","13":"tag-featurednews","14":"tag-headlines","15":"tag-latest-news","16":"tag-latestnews","17":"tag-latvia","18":"tag-latvian","19":"tag-latviesu","20":"tag-latviesu-valoda","21":"tag-latviesuvaloda","22":"tag-latvija","23":"tag-lv","24":"tag-news","25":"tag-popularakas-zinas","26":"tag-popularakaszinas","27":"tag-somija","28":"tag-top-stories","29":"tag-topstories","30":"tag-world","31":"tag-world-news","32":"tag-worldnews","33":"tag-zinas","34":"tag-zinas-no-arvalstim"},"share_on_mastodon":{"url":"https:\/\/pubeurope.com\/@lv\/115882497347981052","error":""},"_links":{"self":[{"href":"https:\/\/www.europesays.com\/lv\/wp-json\/wp\/v2\/posts\/102159","targetHints":{"allow":["GET"]}}],"collection":[{"href":"https:\/\/www.europesays.com\/lv\/wp-json\/wp\/v2\/posts"}],"about":[{"href":"https:\/\/www.europesays.com\/lv\/wp-json\/wp\/v2\/types\/post"}],"author":[{"embeddable":true,"href":"https:\/\/www.europesays.com\/lv\/wp-json\/wp\/v2\/users\/2"}],"replies":[{"embeddable":true,"href":"https:\/\/www.europesays.com\/lv\/wp-json\/wp\/v2\/comments?post=102159"}],"version-history":[{"count":0,"href":"https:\/\/www.europesays.com\/lv\/wp-json\/wp\/v2\/posts\/102159\/revisions"}],"wp:featuredmedia":[{"embeddable":true,"href":"https:\/\/www.europesays.com\/lv\/wp-json\/wp\/v2\/media\/102160"}],"wp:attachment":[{"href":"https:\/\/www.europesays.com\/lv\/wp-json\/wp\/v2\/media?parent=102159"}],"wp:term":[{"taxonomy":"category","embeddable":true,"href":"https:\/\/www.europesays.com\/lv\/wp-json\/wp\/v2\/categories?post=102159"},{"taxonomy":"post_tag","embeddable":true,"href":"https:\/\/www.europesays.com\/lv\/wp-json\/wp\/v2\/tags?post=102159"}],"curies":[{"name":"wp","href":"https:\/\/api.w.org\/{rel}","templated":true}]}}