{"id":102170,"date":"2026-01-12T14:08:22","date_gmt":"2026-01-12T14:08:22","guid":{"rendered":"https:\/\/www.europesays.com\/lv\/102170\/"},"modified":"2026-01-12T14:08:22","modified_gmt":"2026-01-12T14:08:22","slug":"ugunsgrekos-jekabpils-novada-boja-gajis-viens-cilveks-vel-viens-izglabts-jekabpils-laiks-jekabpils-zinas","status":"publish","type":"post","link":"https:\/\/www.europesays.com\/lv\/102170\/","title":{"rendered":"Ugunsgr\u0113kos J\u0113kabpils novad\u0101 boj\u0101 g\u0101jis viens cilv\u0113ks, v\u0113l viens izgl\u0101bts \/ J\u0113kabpils Laiks: J\u0113kabpils zi\u0146as"},"content":{"rendered":"<p>Aizvad\u012btaj\u0101 ned\u0113\u013cas nogal\u0113 Valsts ugunsdz\u0113s\u012bbas un gl\u0101b\u0161anas dienests sa\u0146\u0113ma izsaukumu uz\u00a0J\u0113kabpils\u00a0novada Leima\u0146iem, kur ugunsgr\u0113ks bija izc\u0113lies dz\u012bvojam\u0101 m\u0101j\u0101. Ierodoties notikuma viet\u0101 konstat\u0113ts, ka deg dz\u012bvojam\u0101 m\u0101ja piln\u0101 90 kvadr\u0101tmetru plat\u012bb\u0101 un tai ir iebrucis jumts. P\u0101rmekl\u0113jot \u0113ku, taj\u0101 tika atrasts boj\u0101g\u0101jis cilv\u0113ks. Darbs notikuma viet\u0101 ilga \u010detras stundas. Notikuma viet\u0101 str\u0101d\u0101ja ar\u012b Valsts policija.<\/p>\n<p>Savuk\u0101rt Ziedu ielu J\u0113kabpil\u012b vienst\u0101vu dz\u012bvojam\u0101s m\u0101jas apkures telp\u0101 dega sadz\u012bves mantas. Valsts policijas darbinieks pirms ugunsdz\u0113s\u0113ju gl\u0101b\u0113ju iera\u0161an\u0101s no dego\u0161\u0101m telp\u0101m izgl\u0101ba cilv\u0113ku, kur\u0161 notikum\u0101 cieta un tika nodots Neatliekam\u0101s medic\u012bnisk\u0101s pal\u012bdz\u012bbas dienesta medi\u0137iem.\u00a0<\/p>\n<p>T\u0101pat gl\u0101b\u0113ji dev\u0101s uz J\u0113kaba ielu J\u0113kabpil\u012b, kur vienst\u0101va dz\u012bvojam\u0101 m\u0101j\u0101 dega virtuv\u0113 15 kvadr\u0101tmetru plat\u012bb\u0101.<\/p>\n","protected":false},"excerpt":{"rendered":"Aizvad\u012btaj\u0101 ned\u0113\u013cas nogal\u0113 Valsts ugunsdz\u0113s\u012bbas un gl\u0101b\u0161anas dienests sa\u0146\u0113ma izsaukumu uz\u00a0J\u0113kabpils\u00a0novada Leima\u0146iem, kur ugunsgr\u0113ks bija izc\u0113lies dz\u012bvojam\u0101 m\u0101j\u0101.&hellip;\n","protected":false},"author":2,"featured_media":102171,"comment_status":"","ping_status":"","sticky":false,"template":"","format":"standard","meta":{"footnotes":""},"categories":[12],"tags":[23,28,29,32,33,22,987,986,30,31,35,39,38,36,37,34,40,20,26,27,24,25,21],"class_list":{"0":"post-102170","1":"post","2":"type-post","3":"status-publish","4":"format-standard","5":"has-post-thumbnail","7":"category-latvija","8":"tag-aktualitates","9":"tag-breaking-news","10":"tag-breakingnews","11":"tag-featured-news","12":"tag-featurednews","13":"tag-headlines","14":"tag-jekabpils-zinas","15":"tag-jekabpilslaiks","16":"tag-latest-news","17":"tag-latestnews","18":"tag-latvia","19":"tag-latvian","20":"tag-latviesu","21":"tag-latviesu-valoda","22":"tag-latviesuvaloda","23":"tag-latvija","24":"tag-lv","25":"tag-news","26":"tag-popularakas-zinas","27":"tag-popularakaszinas","28":"tag-top-stories","29":"tag-topstories","30":"tag-zinas"},"share_on_mastodon":{"url":"https:\/\/pubeurope.com\/@lv\/115882524924382736","error":""},"_links":{"self":[{"href":"https:\/\/www.europesays.com\/lv\/wp-json\/wp\/v2\/posts\/102170","targetHints":{"allow":["GET"]}}],"collection":[{"href":"https:\/\/www.europesays.com\/lv\/wp-json\/wp\/v2\/posts"}],"about":[{"href":"https:\/\/www.europesays.com\/lv\/wp-json\/wp\/v2\/types\/post"}],"author":[{"embeddable":true,"href":"https:\/\/www.europesays.com\/lv\/wp-json\/wp\/v2\/users\/2"}],"replies":[{"embeddable":true,"href":"https:\/\/www.europesays.com\/lv\/wp-json\/wp\/v2\/comments?post=102170"}],"version-history":[{"count":0,"href":"https:\/\/www.europesays.com\/lv\/wp-json\/wp\/v2\/posts\/102170\/revisions"}],"wp:featuredmedia":[{"embeddable":true,"href":"https:\/\/www.europesays.com\/lv\/wp-json\/wp\/v2\/media\/102171"}],"wp:attachment":[{"href":"https:\/\/www.europesays.com\/lv\/wp-json\/wp\/v2\/media?parent=102170"}],"wp:term":[{"taxonomy":"category","embeddable":true,"href":"https:\/\/www.europesays.com\/lv\/wp-json\/wp\/v2\/categories?post=102170"},{"taxonomy":"post_tag","embeddable":true,"href":"https:\/\/www.europesays.com\/lv\/wp-json\/wp\/v2\/tags?post=102170"}],"curies":[{"name":"wp","href":"https:\/\/api.w.org\/{rel}","templated":true}]}}