{"id":102176,"date":"2026-01-12T14:13:07","date_gmt":"2026-01-12T14:13:07","guid":{"rendered":"https:\/\/www.europesays.com\/lv\/102176\/"},"modified":"2026-01-12T14:13:07","modified_gmt":"2026-01-12T14:13:07","slug":"asv-nosuta-federalos-agentus-uz-mineapoli-lai-stabilizetu-situaciju-pec-sievietes-nosausanas-lente-lv","status":"publish","type":"post","link":"https:\/\/www.europesays.com\/lv\/102176\/","title":{"rendered":"ASV nos\u016bta feder\u0101los a\u0123entus uz Mineapoli, lai stabiliz\u0113tu situ\u0101ciju p\u0113c sievietes no\u0161au\u0161anas\u00a0\u2014\u00a0Lente.lv"},"content":{"rendered":"<p>Feder\u0101lie a\u0123enti Mineapol\u0113<\/p>\n<p>Simtiem feder\u0101lo a\u0123entu tiks nos\u016bt\u012bti uz Mineapoli, Minesotas \u0161tat\u0101, ASV, rea\u0123\u0113jot uz pag\u0101ju\u0161\u0101s ned\u0113\u013cas incidentu, kur\u0101 imigr\u0101cijas policijas amatpersona no\u0161\u0101va sievieti. ASV iek\u0161zemes dro\u0161\u012bbas ministre Kristi Noema pazi\u0146oja, ka \u0161is solis ir nepiecie\u0161ams, lai nodro\u0161in\u0101tu dro\u0161\u012bbu imigr\u0101cijas a\u0123entiem, kas str\u0101d\u0101 pils\u0113t\u0101, un lai stabiliz\u0113tu situ\u0101ciju, ko saasin\u0101ju\u0161i protesti. K\u0101 inform\u0113 Latvijas Sabiedriskie Mediji, ba\u017eas par dro\u0161\u012bbu ir radu\u0161\u0101s tie\u0161i protestu d\u0113\u013c, kas izc\u0113lu\u0161ies p\u0113c min\u0113t\u0101s tra\u0123isk\u0101s ap\u0161au\u0161an\u0101s.<\/p>\n<p>Incidents un protesti<\/p>\n<p>Tra\u0123iskais incidents notika, kad 37 gadus vec\u0101 Ren\u0113 Nikola Maklina-Guda tika no\u0161auta sav\u0101 automa\u0161\u012bn\u0101 sadursm\u0113 ar Imigr\u0101cijas un muitas policijas (ICE) darbiniekiem. Ofici\u0101l\u0101 versija liecina, ka sievietes automa\u0161\u012bna blo\u0137\u0113jusi ce\u013cu, un, m\u0113\u0123inot aizbraukt, vi\u0146a rad\u012bjusi draudus policistiem, kuri atkl\u0101ju\u0161i uguni. Tom\u0113r notiku\u0161\u0101 videoieraksti un liec\u012bbas ir izrais\u012bju\u0161as pla\u0161as sabiedr\u012bbas dusmas un protestus, kas norisin\u0101s vair\u0101k\u0101s ASV pils\u0113t\u0101s, tostarp Mineapol\u0113. Protest\u0113t\u0101ji pieprasa piln\u012bgu un neatkar\u012bgu izmekl\u0113\u0161anu.<\/p>\n<p>Politisk\u0101s nost\u0101jas un nacion\u0101l\u0101 diskusija<\/p>\n<p>ASV iek\u0161zemes dro\u0161\u012bbas ministre Kristi Noema, l\u012bdz\u012bgi k\u0101 citas Donalda Trampa administr\u0101cijas amatpersonas, aizst\u0101v\u0113jusi imigr\u0101cijas policijas r\u012bc\u012bbu, uzsverot, ka ties\u012bbaizsardz\u012bbas darbinieku dro\u0161\u012bba ir priorit\u0101te un ka automa\u0161\u012bnu izmanto\u0161ana k\u0101 iero\u010di ir nepiedodama. Vi\u0146a ar\u012b aps\u016bdz\u0113jusi demokr\u0101tus par vardarb\u012bbas veicin\u0101\u0161anu un nepatikas kurin\u0101\u0161anu pret imigr\u0101cijas amatperson\u0101m. Savuk\u0101rt demokr\u0101tu amatpersonas, tostarp Minesotas gubernators Tims Volcs un Mineapoles m\u0113rs D\u017eeikobs Frejs, ir stingri apstr\u012bd\u0113ju\u0161as amatpersonas nevain\u012bgumu un nor\u0101d\u012bju\u0161i, ka \u0161\u0101ds tra\u0123isks izn\u0101kums ir tie\u0161as sekas Trampa administr\u0101cijas politikai, kas veicina bailes un konfliktus. Minesotas gubernators ar\u012b paudis ba\u017eas par feder\u0101lo iest\u0101\u017eu sp\u0113ju veikt god\u012bgu izmekl\u0113\u0161anu, \u0146emot v\u0113r\u0101 publiskos pazi\u0146ojumus no augst\u0101kaj\u0101m amatperson\u0101m.<\/p>\n<p>Izmekl\u0113\u0161ana un turpm\u0101k\u0101 r\u012bc\u012bba<\/p>\n<p>Notiku\u0161\u0101 izmekl\u0113\u0161anu ir p\u0101r\u0146\u0113mis Feder\u0101lais izmekl\u0113\u0161anas birojs (FIB). Tom\u0113r ir radu\u0161\u0101s ba\u017eas par viet\u0113jo likumsargu piek\u013cuvi svar\u012bgiem lietas materi\u0101liem un par to, vai izmekl\u0113\u0161ana b\u016bs patiesi objekt\u012bva, \u0146emot v\u0113r\u0101 politisko spriedzi. Feder\u0101lo a\u0123entu nos\u016bt\u012b\u0161ana uz Mineapoli ir da\u013ca no centieniem nodro\u0161in\u0101t k\u0101rt\u012bbu un \u013caut atbild\u012bgaj\u0101m instit\u016bcij\u0101m str\u0101d\u0101t bez trauc\u0113jumiem, vienlaikus atbildot uz sabiedr\u012bbas piepras\u012bjumu p\u0113c taisn\u012bbas un skaidr\u012bbas.<\/p>\n","protected":false},"excerpt":{"rendered":"Feder\u0101lie a\u0123enti Mineapol\u0113 Simtiem feder\u0101lo a\u0123entu tiks nos\u016bt\u012bti uz Mineapoli, Minesotas \u0161tat\u0101, ASV, rea\u0123\u0113jot uz pag\u0101ju\u0161\u0101s ned\u0113\u013cas incidentu,&hellip;\n","protected":false},"author":2,"featured_media":102177,"comment_status":"","ping_status":"","sticky":false,"template":"","format":"standard","meta":{"footnotes":""},"categories":[14],"tags":[23,57,292,28,29,32,33,24844,22,24845,30,31,35,39,38,36,37,34,40,24843,20,26,27,4204,24,25,54,55,56,21,58],"class_list":{"0":"post-102176","1":"post","2":"type-post","3":"status-publish","4":"format-standard","5":"has-post-thumbnail","7":"category-zinas-no-arvalstim","8":"tag-aktualitates","9":"tag-arvalstim","10":"tag-asv","11":"tag-breaking-news","12":"tag-breakingnews","13":"tag-featured-news","14":"tag-featurednews","15":"tag-federalie-agenti","16":"tag-headlines","17":"tag-imigracijas-policija","18":"tag-latest-news","19":"tag-latestnews","20":"tag-latvia","21":"tag-latvian","22":"tag-latviesu","23":"tag-latviesu-valoda","24":"tag-latviesuvaloda","25":"tag-latvija","26":"tag-lv","27":"tag-mineapole","28":"tag-news","29":"tag-popularakas-zinas","30":"tag-popularakaszinas","31":"tag-protesti","32":"tag-top-stories","33":"tag-topstories","34":"tag-world","35":"tag-world-news","36":"tag-worldnews","37":"tag-zinas","38":"tag-zinas-no-arvalstim"},"share_on_mastodon":{"url":"https:\/\/pubeurope.com\/@lv\/115882544516723769","error":""},"_links":{"self":[{"href":"https:\/\/www.europesays.com\/lv\/wp-json\/wp\/v2\/posts\/102176","targetHints":{"allow":["GET"]}}],"collection":[{"href":"https:\/\/www.europesays.com\/lv\/wp-json\/wp\/v2\/posts"}],"about":[{"href":"https:\/\/www.europesays.com\/lv\/wp-json\/wp\/v2\/types\/post"}],"author":[{"embeddable":true,"href":"https:\/\/www.europesays.com\/lv\/wp-json\/wp\/v2\/users\/2"}],"replies":[{"embeddable":true,"href":"https:\/\/www.europesays.com\/lv\/wp-json\/wp\/v2\/comments?post=102176"}],"version-history":[{"count":0,"href":"https:\/\/www.europesays.com\/lv\/wp-json\/wp\/v2\/posts\/102176\/revisions"}],"wp:featuredmedia":[{"embeddable":true,"href":"https:\/\/www.europesays.com\/lv\/wp-json\/wp\/v2\/media\/102177"}],"wp:attachment":[{"href":"https:\/\/www.europesays.com\/lv\/wp-json\/wp\/v2\/media?parent=102176"}],"wp:term":[{"taxonomy":"category","embeddable":true,"href":"https:\/\/www.europesays.com\/lv\/wp-json\/wp\/v2\/categories?post=102176"},{"taxonomy":"post_tag","embeddable":true,"href":"https:\/\/www.europesays.com\/lv\/wp-json\/wp\/v2\/tags?post=102176"}],"curies":[{"name":"wp","href":"https:\/\/api.w.org\/{rel}","templated":true}]}}