{"id":102195,"date":"2026-01-12T14:33:14","date_gmt":"2026-01-12T14:33:14","guid":{"rendered":"https:\/\/www.europesays.com\/lv\/102195\/"},"modified":"2026-01-12T14:33:14","modified_gmt":"2026-01-12T14:33:14","slug":"kad-nelaime-satiek-birokratiju-nra-lv","status":"publish","type":"post","link":"https:\/\/www.europesays.com\/lv\/102195\/","title":{"rendered":"Kad nelaime satiek birokr\u0101tiju &#8211; nra.lv"},"content":{"rendered":"\n<p>Kop\u0113j\u0101 izmaks\u0101t\u0101 summa sasniedz 67 860 eiro, kopum\u0101 pal\u012bdzot 104 cilv\u0113kiem.<\/p>\n<p><a href=\"https:\/\/nra.lv\/birka\/rigas-socialais-dienests\/\" target=\"_blank\" rel=\"noopener nofollow\">R\u012bgas Soci\u0101lais dienests<\/a> turpina apzin\u0101t iedz\u012bvot\u0101jus, kuri dz\u012bvoja spr\u0101dzien\u0101 cietu\u0161aj\u0101 \u0113k\u0101, ta\u010du l\u012bdz \u0161im nav v\u0113rsu\u0161ies p\u0113c pal\u012bdz\u012bbas.<\/p>\n<p>Evaku\u0113tajiem iedz\u012bvot\u0101jiem ir ties\u012bbas sa\u0146emt kr\u012bzes pabalstu divu m\u0113ne\u0161u laik\u0101 no kr\u012bzes situ\u0101cijas ra\u0161an\u0101s dienas.<\/p>\n<p>Iedz\u012bvot\u0101ji aicin\u0101ti v\u0113rsties R\u012bgas Soci\u0101laj\u0101 dienest\u0101 ar\u012b tad, ja nepiecie\u0161ama cita veida pal\u012bdz\u012bba &#8211; dokumentu atjauno\u0161ana vai cits soci\u0101lais atbalsts. Pla\u0161\u0101ka inform\u0101cija par iesp\u0113jamo pal\u012bdz\u012bbu pieejama pa informat\u012bvo t\u0101lruni 1201.<\/p>\n<p>Paredz\u0113ts, ka sertific\u0113ta b\u016bvspeci\u0101lista atzinums par \u0113kas st\u0101vokli var\u0113tu b\u016bt gatavs l\u012bdz 30. janv\u0101rim.<\/p>\n<p>Ar emocion\u0101lu ierakstu par to, ar k\u0101d\u0101m absurd\u0101m situ\u0101cij\u0101m n\u0101kas saskarties Bauskas ielas nam\u0101 reiz dz\u012bvojo\u0161ajiem, vietn\u0113 &#8220;Facebook&#8221; dal\u012bjusies Krist\u012bne.<\/p>\n<p>Vi\u0146a akt\u012bvi komunic\u0113 ar vair\u0101kiem Bauskas ielas 15 iedz\u012bvot\u0101jiem. Un dzird\u0113tais vi\u0146u patiesi \u0161ok\u0113. Vi\u0146a atst\u0101sta vair\u0101kus gad\u012bjumus,<\/p>\n<p>&#8220;Dz\u012bvok\u013ca \u012bpa\u0161nieks zvana TV un interneta pakalpojumu sniedz\u0113jam un god\u012bgi pasaka, ka ir notikusi nelaime. M\u0101j\u0101 vairs nedr\u012bkst atrasties. Ko dar\u0101m ar pakalpojumu? Vai var lauzt l\u012bgumu? Atbilde: J\u0101, protams, bet jums ir j\u0101atgrie\u017e tehnika (r\u016bteris un modems) vai ar\u012b j\u0101maks\u0101 sods par aparat\u016bru un l\u012bgumsods. Nopietni? K\u0101 cilv\u0113ks \u0161obr\u012bd var tikt paka\u013c savam r\u016bterim, ja dz\u012bvoklis atrodas m\u0101j\u0101, kur\u0101 nedr\u012bkst atrasties? P\u0113c ilgas situ\u0101cijas skaidro\u0161anas tiek \u201cpan\u0101kta\u201d atlaide 50% uz trim m\u0113ne\u0161iem. Un p\u0113c tam? P\u0113c trim m\u0113ne\u0161iem r\u0113\u0137ins atkal b\u016bs p\u0113c l\u012bguma punktiem,&#8221; st\u0101sta Krist\u012bne.<\/p>\n<p>Situ\u0101cija ar banku: cilv\u0113ks zvana par nosl\u0113gto dz\u012bvok\u013ca un iedz\u012bves apdro\u0161in\u0101\u0161anu. Atbilde: L\u016bdzu iesniegt \u010dekus par iedz\u012bvi. \u010cekus, kas atrodas dz\u012bvokl\u012b, kur\u0101 \u0161obr\u012bd nav iesp\u0113jams iek\u013c\u016bt. &#8220;Un tad jaut\u0101jums, kas mani vienk\u0101r\u0161i paraliz\u0113ja: &#8220;Kad bankas darbinieks var\u0113tu ierasties apsekot apdro\u0161in\u0101to dz\u012bvokli Bauskas iel\u0101 15, lai p\u0101rliecin\u0101tos, ka cilv\u0113ks tie\u0161\u0101m nesp\u0113j r\u012bkoties ar savu iedz\u012bvi?&#8221; Atg\u0101dinu, spr\u0101dziens notika cit\u0101 dz\u012bvokl\u012b, bet \u0161\u012b dz\u012bvok\u013ca \u012bpa\u0161nieks cie\u0161 t\u0101p\u0113c, ka m\u0101ja ir b\u012bstama un taj\u0101 nedr\u012bkst atrasties.&#8221;<\/p>\n<p>[&#8230;] &#8220;Vai j\u016bs visp\u0101r dzirdat sevi? Vai m\u0113s k\u0101 sabiedr\u012bba neesam pazaud\u0113ju\u0161i cilv\u0113c\u012bbu? Vai tie\u0161\u0101m l\u012bguma punkti un form\u0101las proced\u016bras ir svar\u012bg\u0101kas par realit\u0101ti, nelaimi un cilv\u0113ku dro\u0161\u012bbu?&#8221; retoriski vaic\u0101 Krist\u012bne.<\/p>\n","protected":false},"excerpt":{"rendered":"Kop\u0113j\u0101 izmaks\u0101t\u0101 summa sasniedz 67 860 eiro, kopum\u0101 pal\u012bdzot 104 cilv\u0113kiem. R\u012bgas Soci\u0101lais dienests turpina apzin\u0101t iedz\u012bvot\u0101jus, kuri&hellip;\n","protected":false},"author":2,"featured_media":102196,"comment_status":"","ping_status":"","sticky":false,"template":"","format":"standard","meta":{"footnotes":""},"categories":[5],"tags":[23,28,29,32,33,22,30,31,35,39,38,36,37,34,40,20,26,27,24,25,21],"class_list":{"0":"post-102195","1":"post","2":"type-post","3":"status-publish","4":"format-standard","5":"has-post-thumbnail","7":"category-aktualitates","8":"tag-aktualitates","9":"tag-breaking-news","10":"tag-breakingnews","11":"tag-featured-news","12":"tag-featurednews","13":"tag-headlines","14":"tag-latest-news","15":"tag-latestnews","16":"tag-latvia","17":"tag-latvian","18":"tag-latviesu","19":"tag-latviesu-valoda","20":"tag-latviesuvaloda","21":"tag-latvija","22":"tag-lv","23":"tag-news","24":"tag-popularakas-zinas","25":"tag-popularakaszinas","26":"tag-top-stories","27":"tag-topstories","28":"tag-zinas"},"share_on_mastodon":{"url":"https:\/\/pubeurope.com\/@lv\/115882623204309600","error":""},"_links":{"self":[{"href":"https:\/\/www.europesays.com\/lv\/wp-json\/wp\/v2\/posts\/102195","targetHints":{"allow":["GET"]}}],"collection":[{"href":"https:\/\/www.europesays.com\/lv\/wp-json\/wp\/v2\/posts"}],"about":[{"href":"https:\/\/www.europesays.com\/lv\/wp-json\/wp\/v2\/types\/post"}],"author":[{"embeddable":true,"href":"https:\/\/www.europesays.com\/lv\/wp-json\/wp\/v2\/users\/2"}],"replies":[{"embeddable":true,"href":"https:\/\/www.europesays.com\/lv\/wp-json\/wp\/v2\/comments?post=102195"}],"version-history":[{"count":0,"href":"https:\/\/www.europesays.com\/lv\/wp-json\/wp\/v2\/posts\/102195\/revisions"}],"wp:featuredmedia":[{"embeddable":true,"href":"https:\/\/www.europesays.com\/lv\/wp-json\/wp\/v2\/media\/102196"}],"wp:attachment":[{"href":"https:\/\/www.europesays.com\/lv\/wp-json\/wp\/v2\/media?parent=102195"}],"wp:term":[{"taxonomy":"category","embeddable":true,"href":"https:\/\/www.europesays.com\/lv\/wp-json\/wp\/v2\/categories?post=102195"},{"taxonomy":"post_tag","embeddable":true,"href":"https:\/\/www.europesays.com\/lv\/wp-json\/wp\/v2\/tags?post=102195"}],"curies":[{"name":"wp","href":"https:\/\/api.w.org\/{rel}","templated":true}]}}