{"id":102197,"date":"2026-01-12T14:34:04","date_gmt":"2026-01-12T14:34:04","guid":{"rendered":"https:\/\/www.europesays.com\/lv\/102197\/"},"modified":"2026-01-12T14:34:04","modified_gmt":"2026-01-12T14:34:04","slug":"valsts-prezidents-sveic-ilggadejo-nacionala-teatra-aktieri-jani-skani-75-gadu-jubileja-lente-lv","status":"publish","type":"post","link":"https:\/\/www.europesays.com\/lv\/102197\/","title":{"rendered":"Valsts prezidents sveic ilggad\u0113jo Nacion\u0101l\u0101 te\u0101tra aktieri J\u0101ni Skani 75 gadu jubilej\u0101\u00a0\u2014\u00a0Lente.lv"},"content":{"rendered":"<p>Valsts prezidents sveic J\u0101ni Skani 75 gadu jubilej\u0101<\/p>\n<p>Valsts prezidents Edgars Rink\u0113vi\u010ds 12. janv\u0101r\u012b R\u012bgas pil\u012b sveica ilggad\u0113jo Latvijas Nacion\u0101l\u0101 te\u0101tra aktieri J\u0101ni Skani vi\u0146a 75. dzim\u0161anas dien\u0101. K\u0101 zi\u0146o telekan\u0101ls TV3, prezidents aktierim velt\u012bjis \u012bpa\u0161us apsveikumus, atz\u012bm\u0113jot vi\u0146a noz\u012bm\u012bgo ieguld\u012bjumu Latvijas te\u0101tra m\u0101ksl\u0101.<\/p>\n<p>V\u0113rt\u012bgs ieguld\u012bjums te\u0101tra m\u0101ksl\u0101<\/p>\n<p>J\u0101nis Sk\u0101nis ir paz\u012bstams ar savu daudzveid\u012bgo un talant\u012bgo darbu uz Latvijas Nacion\u0101l\u0101 te\u0101tra skatuves, kur vi\u0146\u0161 aizvad\u012bjis daudzas spilgtas lomas. Vi\u0146a aktiera karjera ir cie\u0161i saist\u012bta ar \u0161o te\u0101tri, padarot vi\u0146u par vienu no t\u0101 ilggad\u0113jiem un cien\u012bjam\u0101kajiem m\u0101ksliniekiem. Sk\u0101nis ir veidojis t\u0113lus gan klasisk\u0101s, gan m\u016bsdienu dramatur\u0123ijas iestud\u0113jumos, vienm\u0113r piev\u0113r\u0161ot uzman\u012bbu nians\u0113m un dzi\u013cumam katr\u0101 lom\u0101.<\/p>\n<p>Prezidenta atzin\u012bba<\/p>\n<p>Valsts prezidenta kancelejas inform\u0101cija liecina, ka \u0161\u0101das jubilejas ir noz\u012bm\u012bgs notikums, kur\u0101 tiek godin\u0101ti cilv\u0113ki, kas savu darbu un talantu velt\u012bju\u0161i Latvijas kult\u016brai un sabiedr\u012bbai. Edgara Rink\u0113vi\u010da sveiciens J\u0101nim Sk\u0101nim ir apliecin\u0101jums aktiera ilgajai un pan\u0101kumiem bag\u0101tajai karjerai, k\u0101 ar\u012b vi\u0146a person\u012bbas noz\u012bmei Latvijas kult\u016bras ainav\u0101. \u0160\u0101dos br\u012b\u017eos bie\u017ei tiek uzsv\u0113rts m\u0101kslinieka devums un ietekme uz skat\u012bt\u0101jiem un jaunaj\u0101m paaudz\u0113m.<\/p>\n<p>Latvijas Nacion\u0101lais te\u0101tris \u2013 kult\u016bras mantojuma glab\u0101t\u0101js<\/p>\n<p>Latvijas Nacion\u0101lais te\u0101tris, kas dibin\u0101ts 1919. gad\u0101, ir viens no noz\u012bm\u012bg\u0101kajiem kult\u016bras centriem Latvij\u0101. T\u0101 v\u0113sture ir bag\u0101ta un cie\u0161i savijusies ar Latvijas valsts likteni. Te\u0101tris vienm\u0113r ir bijis ne tikai izklaides, bet ar\u012b dom\u0101\u0161anas un diskusiju platforma, kur\u0101 atspogu\u013cojas sabiedr\u012bbas dz\u012bve un v\u0113rt\u012bbas. J\u0101\u0146a Ska\u0146a dai\u013crades posms te\u0101tra att\u012bst\u012bb\u0101 ir svar\u012bga da\u013ca no t\u0101 kop\u012bg\u0101 mantojuma.<\/p>\n","protected":false},"excerpt":{"rendered":"Valsts prezidents sveic J\u0101ni Skani 75 gadu jubilej\u0101 Valsts prezidents Edgars Rink\u0113vi\u010ds 12. janv\u0101r\u012b R\u012bgas pil\u012b sveica ilggad\u0113jo&hellip;\n","protected":false},"author":2,"featured_media":102198,"comment_status":"","ping_status":"","sticky":false,"template":"","format":"standard","meta":{"footnotes":""},"categories":[19],"tags":[816,89,90,24850,2916,35,39,38,36,37,34,1376,40,9191],"class_list":{"0":"post-102197","1":"post","2":"type-post","3":"status-publish","4":"format-standard","5":"has-post-thumbnail","7":"category-izklaide","8":"tag-edgars-rinkevics","9":"tag-entertainment","10":"tag-izklaide","11":"tag-janis-skanis","12":"tag-jubileja","13":"tag-latvia","14":"tag-latvian","15":"tag-latviesu","16":"tag-latviesu-valoda","17":"tag-latviesuvaloda","18":"tag-latvija","19":"tag-latvijas-nacionalais-teatris","20":"tag-lv","21":"tag-valsts-prezidents"},"share_on_mastodon":{"url":"https:\/\/pubeurope.com\/@lv\/115882627112338348","error":""},"_links":{"self":[{"href":"https:\/\/www.europesays.com\/lv\/wp-json\/wp\/v2\/posts\/102197","targetHints":{"allow":["GET"]}}],"collection":[{"href":"https:\/\/www.europesays.com\/lv\/wp-json\/wp\/v2\/posts"}],"about":[{"href":"https:\/\/www.europesays.com\/lv\/wp-json\/wp\/v2\/types\/post"}],"author":[{"embeddable":true,"href":"https:\/\/www.europesays.com\/lv\/wp-json\/wp\/v2\/users\/2"}],"replies":[{"embeddable":true,"href":"https:\/\/www.europesays.com\/lv\/wp-json\/wp\/v2\/comments?post=102197"}],"version-history":[{"count":0,"href":"https:\/\/www.europesays.com\/lv\/wp-json\/wp\/v2\/posts\/102197\/revisions"}],"wp:featuredmedia":[{"embeddable":true,"href":"https:\/\/www.europesays.com\/lv\/wp-json\/wp\/v2\/media\/102198"}],"wp:attachment":[{"href":"https:\/\/www.europesays.com\/lv\/wp-json\/wp\/v2\/media?parent=102197"}],"wp:term":[{"taxonomy":"category","embeddable":true,"href":"https:\/\/www.europesays.com\/lv\/wp-json\/wp\/v2\/categories?post=102197"},{"taxonomy":"post_tag","embeddable":true,"href":"https:\/\/www.europesays.com\/lv\/wp-json\/wp\/v2\/tags?post=102197"}],"curies":[{"name":"wp","href":"https:\/\/api.w.org\/{rel}","templated":true}]}}