{"id":102203,"date":"2026-01-12T14:37:07","date_gmt":"2026-01-12T14:37:07","guid":{"rendered":"https:\/\/www.europesays.com\/lv\/102203\/"},"modified":"2026-01-12T14:37:07","modified_gmt":"2026-01-12T14:37:07","slug":"34-kransmontana-boja-gajusie-atrasti-tiesi-pie-kapnem-kas-veda-ara-no-bara","status":"publish","type":"post","link":"https:\/\/www.europesays.com\/lv\/102203\/","title":{"rendered":"34 Kransmontan\u0101 boj\u0101 g\u0101ju\u0161ie atrasti tie\u0161i pie k\u0101pn\u0113m, kas veda \u0101r\u0101 no b\u0101ra"},"content":{"rendered":"<p>K\u0101p\u0146u renov\u0101cija b\u0101r\u0101 \u201cLe Constellation\u201d Kransmontan\u0101, \u0160veic\u0113, iesp\u0113jams, iev\u0113rojami veicin\u0101ja lielo upuru skaitu. It\u0101lijas dienas laikraksts \u201cIl Giornale\u201d zi\u0146o, ka 34 no 40 upuriem tika atrasti b\u0101ra k\u0101p\u0146u pak\u0101j\u0113. \u0160o k\u0101p\u0146u margas bija norautas un atrad\u0101s l\u012bdz\u0101s t\u0101m blakus gu\u013co\u0161ajiem l\u012b\u0137iem. Ir izskan\u0113ju\u0161as aps\u016bdz\u012bbas, ka b\u0101rs daudziem apmekl\u0113t\u0101jiem k\u013cuva par n\u0101v\u0113jo\u0161u slazdu, jo evaku\u0101cijas ce\u013ci bija blo\u0137\u0113ti vai aizsprostoti, un k\u0101pn\u0113m \u0161aj\u0101 proces\u0101 bija galven\u0101 loma.<\/p>\n","protected":false},"excerpt":{"rendered":"K\u0101p\u0146u renov\u0101cija b\u0101r\u0101 \u201cLe Constellation\u201d Kransmontan\u0101, \u0160veic\u0113, iesp\u0113jams, iev\u0113rojami veicin\u0101ja lielo upuru skaitu. It\u0101lijas dienas laikraksts \u201cIl Giornale\u201d&hellip;\n","protected":false},"author":2,"featured_media":102204,"comment_status":"","ping_status":"","sticky":false,"template":"","format":"standard","meta":{"footnotes":""},"categories":[14],"tags":[23,57,28,29,32,33,22,30,31,35,39,38,36,37,34,40,20,26,27,7239,24,25,2238,12853,377,54,55,56,21,58],"class_list":{"0":"post-102203","1":"post","2":"type-post","3":"status-publish","4":"format-standard","5":"has-post-thumbnail","7":"category-zinas-no-arvalstim","8":"tag-aktualitates","9":"tag-arvalstim","10":"tag-breaking-news","11":"tag-breakingnews","12":"tag-featured-news","13":"tag-featurednews","14":"tag-headlines","15":"tag-latest-news","16":"tag-latestnews","17":"tag-latvia","18":"tag-latvian","19":"tag-latviesu","20":"tag-latviesu-valoda","21":"tag-latviesuvaloda","22":"tag-latvija","23":"tag-lv","24":"tag-news","25":"tag-popularakas-zinas","26":"tag-popularakaszinas","27":"tag-sveice","28":"tag-top-stories","29":"tag-topstories","30":"tag-tvnet-arvalstis","31":"tag-ugunsdrosiba","32":"tag-ugunsgreks","33":"tag-world","34":"tag-world-news","35":"tag-worldnews","36":"tag-zinas","37":"tag-zinas-no-arvalstim"},"share_on_mastodon":{"url":"https:\/\/pubeurope.com\/@lv\/115882638934209581","error":""},"_links":{"self":[{"href":"https:\/\/www.europesays.com\/lv\/wp-json\/wp\/v2\/posts\/102203","targetHints":{"allow":["GET"]}}],"collection":[{"href":"https:\/\/www.europesays.com\/lv\/wp-json\/wp\/v2\/posts"}],"about":[{"href":"https:\/\/www.europesays.com\/lv\/wp-json\/wp\/v2\/types\/post"}],"author":[{"embeddable":true,"href":"https:\/\/www.europesays.com\/lv\/wp-json\/wp\/v2\/users\/2"}],"replies":[{"embeddable":true,"href":"https:\/\/www.europesays.com\/lv\/wp-json\/wp\/v2\/comments?post=102203"}],"version-history":[{"count":0,"href":"https:\/\/www.europesays.com\/lv\/wp-json\/wp\/v2\/posts\/102203\/revisions"}],"wp:featuredmedia":[{"embeddable":true,"href":"https:\/\/www.europesays.com\/lv\/wp-json\/wp\/v2\/media\/102204"}],"wp:attachment":[{"href":"https:\/\/www.europesays.com\/lv\/wp-json\/wp\/v2\/media?parent=102203"}],"wp:term":[{"taxonomy":"category","embeddable":true,"href":"https:\/\/www.europesays.com\/lv\/wp-json\/wp\/v2\/categories?post=102203"},{"taxonomy":"post_tag","embeddable":true,"href":"https:\/\/www.europesays.com\/lv\/wp-json\/wp\/v2\/tags?post=102203"}],"curies":[{"name":"wp","href":"https:\/\/api.w.org\/{rel}","templated":true}]}}