{"id":102207,"date":"2026-01-12T14:39:21","date_gmt":"2026-01-12T14:39:21","guid":{"rendered":"https:\/\/www.europesays.com\/lv\/102207\/"},"modified":"2026-01-12T14:39:21","modified_gmt":"2026-01-12T14:39:21","slug":"iespejams-upuru-ir-vairak-policija-aicina-atsaukties-ikvienu-kurs-cietis-no-attela-redzama-viriesa-jauns-lv","status":"publish","type":"post","link":"https:\/\/www.europesays.com\/lv\/102207\/","title":{"rendered":"Iesp\u0113jams, upuru ir vair\u0101k: policija aicina atsaukties ikvienu, kur\u0161 cietis no att\u0113l\u0101 redzam\u0101 v\u012brie\u0161a &#8211; Jauns.lv"},"content":{"rendered":"<ol>\n<li><a href=\"https:\/\/news.google.com\/rss\/articles\/CBMi0AFBVV95cUxQcXhCX1FJbUhzNHhSNHYyZzlIanl3OFo1NjBkLTREWnlGaUZDZ2xHU25vMXRaSFgwQkpaaGtYYWdIZ1lua0hYM3prTXNQQ3ZOSlVIeEl5VFk5bHc0bU4wWXdwYTZ4MVZWYWM2S2NpZEJTVzdzY3ZXeVFoTWdiV3MxbWl1ZTYwSzdrUDdYT0JTd2FJVXJpckRxQXY3T0daalBob0UzaTlTTWZid2xGY2JrdExJRXJvTVNqdkh5bzU0M3VhUlE3R0Z4LW5TMEdSUzVk?oc=5\" target=\"_blank\" rel=\"nofollow noopener\">Iesp\u0113jams, upuru ir vair\u0101k: policija aicina atsaukties ikvienu, kur\u0161 cietis no att\u0113l\u0101 redzam\u0101 v\u012brie\u0161a<\/a>&nbsp;&nbsp;Jauns.lv<\/li>\n<li><a href=\"https:\/\/news.google.com\/rss\/articles\/CBMipAFBVV95cUxOaFNBOVZRMEhRVmo5OFFPaXJobkdVcTNiNEZheXRENXNfMy1VWG11alpPb1ZoLWhnTGlndlB2UWpZYVRjSGJOYjlVYjhmQUc5cnZ4Ym1FRXo1eHhJc2hJZENjVURfX19wNXFKTlJjc2pWYU9XR1JCTklOaHVfdFpMeG00dFRlX2o0amtNeWt2Mnp0TG9HMnNDamVLQXZuVV9fN1E4Mg?oc=5\" target=\"_blank\" rel=\"nofollow noopener\">Atk\u0101rtots l\u016bgums no policijas &#8211; apl\u016bkojiet bildi!<\/a>&nbsp;&nbsp;NRA<\/li>\n<li><a href=\"https:\/\/news.google.com\/rss\/articles\/CBMi2AFBVV95cUxQWUVTSlhKNm5aUG9zMDBSN1lDSTJORHlkeUlwNW9zaTdvSDQ3UzM1eFRyaC1tdDdUdzFhOGNsYnEyRUMzOWZwUGVCTmhUSWE3ZzZuaTRjUkI4TDQ1Rkd5NkNjMERfaTJYSFVuQjZEOW81dDZIQ1dkN0JycUtIb3l1YjduM0tBUEVWSE5QVmpVUFZMbzAyaVRPemduR2lHd1FZM3FuNml4R1RQNmFJVkc1UGY1Wm05VGlkdGxPMkRtV1JZUHllTGJLNTg5bWtEUUJPLWVoZ21VSkE?oc=5\" target=\"_blank\" rel=\"nofollow noopener\">Valsts policija aicina atsaukties ikvienu, kur\u0161 var\u0113tu b\u016bt cietis no iesp\u0113jamaj\u0101m noziedz\u012bgaj\u0101m darb\u012bb\u0101m<\/a>&nbsp;&nbsp;Dzirkstele.lv<\/li>\n<li><a href=\"https:\/\/news.google.com\/rss\/articles\/CBMihAJBVV95cUxOcmUzV2VzYmhfRXNVcHhPVGUzVXNqbkR6ZGxNMy1WS1NGeURqX2Y3M1doMHhvU0pyY1dfckxmUFBiTVZNbV9JMmVsVWZYUkdOMXR6aXRkRHhRYnRKN3EyaU0yZVpQdEZvbTVKWlBDVjNXTTd3RjZqZ2o3SzlEd0NOc0FXb1cxTEdGcEszMzE3STRXRGptYm5RSm4wNUxodHpkeTI4aVhlUGdjZWVmU0Rqd29BT0c0bENEdkxiSWNKa2k3cVktVEZNRHlSY1ZHSzgwY1BLNmR1LVdUSEdnSGQtQ0ZCbzYxRHhWWkRkSm9hb0tnNUVrY1paWlg3UTRVN0RlMHdDdA?oc=5\" target=\"_blank\" rel=\"nofollow noopener\">Valsts policija atk\u0101rtoti aicina apl\u016bkot att\u0113l\u0101 redzamo v\u012brieti un atsaukties ikvienu, kur\u0161 var\u0113tu b\u016bt cietis no vi\u0146a iesp\u0113jamaj\u0101m noziedz\u012bgaj\u0101m darb\u012bb\u0101m<\/a>&nbsp;&nbsp;ReKurZeme.lv<\/li>\n<li><a href=\"https:\/\/news.google.com\/rss\/articles\/CBMi4wFBVV95cUxNZFA0UFBOUXQxOUFaNUowS2w0RTkxU1NrUk9veXpfWFgtNlE0SEVOUDRBSkdGTThQT01JLWxJNWhoc2taRkRnbWZCRFRYY1FtMGR0cExZTTFPSVQ1Sk54Vm5HdW9mcGZDODVqaWx6SmZ2TjFnbmEwOXpBeUdMS3ZvZDAzenI4NjRReHpVcXZsNVZ0SFFyVHp1YUVham5wVFdoc3Q4cXFBTlN0LU1HRkJDa21wRnpPd0E2VlRyQVNjNC0yRGQtMDhHMGNERVFmaU42a2twT1Q5bUd6VmlIbHhnWW9YQQ?oc=5\" target=\"_blank\" rel=\"nofollow noopener\">Policija aicina atsaukties iesp\u0113jamos upurus v\u012brietim, kur\u0161 tiek tur\u0113ts aizdom\u0101s par noziedz\u012bg\u0101m darb\u012bb\u0101m<\/a>&nbsp;&nbsp;Lente.lv<\/li>\n<\/ol>\n","protected":false},"excerpt":{"rendered":"Iesp\u0113jams, upuru ir vair\u0101k: policija aicina atsaukties ikvienu, kur\u0161 cietis no att\u0113l\u0101 redzam\u0101 v\u012brie\u0161a&nbsp;&nbsp;Jauns.lv Atk\u0101rtots l\u016bgums no policijas&hellip;\n","protected":false},"author":2,"featured_media":102208,"comment_status":"","ping_status":"","sticky":false,"template":"","format":"standard","meta":{"footnotes":""},"categories":[5],"tags":[23,28,29,32,33,22,30,31,35,39,38,36,37,34,40,20,26,27,24,25,21],"class_list":{"0":"post-102207","1":"post","2":"type-post","3":"status-publish","4":"format-standard","5":"has-post-thumbnail","7":"category-aktualitates","8":"tag-aktualitates","9":"tag-breaking-news","10":"tag-breakingnews","11":"tag-featured-news","12":"tag-featurednews","13":"tag-headlines","14":"tag-latest-news","15":"tag-latestnews","16":"tag-latvia","17":"tag-latvian","18":"tag-latviesu","19":"tag-latviesu-valoda","20":"tag-latviesuvaloda","21":"tag-latvija","22":"tag-lv","23":"tag-news","24":"tag-popularakas-zinas","25":"tag-popularakaszinas","26":"tag-top-stories","27":"tag-topstories","28":"tag-zinas"},"share_on_mastodon":{"url":"https:\/\/pubeurope.com\/@lv\/115882646757546051","error":""},"_links":{"self":[{"href":"https:\/\/www.europesays.com\/lv\/wp-json\/wp\/v2\/posts\/102207","targetHints":{"allow":["GET"]}}],"collection":[{"href":"https:\/\/www.europesays.com\/lv\/wp-json\/wp\/v2\/posts"}],"about":[{"href":"https:\/\/www.europesays.com\/lv\/wp-json\/wp\/v2\/types\/post"}],"author":[{"embeddable":true,"href":"https:\/\/www.europesays.com\/lv\/wp-json\/wp\/v2\/users\/2"}],"replies":[{"embeddable":true,"href":"https:\/\/www.europesays.com\/lv\/wp-json\/wp\/v2\/comments?post=102207"}],"version-history":[{"count":0,"href":"https:\/\/www.europesays.com\/lv\/wp-json\/wp\/v2\/posts\/102207\/revisions"}],"wp:featuredmedia":[{"embeddable":true,"href":"https:\/\/www.europesays.com\/lv\/wp-json\/wp\/v2\/media\/102208"}],"wp:attachment":[{"href":"https:\/\/www.europesays.com\/lv\/wp-json\/wp\/v2\/media?parent=102207"}],"wp:term":[{"taxonomy":"category","embeddable":true,"href":"https:\/\/www.europesays.com\/lv\/wp-json\/wp\/v2\/categories?post=102207"},{"taxonomy":"post_tag","embeddable":true,"href":"https:\/\/www.europesays.com\/lv\/wp-json\/wp\/v2\/tags?post=102207"}],"curies":[{"name":"wp","href":"https:\/\/api.w.org\/{rel}","templated":true}]}}