{"id":102215,"date":"2026-01-12T14:44:07","date_gmt":"2026-01-12T14:44:07","guid":{"rendered":"https:\/\/www.europesays.com\/lv\/102215\/"},"modified":"2026-01-12T14:44:07","modified_gmt":"2026-01-12T14:44:07","slug":"augstakas-tiesas-atzinums-draud-izgazt-buvnieku-kartela-lietu-saeima-grasas-meklet-risinajumus","status":"publish","type":"post","link":"https:\/\/www.europesays.com\/lv\/102215\/","title":{"rendered":"Augst\u0101k\u0101s tiesas atzinums draud izg\u0101zt b\u016bvnieku karte\u013ca lietu; Saeima gras\u0101s mekl\u0113t risin\u0101jumus"},"content":{"rendered":"<p>Aizliegta vieno\u0161an\u0101s jeb kartelis ir administrat\u012bvs p\u0101rk\u0101pums, savuk\u0101rt sarunas bija pievienotas krimin\u0101lprocesa materi\u0101liem un attiec\u012bgi neb\u016btu nododamas konkurences uzraugiem.<\/p>\n<p>Augst\u0101k\u0101 tiesa br\u012bdina par patva\u013cu un \u013caunpr\u0101t\u012bbu \u0161\u0101d\u0101 praks\u0113, savuk\u0101rt izmekl\u0113jo\u0161\u0101s iest\u0101des tagad satrauktas, ka \u0161is faktiski var ne tikai izg\u0101zt daudzu simtu miljonu eiro b\u016bvnieku karte\u013ca lietu, bet ar\u012b apdraud\u0113t citu aizliegtu vieno\u0161anos atkl\u0101\u0161anu.<\/p>\n<p>Tas viss ska\u013ci atbalsojies ar\u012b politiskaj\u0101 vid\u0113. Saeimas Juridisk\u0101s komisijas priek\u0161s\u0113d\u0113t\u0101js Andrejs Judins (JV) pau\u017e, ka jau paredz\u0113ts iesaist\u012btos saukt kop\u0101, lai lemtu par t\u0101l\u0101ko. Skaidrs, ka tas nek\u0101d\u0101 veid\u0101 neietekm\u0113s konkr\u0113to b\u016bvnieku karte\u013ca lietu, bet Augst\u0101k\u0101s tiesas secin\u0101jumiem ir pla\u0161a ietekme uz l\u012bdz\u012bg\u0101m izmekl\u0113\u0161an\u0101m n\u0101kotn\u0113.<\/p>\n<p>\u201cM\u0113s par to run\u0101sim, bet tas nav tikai par \u0161o spriedumu. Tas ir jaut\u0101jums p\u0113c b\u016bt\u012bbas. Run\u0101jot par to spriedumu, es dom\u0101ju, lai tiesne\u0161i skaidro, k\u0101p\u0113c vi\u0146i t\u0101 uzskata. Manupr\u0101t, pie\u0146emot jebk\u0101du l\u0113mumu, nevar redz\u0113t tikai burtus, bet ir j\u0101lasa un j\u0101saprot ar\u012b saturs,\u201d nor\u0101da Judins.<\/p>\n<p>Vi\u0146\u0161 akcent\u0113: \u201cIr svar\u012bgi pareizi piem\u0113rot likumus. Groz\u012bjumi ir iesp\u0113jami, bet es visu laiku saist\u012bb\u0101 ar da\u017e\u0101diem jaut\u0101jumiem dzirdu: ir j\u0101groza likumi, ir j\u0101pie\u0146em jauni. Nu varb\u016bt s\u0101ksim str\u0101d\u0101t ar tiem likumiem, kas mums ir.\u201d<\/p>\n<p class=\"ad-desc ad-desc-main\">Saturs turpin\u0101s p\u0113c rekl\u0101mas<\/p>\n<p class=\"ad-desc ad-desc-sec\">Rekl\u0101ma<\/p>\n<p>\u201cNegaid\u012bti\u201d \u2013 t\u0101 vien\u0101 v\u0101rd\u0101 Augst\u0101k\u0101s tiesas l\u0113mumu raksturo \u201cProgres\u012bvo\u201d Saeimas frakcijas vad\u012bt\u0101js Andris \u0160uvajevs. Saeimai b\u016b\u0161ot j\u0101iesaist\u0101s, vai nu at\u013caujot attiec\u012bgu materi\u0101lu nodo\u0161anu cit\u0101m instit\u016bcij\u0101m vai nu paredzot krimin\u0101latbild\u012bbu par karte\u013ciem.<\/p>\n<p>\u201cT\u0101, k\u0101 ir, nevar palikt. Faktiski tas sign\u0101ls, kas tiek nos\u016bt\u012bts, ir, ka valsts neliks \u0161\u0137\u0113r\u0161\u013cus. Protams, tas atvieglo dz\u012bvi ikvienam, kur\u0161 \u0161\u0101das aizliegt\u0101s vieno\u0161an\u0101s v\u0113las nosl\u0113gt. Ja m\u0113s v\u0113lamies b\u016bt tiesiska valsts, kur\u0101 kur \u0161\u0101da veida korupt\u012bvas darb\u012bbas nenotiek, tad skaidrs, ka Saeimai ir j\u0101saka savs v\u0101rds,\u201d uzsver \u0160uvajevs.<\/p>\n<p>K\u0101ds \u0161is \u201cSaeimas v\u0101rds\u201d var\u0113tu b\u016bt pagaid\u0101m gan nav zin\u0101ms. \u0160aj\u0101 parlamenta sasaukum\u0101 jau bija lem\u0161ana par karte\u013cu kriminaliz\u0113\u0161anu. Toreiz balsu nepietika. To neatbalst\u012bja ar\u012b koal\u012bcij\u0101 ietilpsto\u0161ie \u201cza\u013czemnieki\u201d, kuri joproj\u0101m dom\u0101 l\u012bdz\u012bgi, bet atz\u012bst \u2013 kaut k\u0101das regul\u0113juma izmai\u0146as var\u0113tu b\u016bt nepiecie\u0161amas.<\/p>\n<p>\u201cPar karte\u013cu kriminaliz\u0113\u0161anu diskusijas ir biju\u0161as gana pla\u0161as. M\u0113s vair\u0101k sliecamies atbalst\u012bt uz\u0146\u0113m\u0113ju nost\u0101ju, kas ir piesardz\u012bg\u0101ka un ka pamata liet\u0101s tom\u0113r j\u0101saglab\u0101 administrat\u012bv\u0101 atbild\u012bba. Savuk\u0101rt jaut\u0101jumos, kas skar, lietas materi\u0101lu izmanto\u0161anu, noteikti b\u016btu darbs,\u201d kl\u0101sta ZZS Saeimas frakcijas priek\u0161s\u0113d\u0113t\u0101js Harijs Rokpelnis.<\/p>\n<p>Ar\u012b vair\u0101kas opoz\u012bcijas frakcijas pagaid\u0101m izsak\u0101s piesardz\u012bgi, bet gatavas v\u0113rt\u0113t iesaist\u012bto argumentus.<\/p>\n<p>Saeimas Juridisk\u0101s komisijas s\u0113de par operat\u012bv\u0101s lietas materi\u0101lu potenci\u0101lu izmanto\u0161anu citos procesos iepl\u0101nota n\u0101kamned\u0113\u013c, tad ar\u012b vajadz\u0113tu b\u016bt skaidram, vai un k\u0101di iesp\u0113jami likuma groz\u012bjumi var\u0113tu b\u016bt nepiecie\u0161ami.<\/p>\n<p class=\"tv3-fw-500\">Zi\u0146o par k\u013c\u016bdu rakst\u0101<\/p>\n<p class=\"d-md-block d-none\">Iez\u012bm\u0113 k\u013c\u016bdaino tekstu un spied Ctrl+Enter.<\/p>\n<p class=\"d-md-none d-block\">Iez\u012bm\u0113 k\u013c\u016bdaino tekstu un zi\u0146o par to!<\/p>\n","protected":false},"excerpt":{"rendered":"Aizliegta vieno\u0161an\u0101s jeb kartelis ir administrat\u012bvs p\u0101rk\u0101pums, savuk\u0101rt sarunas bija pievienotas krimin\u0101lprocesa materi\u0101liem un attiec\u012bgi neb\u016btu nododamas konkurences&hellip;\n","protected":false},"author":2,"featured_media":102216,"comment_status":"","ping_status":"","sticky":false,"template":"","format":"standard","meta":{"footnotes":""},"categories":[12],"tags":[23,24853,28,29,32,33,22,30,31,35,39,38,36,37,34,40,20,26,27,24,25,21],"class_list":{"0":"post-102215","1":"post","2":"type-post","3":"status-publish","4":"format-standard","5":"has-post-thumbnail","7":"category-latvija","8":"tag-aktualitates","9":"tag-augstaka-tiesabuvniecibabuvnieku-kartela-lietabuvnieku-karteliskonkurences-padomepolitika","10":"tag-breaking-news","11":"tag-breakingnews","12":"tag-featured-news","13":"tag-featurednews","14":"tag-headlines","15":"tag-latest-news","16":"tag-latestnews","17":"tag-latvia","18":"tag-latvian","19":"tag-latviesu","20":"tag-latviesu-valoda","21":"tag-latviesuvaloda","22":"tag-latvija","23":"tag-lv","24":"tag-news","25":"tag-popularakas-zinas","26":"tag-popularakaszinas","27":"tag-top-stories","28":"tag-topstories","29":"tag-zinas"},"share_on_mastodon":{"url":"https:\/\/pubeurope.com\/@lv\/115882666493622412","error":""},"_links":{"self":[{"href":"https:\/\/www.europesays.com\/lv\/wp-json\/wp\/v2\/posts\/102215","targetHints":{"allow":["GET"]}}],"collection":[{"href":"https:\/\/www.europesays.com\/lv\/wp-json\/wp\/v2\/posts"}],"about":[{"href":"https:\/\/www.europesays.com\/lv\/wp-json\/wp\/v2\/types\/post"}],"author":[{"embeddable":true,"href":"https:\/\/www.europesays.com\/lv\/wp-json\/wp\/v2\/users\/2"}],"replies":[{"embeddable":true,"href":"https:\/\/www.europesays.com\/lv\/wp-json\/wp\/v2\/comments?post=102215"}],"version-history":[{"count":0,"href":"https:\/\/www.europesays.com\/lv\/wp-json\/wp\/v2\/posts\/102215\/revisions"}],"wp:featuredmedia":[{"embeddable":true,"href":"https:\/\/www.europesays.com\/lv\/wp-json\/wp\/v2\/media\/102216"}],"wp:attachment":[{"href":"https:\/\/www.europesays.com\/lv\/wp-json\/wp\/v2\/media?parent=102215"}],"wp:term":[{"taxonomy":"category","embeddable":true,"href":"https:\/\/www.europesays.com\/lv\/wp-json\/wp\/v2\/categories?post=102215"},{"taxonomy":"post_tag","embeddable":true,"href":"https:\/\/www.europesays.com\/lv\/wp-json\/wp\/v2\/tags?post=102215"}],"curies":[{"name":"wp","href":"https:\/\/api.w.org\/{rel}","templated":true}]}}