{"id":102221,"date":"2026-01-12T14:48:18","date_gmt":"2026-01-12T14:48:18","guid":{"rendered":"https:\/\/www.europesays.com\/lv\/102221\/"},"modified":"2026-01-12T14:48:18","modified_gmt":"2026-01-12T14:48:18","slug":"chery-wess-select-auto-veikala-atklasana-tirdzniecibas-centra-spice","status":"publish","type":"post","link":"https:\/\/www.europesays.com\/lv\/102221\/","title":{"rendered":"Chery WESS Select auto veikala atkl\u0101\u0161ana tirdzniec\u012bbas centr\u0101 &#8220;Spice&#8221;"},"content":{"rendered":"<p>2026. gada 9. janv\u0101r\u012b R\u012bg\u0101, tirdzniec\u012bbas centr\u0101 &#8220;Spice&#8221; (Lielirbes iela 27, R\u012bga), ofici\u0101li atkl\u0101ts pirmais Chery auto veikals Baltij\u0101, iez\u012bm\u0113jot noz\u012bm\u012bgu pav\u0113rsienu z\u012bmola att\u012bst\u012bb\u0101 re\u0123ion\u0101. Par pirmo ofici\u0101lo Chery d\u012bleri Baltij\u0101 k\u013cuvis WESS Select, un jaunais auto veikals pied\u0101v\u0101 iesp\u0113ju kl\u0101tien\u0113 iepaz\u012bt Chery mode\u013cus, sa\u0146emt profesion\u0101las konsult\u0101cijas, k\u0101 ar\u012b doties testa braucienos.<\/p>\n<p>\u0160obr\u012bd gan ekspoz\u012bcij\u0101, gan testa braucieniem pieejami Chery Tiggo 7 un Tiggo 8 mode\u013ci \u2013 benz\u012bna un plug-in hibr\u012bda (PHEV) versij\u0101s. Mode\u013cu kl\u0101sts pied\u0101v\u0101 pla\u0161as izv\u0113les iesp\u0113jas da\u017e\u0101d\u0101m vajadz\u012bb\u0101m, apvienojot modernu dizainu, komfortu un dro\u0161\u012bbu. Chery Tiggo 7 un Tiggo 8 jaun\u0101k\u0101s paaudzes mode\u013ci ir sa\u0146\u0113mu\u0161i augstu nov\u0113rt\u0113jumu dro\u0161\u012bbas testos, tostarp 5 zvaig\u017e\u0146u Euro NCAP v\u0113rt\u0113jumu, kas apliecina atbilst\u012bbu stingrajiem Eiropas dro\u0161\u012bbas standartiem.<\/p>\n<p class=\"m-0\">Seko &#8220;Delfi&#8221; ar\u012b  <a target=\"_blank\" href=\"https:\/\/www.instagram.com\/delfi.lv\/\" rel=\"nofollow noopener\">Instagram<\/a>  un <a target=\"_blank\" href=\"https:\/\/www.youtube.com\/channel\/UCw5foWtcJvAbUm64rv7jwUQ\" rel=\"nofollow noopener\">YouTube<\/a>  profil\u0101 \u2013 pievienojies, lai uzzin\u0101tu svar\u012bg\u0101ko un interesant\u0101ko pirmais!<\/p>\n<p>Publik\u0101cijas saturs vai t\u0101s jebk\u0101da apjoma da\u013ca ir aizsarg\u0101ts autorties\u012bbu objekts Autorties\u012bbu likuma izpratn\u0113, un t\u0101 izmanto\u0161ana bez izdev\u0113ja at\u013caujas ir aizliegta. Vair\u0101k lasi  <a target=\"_blank\" href=\"https:\/\/www.delfi.lv\/noteikumi#autortiesibas\" rel=\"nofollow noopener\">\u0161eit<\/a><script async src=\"\/\/www.instagram.com\/embed.js\"><\/script><\/p>\n","protected":false},"excerpt":{"rendered":"2026. gada 9. janv\u0101r\u012b R\u012bg\u0101, tirdzniec\u012bbas centr\u0101 &#8220;Spice&#8221; (Lielirbes iela 27, R\u012bga), ofici\u0101li atkl\u0101ts pirmais Chery auto veikals&hellip;\n","protected":false},"author":2,"featured_media":102222,"comment_status":"","ping_status":"","sticky":false,"template":"","format":"standard","meta":{"footnotes":""},"categories":[16],"tags":[77,76,35,39,38,36,37,34,40],"class_list":{"0":"post-102221","1":"post","2":"type-post","3":"status-publish","4":"format-standard","5":"has-post-thumbnail","7":"category-bizness","8":"tag-bizness","9":"tag-business","10":"tag-latvia","11":"tag-latvian","12":"tag-latviesu","13":"tag-latviesu-valoda","14":"tag-latviesuvaloda","15":"tag-latvija","16":"tag-lv"},"share_on_mastodon":{"url":"https:\/\/pubeurope.com\/@lv\/115882682133392063","error":""},"_links":{"self":[{"href":"https:\/\/www.europesays.com\/lv\/wp-json\/wp\/v2\/posts\/102221","targetHints":{"allow":["GET"]}}],"collection":[{"href":"https:\/\/www.europesays.com\/lv\/wp-json\/wp\/v2\/posts"}],"about":[{"href":"https:\/\/www.europesays.com\/lv\/wp-json\/wp\/v2\/types\/post"}],"author":[{"embeddable":true,"href":"https:\/\/www.europesays.com\/lv\/wp-json\/wp\/v2\/users\/2"}],"replies":[{"embeddable":true,"href":"https:\/\/www.europesays.com\/lv\/wp-json\/wp\/v2\/comments?post=102221"}],"version-history":[{"count":0,"href":"https:\/\/www.europesays.com\/lv\/wp-json\/wp\/v2\/posts\/102221\/revisions"}],"wp:featuredmedia":[{"embeddable":true,"href":"https:\/\/www.europesays.com\/lv\/wp-json\/wp\/v2\/media\/102222"}],"wp:attachment":[{"href":"https:\/\/www.europesays.com\/lv\/wp-json\/wp\/v2\/media?parent=102221"}],"wp:term":[{"taxonomy":"category","embeddable":true,"href":"https:\/\/www.europesays.com\/lv\/wp-json\/wp\/v2\/categories?post=102221"},{"taxonomy":"post_tag","embeddable":true,"href":"https:\/\/www.europesays.com\/lv\/wp-json\/wp\/v2\/tags?post=102221"}],"curies":[{"name":"wp","href":"https:\/\/api.w.org\/{rel}","templated":true}]}}