{"id":102233,"date":"2026-01-12T15:01:07","date_gmt":"2026-01-12T15:01:07","guid":{"rendered":"https:\/\/www.europesays.com\/lv\/102233\/"},"modified":"2026-01-12T15:01:07","modified_gmt":"2026-01-12T15:01:07","slug":"ukraina-un-moldova-kops-gada-sakuma-pastiprinajusas-piednestras-blokadi-raksts","status":"publish","type":"post","link":"https:\/\/www.europesays.com\/lv\/102233\/","title":{"rendered":"Ukraina un Moldova kop\u0161 gada s\u0101kuma pastiprin\u0101ju\u0161as Pied\u0146estras blok\u0101di \/ Raksts"},"content":{"rendered":"<p>Ukraina un Moldova no 1. janv\u0101ra kop\u012bgiem sp\u0113kiem piem\u0113ro stingru muitas un dro\u0161\u012bbas kontroli visam, kas iebrauc Pied\u0146estr\u0101 vai izbrauc no t\u0101s, pirmdien v\u0113sta zi\u0146u vietne &#8220;Euromaidan Press&#8221;.<\/p>\n<p>Kaut ar\u012b Pied\u0146estra starptautiski ir atz\u012bta k\u0101 Moldovas da\u013ca, separ\u0101tiskaj\u0101 republik\u0101 kop\u0161 20. gadsimta devi\u0146desmitajiem gadiem atrodas Krievijas karasp\u0113ka kontingents.<\/p>\n<p>1. janv\u0101r\u012b Ukraina s\u0101ka stingri kontrol\u0113t visas kravas un cilv\u0113kus, kas \u0161\u0137\u0113rso 450 kilometrus garo robe\u017eu ar Pied\u0146estru. Moldovas varasiest\u0101des savuk\u0101rt nostiprin\u0101ja kontrolpunktus un papla\u0161in\u0101ja robe\u017eu kontroli, izmantojot mobil\u0101s vien\u012bbas, lai atbalst\u012btu kontroli \u0101rpus stacion\u0101rajiem robe\u017e\u0161\u0137\u0113rso\u0161anas punktiem.<\/p>\n<p>&#8220;Euromaidan Press&#8221; nor\u0101da, ka l\u012bdz ar \u0161iem pas\u0101kumiem Pied\u0146estra no pel\u0113k\u0101s zonas, ko Krievija var\u0113ja neman\u0101mi p\u0101rvald\u012bt, p\u0101rv\u0113r\u0161as par kontrol\u0113tu telpu, kur\u0101 atbalsts no \u0101rpuses ir apgr\u016btin\u0101ts un labi paman\u0101ms.<\/p>\n<blockquote>\n<p>Pas\u0101kumu m\u0113r\u0137is ir p\u0101rtraukt Krievijas ietekmi Pied\u0146estr\u0101, nes\u0101kot karu.<\/p>\n<\/blockquote>\n<p>Pl\u0101nots s\u0101kt ar politisko izol\u0101ciju, lai separ\u0101tistu l\u012bderi zaud\u0113 \u0101r\u0113jos kontaktus un br\u012bv\u012bbu r\u012bkoties patst\u0101v\u012bgi. Blok\u0101de samazin\u0101s ar\u012b Krievijas kontingenta lo\u0123istikas iesp\u0113jas, jo aptuveni 1500 Pied\u0146estr\u0101 disloc\u0113to Krievijas karav\u012bru ir atkar\u012bgi no past\u0101v\u012bgas piek\u013cuves degvielai, apr\u012bkojumam un ikdienas prec\u0113m. Gadiem ilgi liela da\u013ca no \u0161\u012b atbalsta tika nodro\u0161in\u0101ta caur neofici\u0101liem tirdzniec\u012bbas ce\u013ciem, izmantojot draudz\u012bgus uz\u0146\u0113mumus un v\u0101jas muitas p\u0101rbaudes, kas \u013c\u0101va izvair\u012bties no piln\u012bgas Moldovas kontroles.<\/p>\n<p>Sl\u0113dzot \u0161os ce\u013cus, Moldova un Ukraina apgr\u016btina Krievijas kontingenta uztur\u0113\u0161anu un padara to daudz maz\u0101k efekt\u012bvu k\u0101 spiediena instrumentu Eiropas Savien\u012bbas (ES) tuvum\u0101.<\/p>\n<blockquote>\n<p>Blok\u0101de tiek \u012bstenota, izmantojot pamata robe\u017ekontroles, gaisa telpas un muitas kontroles pas\u0101kumus, kurus ab\u0101m valst\u012bm ir likum\u012bgas ties\u012bbas \u012bstenot. Sp\u0113ks netiek izmantots.<\/p>\n<\/blockquote>\n<p>Moldova un Ukraina tagad koordin\u0113 savas robe\u017esist\u0113mas, t\u0101p\u0113c cilv\u0113ku un kravas p\u0101rvieto\u0161ana var notikt\u00a0tikai tad, ja abas puses to at\u013cauj, t\u0101d\u0113j\u0101di nov\u0113r\u0161ot k\u0101dreiz past\u0101vo\u0161\u0101s nepiln\u012bbas, zi\u0146o &#8220;Euromaidan Press&#8221;.<\/p>\n<p>Moldovas gaisa telpas kontrole blo\u0137\u0113 jebk\u0101das gaisa pieg\u0101des Pied\u0146estrai, savuk\u0101rt dzelzce\u013ca un autotransporta satiksme tiek aptur\u0113ta, ja vien t\u0101 neatbilst stingriem muitas noteikumiem.<\/p>\n<p>Vienlaikus Moldovas vald\u012bba pastiprin\u0101jusi kontroli valsts iek\u0161ien\u0113, nostiprinot autonomo re\u0123ionu pak\u013caut\u012bbu centr\u0101lajai varai un t\u0101d\u0113j\u0101di samazinot Krievijas ietekmes iesp\u0113jas. \u0160\u012b iek\u0161\u0113j\u0101 konsolid\u0101cija ir cie\u0161i saist\u012bta ar blok\u0101di, jo, at\u0146emot Pied\u0146estrai piek\u013cuvi no \u0101rpuses, tiek atsl\u0113gts ar\u012b galvenais politisk\u0101 un ekonomisk\u0101 atbalsta avots ar Krieviju saist\u012btiem sp\u0113l\u0113t\u0101jiem Moldovas iek\u0161ien\u0113.<\/p>\n<p>Bez sauszemes ce\u013ciem, bez piek\u013cuves no gaisa un bez leg\u0101las tirdzniec\u012bbas pl\u016bsmas Krievija vairs nevar viegli finans\u0113t, apg\u0101d\u0101t vai koordin\u0113t spiedienu, izmantojot viet\u0113j\u0101s grupas un sabiedrotos.<\/p>\n<p>&#8220;Euromaidan Press&#8221; nor\u0101da, ka Krievijai ir \u013coti maz re\u0101lu iesp\u0113ju atbild\u0113t, jo nav dro\u0161a mar\u0161ruta, pa kuru nos\u016bt\u012bt pieg\u0101des vai rot\u0113t karasp\u0113ku, ne\u0161\u0137\u0113rsojot Moldovas vai Ukrainas piln\u012bb\u0101 kontrol\u0113t\u0101s teritorijas. M\u0113\u0123in\u0101jumi slepeni apiet blok\u0101di rad\u012btu nopietnas politiskas izmaksas, ja tie tiktu atkl\u0101ti, savuk\u0101rt atkl\u0101ti centieni \u0101tri piesaist\u012btu starptautisko uzman\u012bbu.<\/p>\n<p>                    Valodas k\u013c\u016bda rakst\u0101?<\/p>\n<p class=\"d-none d-md-block\">Iez\u012bm\u0113jiet tekstu un spiediet Ctrl+Enter, lai nos\u016bt\u012btu labojamo teksta fragmentu redaktoram! Par faktu k\u013c\u016bd\u0101m l\u016bdzam zi\u0146ot e-past\u0101 <a href=\"https:\/\/www.lsm.lv\/cdn-cgi\/l\/email-protection\" class=\"__cf_email__\" data-cfemail=\"97e5f2f3f6fcf4fefdf6d7fbe4fab9fbe1\" rel=\"nofollow noopener\" target=\"_blank\">[email\u00a0protected]<\/a>.<\/p>\n<p class=\"d-md-none\">Iez\u012bm\u0113jiet tekstu un spiediet uz Zi\u0146ot par k\u013c\u016bdu pogas, lai nos\u016bt\u012btu labojamo teksta fragmentu redaktoram!<\/p>\n<p>\n                    Zi\u0146ot par k\u013c\u016bdu\n                <\/p>\n","protected":false},"excerpt":{"rendered":"Ukraina un Moldova no 1. janv\u0101ra kop\u012bgiem sp\u0113kiem piem\u0113ro stingru muitas un dro\u0161\u012bbas kontroli visam, kas iebrauc Pied\u0146estr\u0101&hellip;\n","protected":false},"author":2,"featured_media":102234,"comment_status":"","ping_status":"","sticky":false,"template":"","format":"standard","meta":{"footnotes":""},"categories":[14],"tags":[23,57,28,29,32,33,22,30,31,35,39,38,36,37,34,40,20,26,27,24,25,54,55,56,21,58],"class_list":{"0":"post-102233","1":"post","2":"type-post","3":"status-publish","4":"format-standard","5":"has-post-thumbnail","7":"category-zinas-no-arvalstim","8":"tag-aktualitates","9":"tag-arvalstim","10":"tag-breaking-news","11":"tag-breakingnews","12":"tag-featured-news","13":"tag-featurednews","14":"tag-headlines","15":"tag-latest-news","16":"tag-latestnews","17":"tag-latvia","18":"tag-latvian","19":"tag-latviesu","20":"tag-latviesu-valoda","21":"tag-latviesuvaloda","22":"tag-latvija","23":"tag-lv","24":"tag-news","25":"tag-popularakas-zinas","26":"tag-popularakaszinas","27":"tag-top-stories","28":"tag-topstories","29":"tag-world","30":"tag-world-news","31":"tag-worldnews","32":"tag-zinas","33":"tag-zinas-no-arvalstim"},"share_on_mastodon":{"url":"https:\/\/pubeurope.com\/@lv\/115882733248728789","error":""},"_links":{"self":[{"href":"https:\/\/www.europesays.com\/lv\/wp-json\/wp\/v2\/posts\/102233","targetHints":{"allow":["GET"]}}],"collection":[{"href":"https:\/\/www.europesays.com\/lv\/wp-json\/wp\/v2\/posts"}],"about":[{"href":"https:\/\/www.europesays.com\/lv\/wp-json\/wp\/v2\/types\/post"}],"author":[{"embeddable":true,"href":"https:\/\/www.europesays.com\/lv\/wp-json\/wp\/v2\/users\/2"}],"replies":[{"embeddable":true,"href":"https:\/\/www.europesays.com\/lv\/wp-json\/wp\/v2\/comments?post=102233"}],"version-history":[{"count":0,"href":"https:\/\/www.europesays.com\/lv\/wp-json\/wp\/v2\/posts\/102233\/revisions"}],"wp:featuredmedia":[{"embeddable":true,"href":"https:\/\/www.europesays.com\/lv\/wp-json\/wp\/v2\/media\/102234"}],"wp:attachment":[{"href":"https:\/\/www.europesays.com\/lv\/wp-json\/wp\/v2\/media?parent=102233"}],"wp:term":[{"taxonomy":"category","embeddable":true,"href":"https:\/\/www.europesays.com\/lv\/wp-json\/wp\/v2\/categories?post=102233"},{"taxonomy":"post_tag","embeddable":true,"href":"https:\/\/www.europesays.com\/lv\/wp-json\/wp\/v2\/tags?post=102233"}],"curies":[{"name":"wp","href":"https:\/\/api.w.org\/{rel}","templated":true}]}}