{"id":102237,"date":"2026-01-12T15:07:09","date_gmt":"2026-01-12T15:07:09","guid":{"rendered":"https:\/\/www.europesays.com\/lv\/102237\/"},"modified":"2026-01-12T15:07:09","modified_gmt":"2026-01-12T15:07:09","slug":"kadirova-nieres-lenam-atsakas-funkcionet-kremlis-mekle-jaunu-cecenijas-vadoni-1188-lv","status":"publish","type":"post","link":"https:\/\/www.europesays.com\/lv\/102237\/","title":{"rendered":"Kadirova nieres l\u0113n\u0101m atsak\u0101s funkcion\u0113t &#8211; Kremlis mekl\u0113 jaunu \u010ce\u010denijas vadoni &#8211; 1188.lv"},"content":{"rendered":"<ol>\n<li><a href=\"https:\/\/news.google.com\/rss\/articles\/CBMisAFBVV95cUxOSnV4OTEtVUN0YWk2eW5ZMFF4S1JodFNBc3FYdnZQOHdtTC1vU3ZmQWcwemFUbjVyclQ5QkV3TWFOcFREdkZKTmZ6OHRTcmc3RGlRdFlwbFVWanlQZ2RVT0NraTB3SFYzOEE5ZWMxVUFtUjFoTnBZSVVqVlNlQTJJOUZYVTNBV3dINXdBR2lwNWhTODBkZ3d5V252VEJwQlJITmFaTVdaSFBmaEF0ZWpyNA?oc=5\" target=\"_blank\" rel=\"nofollow noopener\">Kadirova nieres l\u0113n\u0101m atsak\u0101s funkcion\u0113t &#8211; Kremlis mekl\u0113 jaunu \u010ce\u010denijas vadoni<\/a>&nbsp;&nbsp;1188.lv<\/li>\n<li><a href=\"https:\/\/news.google.com\/rss\/articles\/CBMiqwFBVV95cUxPWEd1emJOUU85bVBGU1N1MUo3LWRxcjJ2Qi1weDFydEVvbTBUWkJYNVdKU1NXYmVEMVJfeWRPelh2TVNRcHlCOUhnMm14LVFVRmJURXpBb0EyeEN0ZWlGYVZDR28wb0otUHZISGpuSUlTQ2VmeFVmMk9TcXoyYVA5bUg3OEo4Q0VJcXlTYWdRRm9weXpLRWFKVlpxSEY1b1VQaThCZXZxLWZUZG8?oc=5\" target=\"_blank\" rel=\"nofollow noopener\">Avoti: Pasliktinoties Kadirova vesel\u012bbai, Kremlis debat\u0113 par amata mantiniekiem<\/a>&nbsp;&nbsp;Apollo.lv<\/li>\n<li><a href=\"https:\/\/news.google.com\/rss\/articles\/CBMiigFBVV95cUxQc3dwSHp6YUFTc0FzMVNRdERMQ2NCZzdUbGVFWlpKeWhsQkF5NWxiRXRFWlNVLUhQSkVLcXJIMEZnSHFzcWVaWEMtdGdyanhxSVBJaE4wYUQ4elpOcy1selBFR1paRmpPeG44Yjk3LTlHbHduczBFdzBYZWdSbTFLZUEzblg2c3d3SkE?oc=5\" target=\"_blank\" rel=\"nofollow noopener\">Kadirovs iece\u013c \u010ce\u010denijas vicepremjera amat\u0101 savu d\u0113lu<\/a>&nbsp;&nbsp;TVNET<\/li>\n<li><a href=\"https:\/\/news.google.com\/rss\/articles\/CBMiygFBVV95cUxQaHJpLW91b1pGcTlZMUViSXBGeXVtbXE0V00zLUxNVTBSUnZGYWNhS2F4VVpyZ1RzeHh2dmYzM0wxYy14ZDhnQ3BhMThza2lfaERBZTR0clpSOEJMQVQzVzg3eWJXckc5NDdOVVgxRUF2TlVqMVdrSWFlbEdHeTJQcnROUUkxaVRTUno0SnFBNlRVaVA5MzZGTENwNW8wOU9fV1FIZHJpS0hHMThMcEVBMnJ1VGRhSWJpeW5JaVNtdEpWd29aNC1MVVNR?oc=5\" target=\"_blank\" rel=\"nofollow noopener\">\u010ce\u010denijas vadonis Kadirovs iece\u013c 20 gadus veco d\u0113lu vicepremjera amat\u0101 \/ Raksts<\/a>&nbsp;&nbsp;LSM<\/li>\n<li><a href=\"https:\/\/news.google.com\/rss\/articles\/CBMiqgFBVV95cUxNa2FLNm1tUFI0ZnZKeG9wS3Nmb2dPdWN4YVRKcnlmMTgwRDRlb3Z0MG5PQ1FudmZGMERlRkhuZm1ZZWdYZWxCRlpDT1VUQ0hFeHpBYk52aGVsYk8zWENrYk92dzFBcVU1X0xVVHR6THhRMV9HWnpSdUVBM0JBTTZHMlhrRHAyVDVQdnZaUkpYN3MwckFBeGpCNWZfbkVueE51TzVvb1ZCOXUzdw?oc=5\" target=\"_blank\" rel=\"nofollow noopener\">Kadirovs iece\u013c savu d\u0113lu \u010ce\u010denijas vicepremjera amat\u0101, ta\u010du zi\u0146as par slikto vesel\u012bbu noliedz<\/a>&nbsp;&nbsp;NRA<\/li>\n<\/ol>\n","protected":false},"excerpt":{"rendered":"Kadirova nieres l\u0113n\u0101m atsak\u0101s funkcion\u0113t &#8211; Kremlis mekl\u0113 jaunu \u010ce\u010denijas vadoni&nbsp;&nbsp;1188.lv Avoti: Pasliktinoties Kadirova vesel\u012bbai, Kremlis debat\u0113 par&hellip;\n","protected":false},"author":2,"featured_media":102238,"comment_status":"","ping_status":"","sticky":false,"template":"","format":"standard","meta":{"footnotes":""},"categories":[14],"tags":[23,57,28,29,32,33,22,30,31,35,39,38,36,37,34,40,20,26,27,24,25,54,55,56,21,58],"class_list":{"0":"post-102237","1":"post","2":"type-post","3":"status-publish","4":"format-standard","5":"has-post-thumbnail","7":"category-zinas-no-arvalstim","8":"tag-aktualitates","9":"tag-arvalstim","10":"tag-breaking-news","11":"tag-breakingnews","12":"tag-featured-news","13":"tag-featurednews","14":"tag-headlines","15":"tag-latest-news","16":"tag-latestnews","17":"tag-latvia","18":"tag-latvian","19":"tag-latviesu","20":"tag-latviesu-valoda","21":"tag-latviesuvaloda","22":"tag-latvija","23":"tag-lv","24":"tag-news","25":"tag-popularakas-zinas","26":"tag-popularakaszinas","27":"tag-top-stories","28":"tag-topstories","29":"tag-world","30":"tag-world-news","31":"tag-worldnews","32":"tag-zinas","33":"tag-zinas-no-arvalstim"},"share_on_mastodon":{"url":"https:\/\/pubeurope.com\/@lv\/115882756818212779","error":""},"_links":{"self":[{"href":"https:\/\/www.europesays.com\/lv\/wp-json\/wp\/v2\/posts\/102237","targetHints":{"allow":["GET"]}}],"collection":[{"href":"https:\/\/www.europesays.com\/lv\/wp-json\/wp\/v2\/posts"}],"about":[{"href":"https:\/\/www.europesays.com\/lv\/wp-json\/wp\/v2\/types\/post"}],"author":[{"embeddable":true,"href":"https:\/\/www.europesays.com\/lv\/wp-json\/wp\/v2\/users\/2"}],"replies":[{"embeddable":true,"href":"https:\/\/www.europesays.com\/lv\/wp-json\/wp\/v2\/comments?post=102237"}],"version-history":[{"count":0,"href":"https:\/\/www.europesays.com\/lv\/wp-json\/wp\/v2\/posts\/102237\/revisions"}],"wp:featuredmedia":[{"embeddable":true,"href":"https:\/\/www.europesays.com\/lv\/wp-json\/wp\/v2\/media\/102238"}],"wp:attachment":[{"href":"https:\/\/www.europesays.com\/lv\/wp-json\/wp\/v2\/media?parent=102237"}],"wp:term":[{"taxonomy":"category","embeddable":true,"href":"https:\/\/www.europesays.com\/lv\/wp-json\/wp\/v2\/categories?post=102237"},{"taxonomy":"post_tag","embeddable":true,"href":"https:\/\/www.europesays.com\/lv\/wp-json\/wp\/v2\/tags?post=102237"}],"curies":[{"name":"wp","href":"https:\/\/api.w.org\/{rel}","templated":true}]}}