{"id":102245,"date":"2026-01-12T15:14:07","date_gmt":"2026-01-12T15:14:07","guid":{"rendered":"https:\/\/www.europesays.com\/lv\/102245\/"},"modified":"2026-01-12T15:14:07","modified_gmt":"2026-01-12T15:14:07","slug":"par-ko-nedrikst-nerunat-lampa-aicina-pieteikt-pasakumus-2026-gada-programmai-3","status":"publish","type":"post","link":"https:\/\/www.europesays.com\/lv\/102245\/","title":{"rendered":"Par ko nedr\u012bkst nerun\u0101t? LAMPA aicina pieteikt pas\u0101kumus 2026. gada programmai"},"content":{"rendered":"<p><img fetchpriority=\"high\" decoding=\"async\" width=\"1024\" height=\"684\" src=\"https:\/\/www.europesays.com\/lv\/wp-content\/uploads\/2026\/01\/pexels-leeloothefirst-5428830-1024x684.jpg\" alt=\"\" class=\"wp-image-985690\"  \/>www.pexels.com<\/p>\n<p>No 12. janv\u0101ra l\u012bdz 20. febru\u0101rim ikviens aicin\u0101ts pieteikt savu pas\u0101kumu Sarunu festiv\u0101lam LAMPA, kas 2026. gada 10. un 11. j\u016blij\u0101 notiks C\u0113s\u012bs. Festiv\u0101la programma veidojas koprad\u0113 ar cilv\u0113kiem un organiz\u0101cij\u0101m no visda\u017e\u0101d\u0101kaj\u0101m jom\u0101m, t\u0101p\u0113c pieteikumi gaid\u012bti no sarunu entuziastiem, priv\u0101t\u0101, valsts un nevalstisk\u0101 sektora organiz\u0101cij\u0101m, k\u0101 ar\u012b visiem, kam svar\u012bgas j\u0113gpilnas sarunas un piem\u012bt drosme t\u0101s celt gaism\u0101.<\/p>\n<p>\u201cDemokr\u0101tisk\u0101 sabiedr\u012bb\u0101 var un vajag run\u0101t par visu, ta\u010du realit\u0101t\u0113 m\u0113s bie\u017ei klus\u0113jam. M\u012b\u013c\u0101 miera labad necil\u0101jam t\u0113mas, par kur\u0101m run\u0101t ir ne\u0113rti, sare\u017e\u0123\u012bti vai riskanti, un tikpat bie\u017ei nerun\u0101jam ar\u012b par labo \u2013 par uzvar\u0101m, pan\u0101kumiem, amb\u012bcij\u0101m un to, k\u0101du Latviju v\u0113lamies redz\u0113t n\u0101kotn\u0113. \u0160\u012b gada Sarunu festiv\u0101ls LAMPA aicina run\u0101t un pieteikt pas\u0101kumus par t\u0113m\u0101m, par ko nedr\u012bkst nerun\u0101t \u2013 drosm\u012bgi, uzdodot jaut\u0101jumus un mekl\u0113jot atbildes. Par to, kas iedvesmo un par to, kas s\u0101p. Ja ir k\u0101da t\u0113ma, par kuru jau sen gribas uzs\u0101kt sarunu, aicinu to pieteikt LAMP\u0100,\u201d saka Sarunu festiv\u0101la LAMPA direktore un programmas kuratore Egita Pr\u0101ma.<\/p>\n<p>Pas\u0101kumu form\u0101ti LAMP\u0100 ir tikpat da\u017e\u0101di k\u0101 pa\u0161as sarunas. L\u012bdz\u0101s diskusij\u0101m un debat\u0113m notiek ar\u012b darbn\u012bcas, performances, sp\u0113les, k\u0101 ar\u012b citas izzino\u0161as un iesaisto\u0161as aktivit\u0101tes. Ikvienam interesentam ir iesp\u0113ja pieteikt savu pas\u0101kumu, tom\u0113r j\u0101atceras, ka festiv\u0101la programma veidojas konkursa k\u0101rt\u012bb\u0101 un pieteikums negarant\u0113 dal\u012bbu festiv\u0101l\u0101. Par satura veidot\u0101ju LAMP\u0100 var k\u013c\u016bt tr\u012bs veidos: organiz\u0113jot divu dienu pas\u0101kumu programmu, divu dienu aktivit\u0101ti vai vienu pas\u0101kumu uz festiv\u0101la nodro\u0161in\u0101taj\u0101m skatuv\u0113m, un katrs var izv\u0113l\u0113ties sev atbilsto\u0161\u0101ko dal\u012bbas formu.<\/p>\n<p>Sarunu festiv\u0101la LAMPA apmekl\u0113jums ikvienam ir bez maksas. Pas\u0101kumu r\u012bkot\u0101ji piedal\u0101s festiv\u0101la tap\u0161an\u0101 ar l\u012bdzmaks\u0101jumu, kura apm\u0113rs ir atkar\u012bgs no izv\u0113l\u0113t\u0101 dal\u012bbas veida, ta\u010du past\u0101v ar\u012b iesp\u0113ja pieteikties bezmaksas dal\u012bbai:<\/p>\n<ul class=\"wp-block-list\">\n<li>Swedbank pied\u0101v\u0101 dal\u012bbu Uz\u0146\u0113m\u0113jdarb\u012bbas skatuves programm\u0101 pas\u0101kumiem, kas saist\u012bti ar ilgtsp\u0113j\u012bgu, atbild\u012bgu, inovat\u012bvu un uz izaugsmi v\u0113rstu uz\u0146\u0113m\u0113jdarb\u012bbu, ekonomiku vai finans\u0113m.<\/li>\n<li>British Council p\u0101rst\u0101vniec\u012bba Latvij\u0101 un Apvienot\u0101s Karalistes \u0100rlietu ministrija aicina Re\u0123ionu skatuvei pieteikt pas\u0101kumus, kas piev\u0113r\u0161as noris\u0113m un jaut\u0101jumiem Latvijas re\u0123ionos, \u012bpa\u0161i, ja tie ir aktu\u0101li viet\u0113j\u0101m kopien\u0101m.<\/li>\n<li>Fonds AUGT pied\u0101v\u0101 dal\u012bbu uz Izgl\u012bt\u012bbas skatuves pas\u0101kumiem, kas aktualiz\u0113 izgl\u012bt\u012bbas jaut\u0101jumus un m\u0101c\u012b\u0161anos visa m\u016b\u017ea garum\u0101.<\/li>\n<li>Eiropas Komisijas p\u0101rst\u0101vniec\u012bba Latvij\u0101 pied\u0101v\u0101 dal\u012bbu skatuves \u201cEiropa ir te!\u201d programm\u0101 tiem r\u012bkot\u0101jiem, kas v\u0113las savos pas\u0101kumos aktualiz\u0113t Eiropas Komisijas priorit\u0101tes un \u0161obr\u012bd aktu\u0101los jaut\u0101jumus Eiropas Savien\u012bb\u0101 \u2013 aizsardz\u012bbu un dro\u0161\u012bbu, ilgtsp\u0113j\u012bgu labkl\u0101j\u012bbu, konkur\u0113tsp\u0113ju, demokr\u0101tiju un soci\u0101lo taisn\u012bgumu.<\/li>\n<li>Fonds atv\u0113rtai sabiedr\u012bbai DOTS pied\u0101v\u0101 ierobe\u017eotu vietu skaitu bezmaksas dal\u012bbai vai dal\u012bbai ar samazin\u0101tu l\u012bdzmaks\u0101jumu indiv\u012bdiem, k\u0101 ar\u012b biedr\u012bb\u0101m, nodibin\u0101jumiem un soci\u0101lajiem uz\u0146\u0113mumiem, kas \u012bsteno sabiedrisk\u0101 labuma iniciat\u012bvas.<\/li>\n<\/ul>\n<p>Inform\u0101cija par pas\u0101kumu pieteik\u0161anas k\u0101rt\u012bbu un festiv\u0101la norisi pieejama LAMPAS m\u0101jaslap\u0101: <a href=\"https:\/\/festivalslampa.lv\/lv\/pieteikties\" rel=\"nofollow noopener\" target=\"_blank\">https:\/\/festivalslampa.lv\/lv\/pieteikties<\/a>. Savuk\u0101rt pla\u0161\u0101ku inform\u0101ciju un atbildes uz jaut\u0101jumiem par dal\u012bbu festiv\u0101l\u0101 pas\u0101kumu r\u012bkot\u0101ji var\u0113s sa\u0146emt vebin\u0101r\u0101 \u201cPas\u0101kumu r\u012bko\u0161ana LAMP\u0100 2026: viss, kas tev j\u0101zina\u201d, kas notiks 27.janv\u0101r\u012b plkst. 15.00 LAMPAS YouTube kan\u0101l\u0101.<\/p>\n<p>Par Sarunu festiv\u0101lu LAMPA<\/p>\n<p>Sarunu festiv\u0101ls LAMPA ir vieta br\u012bvai un cie\u0146pilnai domu apmai\u0146ai, v\u0113rt\u012bg\u0101m sarun\u0101m, pr\u0101ta asin\u0101\u0161anai un redzesloka papla\u0161in\u0101\u0161anai. T\u0101 ir platforma visiem, kam ir, ko teikt, un visiem, kas gatavi uzklaus\u012bt. Galvenais festiv\u0101la m\u0113r\u0137is ir stiprin\u0101t demokr\u0101tijas, diskusiju un cie\u0146pilnu sarunu kult\u016bru Latvij\u0101.<\/p>\n<p>Festiv\u0101la komandu veido Fonds atv\u0113rtai sabiedr\u012bbai DOTS, \u201cSwedbank Latvija\u201d, C\u0113su novada pa\u0161vald\u012bba, komunik\u0101cijas vad\u012bbas a\u0123ent\u016bra \u201cDeep White\u201d, rekl\u0101mas a\u0123ent\u016bra \u201cArmadillo\u201d, British Council p\u0101rst\u0101vniec\u012bba Latvij\u0101 un Apvienot\u0101s Karalistes \u0100rlietu ministrija, fonds AUGT un Eiropas Komisijas p\u0101rst\u0101vniec\u012bba Latvij\u0101.<\/p>\n<p>Festiv\u0101la norisi atbalsta: Sabiedr\u012bbas integr\u0101cijas fonds un Valsts kult\u016brkapit\u0101la fonds no Kult\u016bras ministrijas pie\u0161\u0137irtajiem Latvijas valsts bud\u017eeta l\u012bdzek\u013ciem, Zieme\u013cvalstu Ministru padomes birojs Latvij\u0101 un uz\u0146\u0113mumi \u201cLatvijas Finieris\u201d, \u201cLMT\u201d, \u201cEnefit\u201d, \u201cDNB Bank ASA\u201d Latvijas fili\u0101le, \u201cSCHWENK Latvija\u201d, \u201cCoca-Cola Baltics\u201d, \u201cIgnitis Group\u201d, \u201cAdaptive\u201d, \u201cVindr\u201d un \u201cLatvijas valsts me\u017ei\u201d.<\/p>\n<p>Egita Pr\u0101ma, Sarunu festiv\u0101la LAMPA direktore, Fonds atv\u0113rtai sabiedr\u012bbai DOTS<\/p>\n","protected":false},"excerpt":{"rendered":"www.pexels.com No 12. janv\u0101ra l\u012bdz 20. febru\u0101rim ikviens aicin\u0101ts pieteikt savu pas\u0101kumu Sarunu festiv\u0101lam LAMPA, kas 2026. gada&hellip;\n","protected":false},"author":2,"featured_media":102246,"comment_status":"","ping_status":"","sticky":false,"template":"","format":"standard","meta":{"footnotes":""},"categories":[12],"tags":[23,28,29,32,33,22,30,31,35,39,38,36,37,34,40,20,26,27,24854,24,25,21],"class_list":{"0":"post-102245","1":"post","2":"type-post","3":"status-publish","4":"format-standard","5":"has-post-thumbnail","7":"category-latvija","8":"tag-aktualitates","9":"tag-breaking-news","10":"tag-breakingnews","11":"tag-featured-news","12":"tag-featurednews","13":"tag-headlines","14":"tag-latest-news","15":"tag-latestnews","16":"tag-latvia","17":"tag-latvian","18":"tag-latviesu","19":"tag-latviesu-valoda","20":"tag-latviesuvaloda","21":"tag-latvija","22":"tag-lv","23":"tag-news","24":"tag-popularakas-zinas","25":"tag-popularakaszinas","26":"tag-sarunufestivalslampa","27":"tag-top-stories","28":"tag-topstories","29":"tag-zinas"},"share_on_mastodon":{"url":"https:\/\/pubeurope.com\/@lv\/115882784464448914","error":""},"_links":{"self":[{"href":"https:\/\/www.europesays.com\/lv\/wp-json\/wp\/v2\/posts\/102245","targetHints":{"allow":["GET"]}}],"collection":[{"href":"https:\/\/www.europesays.com\/lv\/wp-json\/wp\/v2\/posts"}],"about":[{"href":"https:\/\/www.europesays.com\/lv\/wp-json\/wp\/v2\/types\/post"}],"author":[{"embeddable":true,"href":"https:\/\/www.europesays.com\/lv\/wp-json\/wp\/v2\/users\/2"}],"replies":[{"embeddable":true,"href":"https:\/\/www.europesays.com\/lv\/wp-json\/wp\/v2\/comments?post=102245"}],"version-history":[{"count":0,"href":"https:\/\/www.europesays.com\/lv\/wp-json\/wp\/v2\/posts\/102245\/revisions"}],"wp:featuredmedia":[{"embeddable":true,"href":"https:\/\/www.europesays.com\/lv\/wp-json\/wp\/v2\/media\/102246"}],"wp:attachment":[{"href":"https:\/\/www.europesays.com\/lv\/wp-json\/wp\/v2\/media?parent=102245"}],"wp:term":[{"taxonomy":"category","embeddable":true,"href":"https:\/\/www.europesays.com\/lv\/wp-json\/wp\/v2\/categories?post=102245"},{"taxonomy":"post_tag","embeddable":true,"href":"https:\/\/www.europesays.com\/lv\/wp-json\/wp\/v2\/tags?post=102245"}],"curies":[{"name":"wp","href":"https:\/\/api.w.org\/{rel}","templated":true}]}}