{"id":102252,"date":"2026-01-12T15:20:27","date_gmt":"2026-01-12T15:20:27","guid":{"rendered":"https:\/\/www.europesays.com\/lv\/102252\/"},"modified":"2026-01-12T15:20:27","modified_gmt":"2026-01-12T15:20:27","slug":"vieglais-auto-iebrauca-preteja-josla","status":"publish","type":"post","link":"https:\/\/www.europesays.com\/lv\/102252\/","title":{"rendered":"vieglais auto iebrauca pret\u0113j\u0101 josl\u0101"},"content":{"rendered":"<p>Policij\u0101 skaidro, ka av\u0101rij\u0101 uz Ventspils \u0161osejas bija iesaist\u012bti pieci transportl\u012bdzek\u013ci, lai ar\u012b s\u0101kotn\u0113ji zi\u0146ots par se\u0161iem.<\/p>\n<p>S\u0101kotn\u0113ja inform\u0101cija liecina, ka &#8220;Toyota&#8221; automa\u0161\u012bnas vad\u012bt\u0101js netika gal\u0101 ar transportl\u012bdzek\u013ca vad\u012bbu, iebrauca pret\u0113j\u0101 brauk\u0161anas virziena josl\u0101, kur izrais\u012bja sadursmi ar pretim brauco\u0161o &#8220;Volvo&#8221; kravas automa\u0161\u012bnu. P\u0113c tam notika sadursme ar v\u0113l tr\u012bs automa\u0161\u012bn\u0101m.<\/p>\n<p>Policij\u0101 par notiku\u0161o ir s\u0101kts krimin\u0101lprocess.<\/p>\n<p>Jau zi\u0146ots, ka sv\u0113tdien plkst. 15.17 sa\u0146emts izsaukums uz Tukuma novadu, Sm\u0101rdes pagastu, kur notikusi sadursme.<\/p>\n<p>Av\u0101rij\u0101 boj\u0101 g\u0101ju\u0161as tr\u012bs personas, kas atradu\u0161\u0101s automa\u0161\u012bn\u0101 &#8220;Toyota Hilux&#8221;.<\/p>\n","protected":false},"excerpt":{"rendered":"Policij\u0101 skaidro, ka av\u0101rij\u0101 uz Ventspils \u0161osejas bija iesaist\u012bti pieci transportl\u012bdzek\u013ci, lai ar\u012b s\u0101kotn\u0113ji zi\u0146ots par se\u0161iem. S\u0101kotn\u0113ja&hellip;\n","protected":false},"author":2,"featured_media":102253,"comment_status":"","ping_status":"","sticky":false,"template":"","format":"standard","meta":{"footnotes":""},"categories":[12],"tags":[23,28,29,4940,32,33,22,30,31,35,39,38,36,37,34,40,20,163,26,27,24,25,138,21],"class_list":{"0":"post-102252","1":"post","2":"type-post","3":"status-publish","4":"format-standard","5":"has-post-thumbnail","7":"category-latvija","8":"tag-aktualitates","9":"tag-breaking-news","10":"tag-breakingnews","11":"tag-cela-hronika","12":"tag-featured-news","13":"tag-featurednews","14":"tag-headlines","15":"tag-latest-news","16":"tag-latestnews","17":"tag-latvia","18":"tag-latvian","19":"tag-latviesu","20":"tag-latviesu-valoda","21":"tag-latviesuvaloda","22":"tag-latvija","23":"tag-lv","24":"tag-news","25":"tag-policija","26":"tag-popularakas-zinas","27":"tag-popularakaszinas","28":"tag-top-stories","29":"tag-topstories","30":"tag-valsts-policija","31":"tag-zinas"},"share_on_mastodon":{"url":"https:\/\/pubeurope.com\/@lv\/115882808084470466","error":""},"_links":{"self":[{"href":"https:\/\/www.europesays.com\/lv\/wp-json\/wp\/v2\/posts\/102252","targetHints":{"allow":["GET"]}}],"collection":[{"href":"https:\/\/www.europesays.com\/lv\/wp-json\/wp\/v2\/posts"}],"about":[{"href":"https:\/\/www.europesays.com\/lv\/wp-json\/wp\/v2\/types\/post"}],"author":[{"embeddable":true,"href":"https:\/\/www.europesays.com\/lv\/wp-json\/wp\/v2\/users\/2"}],"replies":[{"embeddable":true,"href":"https:\/\/www.europesays.com\/lv\/wp-json\/wp\/v2\/comments?post=102252"}],"version-history":[{"count":0,"href":"https:\/\/www.europesays.com\/lv\/wp-json\/wp\/v2\/posts\/102252\/revisions"}],"wp:featuredmedia":[{"embeddable":true,"href":"https:\/\/www.europesays.com\/lv\/wp-json\/wp\/v2\/media\/102253"}],"wp:attachment":[{"href":"https:\/\/www.europesays.com\/lv\/wp-json\/wp\/v2\/media?parent=102252"}],"wp:term":[{"taxonomy":"category","embeddable":true,"href":"https:\/\/www.europesays.com\/lv\/wp-json\/wp\/v2\/categories?post=102252"},{"taxonomy":"post_tag","embeddable":true,"href":"https:\/\/www.europesays.com\/lv\/wp-json\/wp\/v2\/tags?post=102252"}],"curies":[{"name":"wp","href":"https:\/\/api.w.org\/{rel}","templated":true}]}}