{"id":102270,"date":"2026-01-12T15:32:28","date_gmt":"2026-01-12T15:32:28","guid":{"rendered":"https:\/\/www.europesays.com\/lv\/102270\/"},"modified":"2026-01-12T15:32:28","modified_gmt":"2026-01-12T15:32:28","slug":"latvietim-kurs-anglija-vairakkart-sadura-virieti-kurs-aizstaveja-savu-draudzeni-piespriests-bargs-sods-jauns-lv","status":"publish","type":"post","link":"https:\/\/www.europesays.com\/lv\/102270\/","title":{"rendered":"Latvietim, kur\u0161 Anglij\u0101 vair\u0101kk\u0101rt sad\u016bra v\u012brieti, kur\u0161 aizst\u0101v\u0113ja savu draudzeni, piespriests bargs sods &#8211; Jauns.lv"},"content":{"rendered":"<ol>\n<li><a href=\"https:\/\/news.google.com\/rss\/articles\/CBMi2AFBVV95cUxOanZPVk5LV09UMGpVazQxbmxEcGFPNV8xVktXeURTTVNBYUxWS29lM1dlMmc2OXNVdkNQRkZvSndzLTkyUERZTExnUzlEX29Qa2Z1bjIxQ3lQR3lDMVVzOXFwbGpDYVY5bDd2ZjlTRDdHWE9mUnhrYWFIeFdXbWZhVTVVa3c5UDY4Z2FoNWRabUpDcWVfeU1hcy04M0h5SWo3aTZ5Nzc2aldvdFJNS2puQ2VmelZUWk1BckRURHN0NG1yS2ZXUzc3dVd6MnF4ZXh5RWg0T0NGYUY?oc=5\" target=\"_blank\" rel=\"nofollow noopener\">Latvietim, kur\u0161 Anglij\u0101 vair\u0101kk\u0101rt sad\u016bra v\u012brieti, kur\u0161 aizst\u0101v\u0113ja savu draudzeni, piespriests bargs sods<\/a>&nbsp;&nbsp;Jauns.lv<\/li>\n<li><a href=\"https:\/\/news.google.com\/rss\/articles\/CBMinwFBVV95cUxPVzZGbnZlaHVIZ2NodEd1a1RwWUlTQlA3WWpvcVo1WWpERFNjYmJmU2NmeXJ4S2Zld25BN0ZVaWQ4TDVoVHR2SjM3T1hzVkE0Z0ZEaXlSZUZZcTlpMjZWRVNsSzVjU0wwQmlDRm00dGtYYXhMYTZ4Y214MTBBcC02YUMwcFBTTjVKZjNkSTZZaG80X0M0TTJabldJNkFMRjg?oc=5\" target=\"_blank\" rel=\"nofollow noopener\">&#8220;Iesp\u013c\u0101va sej\u0101, sad\u016bra ar nazi devi\u0146as reizes\u2026&#8221; Latvijas pilso\u0146u noziegumi Lielbrit\u0101nij\u0101<\/a>&nbsp;&nbsp;Apollo.lv<\/li>\n<li><a href=\"https:\/\/news.google.com\/rss\/articles\/CBMizwFBVV95cUxPOFY2NzZ3WlRFaFNsdGxvTWNzTlBrWm9JeXkyV0F0U2drTFZSc01WeVB6Uy1mNDFEY1NsdEl6cEhlTUkwSkhzcW1UeklDeUl4bWpzYlBTZnVwbzVGZW5paDJSQjE0YktjNEVkV1BGeklVYVNYME9vU1dMd3VoS2pHUkI3ZXNqaTlnNE54MHAxbTRTUDBJMU4tX0pjejFJaUNBb0tPU2EtNk14RG52NWxVNHBqVy1ya1l1N1pCYTZ0RWtSZUZEZnphNk1KYS01SGs?oc=5\" target=\"_blank\" rel=\"nofollow noopener\">Iesp\u013cauj sej\u0101, iesit un sadur: Lielbrit\u0101nij\u0101 par smagu miesas boj\u0101jumu nodar\u012b\u0161anu noties\u0101ts Latvijas valstspieder\u012bgais<\/a>&nbsp;&nbsp;LA.LV<\/li>\n<li><a href=\"https:\/\/news.google.com\/rss\/articles\/CBMiygFBVV95cUxPcXR4d2RjQ2tGYTNVYU1aWXY3TFF4elprOFN1TFV5Y0dVNlBBaGNWU0owdFZsdXBnVENIQldUc1pKRW1VUElpS2RlMXFuWnNuQmFlejFiM0llcHBLQ2ZqX3dJQlozMTJVMk1EeVZiRXpHUmlYYmtLYnRrNWd2bXM2RjZSX2ZqQzFDWWNKSTUxVjFMWDl1UUhNcTNyRDZFdF9ZOWt6Q1Bwb0hqeUNaYXpXbTBSeVpUMXJKOXc2SlBldXhJUFQ1dl9mbkxR?oc=5\" target=\"_blank\" rel=\"nofollow noopener\">Lielbrit\u0101nij\u0101 par smagu miesas boj\u0101jumu nodar\u012b\u0161anu noties\u0101ts Latvijas valstspieder\u012bgais<\/a>&nbsp;&nbsp;Lente.lv<\/li>\n<\/ol>\n","protected":false},"excerpt":{"rendered":"Latvietim, kur\u0161 Anglij\u0101 vair\u0101kk\u0101rt sad\u016bra v\u012brieti, kur\u0161 aizst\u0101v\u0113ja savu draudzeni, piespriests bargs sods&nbsp;&nbsp;Jauns.lv &#8220;Iesp\u013c\u0101va sej\u0101, sad\u016bra ar nazi&hellip;\n","protected":false},"author":2,"featured_media":102271,"comment_status":"","ping_status":"","sticky":false,"template":"","format":"standard","meta":{"footnotes":""},"categories":[12],"tags":[23,28,29,32,33,22,30,31,35,39,38,36,37,34,40,20,26,27,24,25,21],"class_list":{"0":"post-102270","1":"post","2":"type-post","3":"status-publish","4":"format-standard","5":"has-post-thumbnail","7":"category-latvija","8":"tag-aktualitates","9":"tag-breaking-news","10":"tag-breakingnews","11":"tag-featured-news","12":"tag-featurednews","13":"tag-headlines","14":"tag-latest-news","15":"tag-latestnews","16":"tag-latvia","17":"tag-latvian","18":"tag-latviesu","19":"tag-latviesu-valoda","20":"tag-latviesuvaloda","21":"tag-latvija","22":"tag-lv","23":"tag-news","24":"tag-popularakas-zinas","25":"tag-popularakaszinas","26":"tag-top-stories","27":"tag-topstories","28":"tag-zinas"},"share_on_mastodon":{"url":"https:\/\/pubeurope.com\/@lv\/115882855211748759","error":""},"_links":{"self":[{"href":"https:\/\/www.europesays.com\/lv\/wp-json\/wp\/v2\/posts\/102270","targetHints":{"allow":["GET"]}}],"collection":[{"href":"https:\/\/www.europesays.com\/lv\/wp-json\/wp\/v2\/posts"}],"about":[{"href":"https:\/\/www.europesays.com\/lv\/wp-json\/wp\/v2\/types\/post"}],"author":[{"embeddable":true,"href":"https:\/\/www.europesays.com\/lv\/wp-json\/wp\/v2\/users\/2"}],"replies":[{"embeddable":true,"href":"https:\/\/www.europesays.com\/lv\/wp-json\/wp\/v2\/comments?post=102270"}],"version-history":[{"count":0,"href":"https:\/\/www.europesays.com\/lv\/wp-json\/wp\/v2\/posts\/102270\/revisions"}],"wp:featuredmedia":[{"embeddable":true,"href":"https:\/\/www.europesays.com\/lv\/wp-json\/wp\/v2\/media\/102271"}],"wp:attachment":[{"href":"https:\/\/www.europesays.com\/lv\/wp-json\/wp\/v2\/media?parent=102270"}],"wp:term":[{"taxonomy":"category","embeddable":true,"href":"https:\/\/www.europesays.com\/lv\/wp-json\/wp\/v2\/categories?post=102270"},{"taxonomy":"post_tag","embeddable":true,"href":"https:\/\/www.europesays.com\/lv\/wp-json\/wp\/v2\/tags?post=102270"}],"curies":[{"name":"wp","href":"https:\/\/api.w.org\/{rel}","templated":true}]}}