{"id":102278,"date":"2026-01-12T15:37:09","date_gmt":"2026-01-12T15:37:09","guid":{"rendered":"https:\/\/www.europesays.com\/lv\/102278\/"},"modified":"2026-01-12T15:37:09","modified_gmt":"2026-01-12T15:37:09","slug":"mi6-bijusais-vaditajs-ir-parliecinats-putins-censas-noslept-kadu-loti-butisku-faktu","status":"publish","type":"post","link":"https:\/\/www.europesays.com\/lv\/102278\/","title":{"rendered":"MI6 biju\u0161ais vad\u012bt\u0101js ir p\u0101rliecin\u0101ts \u2013 Putins cen\u0161as nosl\u0113pt k\u0101du \u013coti b\u016btisku faktu\u2026"},"content":{"rendered":"<p>    <img decoding=\"async\" src=\"https:\/\/www.europesays.com\/lv\/wp-content\/uploads\/2026\/01\/20250509_zaa_t113_534-1-800x571.jpg\" alt=\"&#10;Krievijas prezidents Vladimirs Putins Uzvaras dienas par\u0101d\u0113 Maskav\u0101, Krievij\u0101, 09.05.2025. Ilustrat\u012bvs att\u0113ls.&#10;\"\/><\/p>\n<p>Krievijas prezidents Vladimirs Putins Uzvaras dienas par\u0101d\u0113 Maskav\u0101, Krievij\u0101, 09.05.2025. Ilustrat\u012bvs att\u0113ls.<\/p>\n<p>Foto: ZUMAPRESS.com\/SCANPIX\n<\/p>\n<p>13:40, 12. janv\u0101ris 2026<\/p>\n<p>Biju\u0161ais britu \u0101r\u0113j\u0101 izl\u016bkdienesta MI6 vad\u012bt\u0101js Ri\u010dards D\u012brlavs ir p\u0101rliecin\u0101ts, ka dubultnieku izmanto\u0161ana Krievijas prezidentam Vladimiram Putinam ir ierasta prakse, kas stingri iesak\u0146ojusies dro\u0161\u012bbas protokolos Krievijas re\u017e\u012bm\u0101, v\u0113sta laikraksts \u201cThe Sun\u201d.<\/p>\n<p>        Las\u012bt\u0101kie<br \/>\n        <a data-imagesrc=\"{&quot;300&quot;:&quot;https:\\\/\\\/lastatic.ams3.cdn.digitaloceanspaces.com\\\/2026\\\/01\\\/pexels-cottonbro-9654725-300x200.jpg&quot;,&quot;1024&quot;:&quot;https:\\\/\\\/lastatic.ams3.cdn.digitaloceanspaces.com\\\/2026\\\/01\\\/pexels-cottonbro-9654725-1024x683.jpg&quot;,&quot;1536&quot;:&quot;https:\\\/\\\/lastatic.ams3.cdn.digitaloceanspaces.com\\\/2026\\\/01\\\/pexels-cottonbro-9654725-1536x1024.jpg&quot;,&quot;500&quot;:&quot;https:\\\/\\\/lastatic.ams3.cdn.digitaloceanspaces.com\\\/2026\\\/01\\\/pexels-cottonbro-9654725-500x333.jpg&quot;,&quot;800&quot;:&quot;https:\\\/\\\/lastatic.ams3.cdn.digitaloceanspaces.com\\\/2026\\\/01\\\/pexels-cottonbro-9654725-800x533.jpg&quot;,&quot;2560&quot;:&quot;https:\\\/\\\/lastatic.ams3.cdn.digitaloceanspaces.com\\\/2026\\\/01\\\/pexels-cottonbro-9654725-scaled.jpg&quot;}\" data-focuspoint=\"&quot;&quot;\" data-p=\"2488952\" href=\"https:\/\/www.la.lv\/astrologi-sarindojusi-zodiaka-zimes-pec-prata-spejam-pirmo-vietu-aiznem-dvini-bet-pedejo\" class=\"content-item lazy-load\" wp_automatic_readability=\"27\" rel=\"nofollow noopener\" target=\"_blank\"><\/p>\n<p>                                <img decoding=\"async\" src=\"\" alt=\"\" style=\"\" data-imageid=\"\"\/><\/p>\n<p>                                Kokteilis<\/p>\n<p>\n                                                Astrologi sarindoju\u0161i zodiaka z\u012bmes p\u0113c pr\u0101ta sp\u0113j\u0101m: pirmo vietu aiz\u0146em Dv\u012b\u0146i, bet p\u0113d\u0113jo\u2026\n                            <\/p>\n<p><\/a><a data-imagesrc=\"{&quot;300&quot;:&quot;https:\\\/\\\/lastatic.ams3.cdn.digitaloceanspaces.com\\\/2025\\\/04\\\/LET_24510420-1-300x198.jpg&quot;,&quot;768&quot;:&quot;https:\\\/\\\/lastatic.ams3.cdn.digitaloceanspaces.com\\\/2025\\\/04\\\/LET_24510420-1-768x506.jpg&quot;,&quot;200&quot;:&quot;https:\\\/\\\/lastatic.ams3.cdn.digitaloceanspaces.com\\\/2025\\\/04\\\/LET_24510420-1-200x132.jpg&quot;,&quot;400&quot;:&quot;https:\\\/\\\/lastatic.ams3.cdn.digitaloceanspaces.com\\\/2025\\\/04\\\/LET_24510420-1-400x264.jpg&quot;,&quot;500&quot;:&quot;https:\\\/\\\/lastatic.ams3.cdn.digitaloceanspaces.com\\\/2025\\\/04\\\/LET_24510420-1-500x330.jpg&quot;,&quot;800&quot;:&quot;https:\\\/\\\/lastatic.ams3.cdn.digitaloceanspaces.com\\\/2025\\\/04\\\/LET_24510420-1-800x527.jpg&quot;,&quot;1000&quot;:&quot;https:\\\/\\\/lastatic.ams3.cdn.digitaloceanspaces.com\\\/2025\\\/04\\\/LET_24510420-1.jpg&quot;}\" data-focuspoint=\"&quot;&quot;\" data-p=\"2492578\" href=\"https:\/\/www.la.lv\/gripai-sogad-ir-neparasts-simptoms-kas-ipasi-mulsina-pacientus\" class=\"content-item lazy-load\" wp_automatic_readability=\"26.5\" rel=\"nofollow noopener\" target=\"_blank\"><\/p>\n<p>                                <img decoding=\"async\" src=\"\" alt=\"\" style=\"\" data-imageid=\"\"\/><\/p>\n<p>\n                                                Gripai \u0161ogad ir neparasts simptoms, kas \u012bpa\u0161i mulsina pacientus<\/p>\n<p><\/a><a data-imagesrc=\"{&quot;300&quot;:&quot;https:\\\/\\\/lastatic.ams3.cdn.digitaloceanspaces.com\\\/2026\\\/01\\\/LET_24880109-300x201.jpg&quot;,&quot;1024&quot;:&quot;https:\\\/\\\/lastatic.ams3.cdn.digitaloceanspaces.com\\\/2026\\\/01\\\/LET_24880109-1024x684.jpg&quot;,&quot;1536&quot;:&quot;https:\\\/\\\/lastatic.ams3.cdn.digitaloceanspaces.com\\\/2026\\\/01\\\/LET_24880109-1536x1027.jpg&quot;,&quot;500&quot;:&quot;https:\\\/\\\/lastatic.ams3.cdn.digitaloceanspaces.com\\\/2026\\\/01\\\/LET_24880109-500x334.jpg&quot;,&quot;800&quot;:&quot;https:\\\/\\\/lastatic.ams3.cdn.digitaloceanspaces.com\\\/2026\\\/01\\\/LET_24880109-800x535.jpg&quot;,&quot;2560&quot;:&quot;https:\\\/\\\/lastatic.ams3.cdn.digitaloceanspaces.com\\\/2026\\\/01\\\/LET_24880109-scaled.jpg&quot;}\" data-focuspoint=\"&quot;&quot;\" data-p=\"2492591\" href=\"https:\/\/www.la.lv\/latviesi-tiek-aicinati-rit-piedalities-ipasi-sirsniga-akcija-par-godu-raimonda-paula-90-jubilejai\" class=\"content-item lazy-load\" wp_automatic_readability=\"26.5\" rel=\"nofollow noopener\" target=\"_blank\"><\/p>\n<p>                                <img decoding=\"async\" src=\"\" alt=\"\" style=\"\" data-imageid=\"\"\/><\/p>\n<p>                                Kokteilis<\/p>\n<p>\n                                                Latvie\u0161i tiek aicin\u0101ti r\u012bt piedal\u012bties \u012bpa\u0161i sirsn\u012bg\u0101 akcij\u0101 par godu Raimonda Paula 90.jubilejai\n                            <\/p>\n<p><\/a><br \/>\n        <a class=\"read-more\" href=\"https:\/\/www.la.lv\/top\" rel=\"nofollow noopener\" target=\"_blank\">Las\u012bt citas zi\u0146as<\/a><\/p>\n<p>Vi\u0146\u0161 nor\u0101da, ka Krievijas prezidents arvien bie\u017e\u0101k izmanto dubultniekus publiskos pas\u0101kumos. Tas ir k\u013cuvis par galveno l\u012bdzekli, k\u0101 samazin\u0101t risku iesp\u0113jamiem tie\u0161iem fiziskiem uzbrukumiem Putinam, jo p\u0113c agresijas pret Ukrainu draudi Putina dro\u0161\u012bbai ir iev\u0113rojami pieaugu\u0161i.<\/p>\n<p>Katrs publisks par\u0101d\u012b\u0161an\u0101s gad\u012bjums tiek r\u016bp\u012bgi pl\u0101nots. Vi\u0146\u0161 atz\u012bme, ka ja past\u0101v p\u0101r\u0101k liels risks, prezidenta viet\u0101 kameru priek\u0161\u0101 par\u0101d\u0101s \u012bpa\u0161i sagatavots dubultnieks. Ukrainas specdienesti vair\u0101kk\u0101rt pier\u0101d\u012bju\u0161i sp\u0113ju prec\u012bzi tr\u0101p\u012bt objektiem Krievijas teritorij\u0101, kas, p\u0113c ekspertu dom\u0101m, ir v\u0113l vair\u0101k pastiprin\u0101jis Putina satraukumu par iesp\u0113jam\u0101m darb\u012bb\u0101m pret diktatoru.<\/p>\n<p>    CITI \u0160OBR\u012aD LASA<\/p>\n<p>\u201cVi\u0146\u0161 b\u016btu lo\u0123isks m\u0113r\u0137is bezpilota lidapar\u0101tiem, ja ukrai\u0146i prec\u012bzi zin\u0101tu, kur un kad vi\u0146\u0161 atrodas,\u201d skaidro D\u012brlavs.<\/p>\n<p>Ekspertu v\u0113rt\u0113jum\u0101 dubultniekus neizmanto diplom\u0101tisk\u0101s sarun\u0101s vai sl\u0113gt\u0101s tik\u0161an\u0101s, jo \u012bst\u0101 Putina imit\u0101cija \u0161\u0101dos gad\u012bjumos ir praktiski neiesp\u0113jama \u2013 vi\u0146u p\u0101r\u0101k \u0101tri \u201catkostu\u201d.<\/p>\n<p>Savuk\u0101rt publiskajos pas\u0101kumos \u2013 pastaig\u0101s, r\u016bpn\u012bcu apmekl\u0113jumos vai demonstrat\u012bvos braucienos \u2013 dubultnieki tiek izmantoti daudz bie\u017e\u0101k.<\/p>\n<p>Papildu uzman\u012bbu \u0161ai t\u0113mai piesaist\u012bja Jap\u0101nas telev\u012bzijas t\u012bkla TBS zi\u0146ojums par 2023. gadu. Izmantojot m\u0101ksl\u012bg\u0101 intelekta tehnolo\u0123ijas, eksperti analiz\u0113ja Putina sejas un \u0137erme\u0146a kust\u012bbas.<\/p>\n<p>Vi\u0146i secin\u0101ja, ka \u012bstais diktators bija kl\u0101t 9. maija par\u0101d\u0113 Sarkanaj\u0101 laukum\u0101, savuk\u0101rt vi\u0146a dubultnieks, visticam\u0101k, bija kl\u0101t Krimas tilta apskates laik\u0101 gandr\u012bz gadu iepriek\u0161. Saska\u0146\u0101 ar p\u0113t\u012bjumu, l\u012bdz\u012bbas l\u012bmenis starp vi\u0146iem bija nedaudz virs 50%.<\/p>\n<p>Ar\u012b Ukrainas dro\u0161\u012bbas dienesti vair\u0101kk\u0101rt ir apgalvoju\u0161i, ka vair\u0101ki v\u012brie\u0161i ar Putinam l\u012bdz\u012bgu \u0137erme\u0146a uzb\u016bvi, gaitu un sejas uzb\u016bvi ir apm\u0101c\u012bti ie\u0146emt Putina vietu.<\/p>\n<p>Maskava uzst\u0101j, ka prezidents joproj\u0101m piln\u012bb\u0101 kontrol\u0113 situ\u0101ciju un Putinam nav dubultnieku.<\/p>\n<p>T\u0113mas<\/p>\n<p>    SAIST\u012aTIE RAKSTI<\/p>\n","protected":false},"excerpt":{"rendered":"Krievijas prezidents Vladimirs Putins Uzvaras dienas par\u0101d\u0113 Maskav\u0101, Krievij\u0101, 09.05.2025. Ilustrat\u012bvs att\u0113ls. Foto: ZUMAPRESS.com\/SCANPIX 13:40, 12. janv\u0101ris 2026&hellip;\n","protected":false},"author":2,"featured_media":102279,"comment_status":"","ping_status":"","sticky":false,"template":"","format":"standard","meta":{"footnotes":""},"categories":[14],"tags":[23,57,28,29,32,33,22,30,31,35,39,38,36,37,34,40,20,26,27,24,25,54,55,56,21,58],"class_list":{"0":"post-102278","1":"post","2":"type-post","3":"status-publish","4":"format-standard","5":"has-post-thumbnail","7":"category-zinas-no-arvalstim","8":"tag-aktualitates","9":"tag-arvalstim","10":"tag-breaking-news","11":"tag-breakingnews","12":"tag-featured-news","13":"tag-featurednews","14":"tag-headlines","15":"tag-latest-news","16":"tag-latestnews","17":"tag-latvia","18":"tag-latvian","19":"tag-latviesu","20":"tag-latviesu-valoda","21":"tag-latviesuvaloda","22":"tag-latvija","23":"tag-lv","24":"tag-news","25":"tag-popularakas-zinas","26":"tag-popularakaszinas","27":"tag-top-stories","28":"tag-topstories","29":"tag-world","30":"tag-world-news","31":"tag-worldnews","32":"tag-zinas","33":"tag-zinas-no-arvalstim"},"share_on_mastodon":{"url":"https:\/\/pubeurope.com\/@lv\/115882874899363051","error":""},"_links":{"self":[{"href":"https:\/\/www.europesays.com\/lv\/wp-json\/wp\/v2\/posts\/102278","targetHints":{"allow":["GET"]}}],"collection":[{"href":"https:\/\/www.europesays.com\/lv\/wp-json\/wp\/v2\/posts"}],"about":[{"href":"https:\/\/www.europesays.com\/lv\/wp-json\/wp\/v2\/types\/post"}],"author":[{"embeddable":true,"href":"https:\/\/www.europesays.com\/lv\/wp-json\/wp\/v2\/users\/2"}],"replies":[{"embeddable":true,"href":"https:\/\/www.europesays.com\/lv\/wp-json\/wp\/v2\/comments?post=102278"}],"version-history":[{"count":0,"href":"https:\/\/www.europesays.com\/lv\/wp-json\/wp\/v2\/posts\/102278\/revisions"}],"wp:featuredmedia":[{"embeddable":true,"href":"https:\/\/www.europesays.com\/lv\/wp-json\/wp\/v2\/media\/102279"}],"wp:attachment":[{"href":"https:\/\/www.europesays.com\/lv\/wp-json\/wp\/v2\/media?parent=102278"}],"wp:term":[{"taxonomy":"category","embeddable":true,"href":"https:\/\/www.europesays.com\/lv\/wp-json\/wp\/v2\/categories?post=102278"},{"taxonomy":"post_tag","embeddable":true,"href":"https:\/\/www.europesays.com\/lv\/wp-json\/wp\/v2\/tags?post=102278"}],"curies":[{"name":"wp","href":"https:\/\/api.w.org\/{rel}","templated":true}]}}