{"id":102280,"date":"2026-01-12T15:38:06","date_gmt":"2026-01-12T15:38:06","guid":{"rendered":"https:\/\/www.europesays.com\/lv\/102280\/"},"modified":"2026-01-12T15:38:06","modified_gmt":"2026-01-12T15:38:06","slug":"miris-janis-danoss-nra-lv","status":"publish","type":"post","link":"https:\/\/www.europesays.com\/lv\/102280\/","title":{"rendered":"Miris J\u0101nis Danoss &#8211; nra.lv"},"content":{"rendered":"<p class=\"descr\">J\u0101nis Danoss 1924. gad\u0101 piedzima le\u0123end\u0101r\u0101 \u0123imen\u0113.<\/p>\n<p>Mamma &#8211; Latvijas Nacion\u0101l\u0101s operas kora dzied\u0101t\u0101ja, v\u0113l\u0101k slavena modes dizainere Olga Danoss, t\u0113vs &#8211; ung\u0101ru baritons Arp\u0101ds Dano\u0161s.<\/p>\n<p>V\u0113l\u0101k, p\u0101rrakstot uzv\u0101rdu ofici\u0101los dokumentos, uzv\u0101rds transform\u0113jies par <a href=\"https:\/\/nra.lv\/birka\/janis-danoss\/\" target=\"_blank\" rel=\"noopener nofollow\">Danoss.<\/a><\/p>\n<p>Vi\u0146\u0161 bija izcila un daudzpus\u012bga person\u012bba &#8211; zin\u0101tnieks, p\u0113tnieks, sporta dz\u012bves organizators un Atmodas laika akt\u012bvists. Jau no agras b\u0113rn\u012bbas vi\u0146\u0161 izc\u0113l\u0101s ar neparast\u0101m sp\u0113j\u0101m un zin\u0101tk\u0101ri &#8211; br\u012bvi p\u0101rvald\u012bja vair\u0101kas valodas, liel\u0101ko da\u013cu zin\u0101\u0161anu apguva pa\u0161m\u0101c\u012bbas ce\u013c\u0101 un visu m\u016b\u017eu saglab\u0101ja aizraut\u012bbu ar zin\u0101tni, tehniku un izgudro\u0161anu.<\/p>\n<p>Stud\u0113jis Sanktp\u0113terburg\u0101, pabeidzis aspirant\u016bru un doktorant\u016br\u0101 analiz\u0113jis augsta l\u012bme\u0146a fizik\u0101lo m\u0113r\u012bjumu metodiku, str\u0101d\u0101jis par radio meistaru un jau b\u0113rn\u012bb\u0101 konstru\u0113jis pirmos radioapar\u0101tus, raksta Timenote.<\/p>\n<p>Savulaik str\u0101d\u0101jis padomijas kosmonautikas pamatlic\u0113ja Sergeja Koro\u013cova biroj\u0101 un p\u0113t\u012bjis zemes un saules starojumu. Vi\u0146\u0161 pats gan ar to nekad nav liel\u012bjies.<\/p>\n<p>Paral\u0113li zin\u0101tnei vi\u0146\u0161 akt\u012bvi darboj\u0101s sport\u0101, dibin\u0101jis vair\u0101kas sporta biedr\u012bbas, tostarp R\u012bgas sporta klubu Beta.<\/p>\n<p>J\u0101nis Danoss bija viens no Latvijas Tautas frontes dibin\u0101t\u0101jiem un akt\u012bvi iest\u0101j\u0101s par Latvijas Republikas Satversmes neaizskaram\u012bbu Atmodas laik\u0101.<\/p>\n<p>Sevi vi\u0146\u0161 raksturoja k\u0101 avant\u016bristu, kur\u0161 nebaid\u0101s risk\u0113t un dz\u012bvot drosm\u012bgi. Vi\u0146a dz\u012bves ce\u013c\u0161 bija bag\u0101ts gan ar izaicin\u0101jumiem, gan sasniegumiem, un vi\u0146\u0161 atst\u0101j aiz sevis pla\u0161u \u0123imeni &#8211; b\u0113rnus, mazb\u0113rnus un mazmazb\u0113rnus -, k\u0101 ar\u012b palieko\u0161u ieguld\u012bjumu Latvijas zin\u0101tn\u0113, sabiedriskaj\u0101 dz\u012bv\u0113 un v\u0113stur\u0113.<\/p>\n<p>5. Saeimas v\u0113l\u0113\u0161an\u0101s J\u0101nis Danoss start\u0113ja k\u0101 Liber\u0101l\u0101s partijas l\u012bderis, ta\u010du partija parlament\u0101 neiek\u013cuva. Tom\u0113r Liber\u0101l\u0101s partijas programma k\u013cuva par paraugu tam, k\u0101 partiju programmas rakst\u0101mas, un no t\u0101s polittehnologi \u201c\u0161piko\u201d \u0161obaltdien.<\/p>\n<p>L\u012bdz pat p\u0113d\u0113jam elpas vilcienam J\u0101nis Danoss saglab\u0101ja asu pr\u0101tu, cent\u0101s b\u016bt sabiedriski akt\u012bvs.<\/p>\n<p>Vi\u0146am bija citas domas par \u201cza\u013co kursu\u201d, par CO2 izme\u0161u probl\u0113mu, pret klimata p\u0113tnieku p\u0101rliec\u012bbu, ka glob\u0101lo salil\u0161anu var nov\u0113rst ar saules baterij\u0101m, v\u0113ja \u0123eneratoriem, elektroautomob\u012b\u013ciem un emisijas kvot\u0101m. J\u0101nis Danoss nekad neapgalvoja, ka vi\u0146a viedoklis ir vien\u012bgais pareizais, un k\u0101 \u012bsts zin\u0101tnieks \u0161aub\u012bj\u0101s, p\u0101rbaud\u012bja, dom\u0101ja, v\u0113rt\u0113ja&#8230; Ta\u010du klimata ce\u013ca rullis nepacie\u0161 iebildumus. T\u0101d\u0113\u013c vi\u0146a viedoklis tika ignor\u0113ts Latvijas \u201cmeinstr\u012bma medijos\u201d.<\/p>\n<p>Nodz\u012bvot 101 gadu ir skaisti. Reti kam tas izdodas. Tas ir bijis pilnv\u0113rt\u012bgs m\u016b\u017es. Latvie\u0161i ir zaud\u0113ju\u0161i spo\u017eu person\u012bbu. Lai J\u0101nim Danosam Debes\u012bs veigls ce\u013c\u0161!<\/p>\n<p>\t\t\t\t\t\tinfo<\/p>\n<p>Uzzini pirmais<br \/>kas interesants noticis Latvij\u0101 un pasaul\u0113,<br \/>pievienojoties mums <a href=\"https:\/\/t.me\/neatkariga\" rel=\"nofollow\">Telegram<\/a> vai <a href=\"https:\/\/whatsapp.com\/channel\/0029VaMLFUH5K3zLU5s4wm3y\" rel=\"nofollow noopener\" target=\"_blank\">Whatsapp<\/a> kan\u0101l\u0101<\/p>\n","protected":false},"excerpt":{"rendered":"J\u0101nis Danoss 1924. gad\u0101 piedzima le\u0123end\u0101r\u0101 \u0123imen\u0113. Mamma &#8211; Latvijas Nacion\u0101l\u0101s operas kora dzied\u0101t\u0101ja, v\u0113l\u0101k slavena modes dizainere&hellip;\n","protected":false},"author":2,"featured_media":102281,"comment_status":"","ping_status":"","sticky":false,"template":"","format":"standard","meta":{"footnotes":""},"categories":[12],"tags":[23,28,29,32,33,22,30,31,35,39,38,36,37,34,40,20,26,27,24,25,21],"class_list":{"0":"post-102280","1":"post","2":"type-post","3":"status-publish","4":"format-standard","5":"has-post-thumbnail","7":"category-latvija","8":"tag-aktualitates","9":"tag-breaking-news","10":"tag-breakingnews","11":"tag-featured-news","12":"tag-featurednews","13":"tag-headlines","14":"tag-latest-news","15":"tag-latestnews","16":"tag-latvia","17":"tag-latvian","18":"tag-latviesu","19":"tag-latviesu-valoda","20":"tag-latviesuvaloda","21":"tag-latvija","22":"tag-lv","23":"tag-news","24":"tag-popularakas-zinas","25":"tag-popularakaszinas","26":"tag-top-stories","27":"tag-topstories","28":"tag-zinas"},"share_on_mastodon":{"url":"https:\/\/pubeurope.com\/@lv\/115882878756452925","error":""},"_links":{"self":[{"href":"https:\/\/www.europesays.com\/lv\/wp-json\/wp\/v2\/posts\/102280","targetHints":{"allow":["GET"]}}],"collection":[{"href":"https:\/\/www.europesays.com\/lv\/wp-json\/wp\/v2\/posts"}],"about":[{"href":"https:\/\/www.europesays.com\/lv\/wp-json\/wp\/v2\/types\/post"}],"author":[{"embeddable":true,"href":"https:\/\/www.europesays.com\/lv\/wp-json\/wp\/v2\/users\/2"}],"replies":[{"embeddable":true,"href":"https:\/\/www.europesays.com\/lv\/wp-json\/wp\/v2\/comments?post=102280"}],"version-history":[{"count":0,"href":"https:\/\/www.europesays.com\/lv\/wp-json\/wp\/v2\/posts\/102280\/revisions"}],"wp:featuredmedia":[{"embeddable":true,"href":"https:\/\/www.europesays.com\/lv\/wp-json\/wp\/v2\/media\/102281"}],"wp:attachment":[{"href":"https:\/\/www.europesays.com\/lv\/wp-json\/wp\/v2\/media?parent=102280"}],"wp:term":[{"taxonomy":"category","embeddable":true,"href":"https:\/\/www.europesays.com\/lv\/wp-json\/wp\/v2\/categories?post=102280"},{"taxonomy":"post_tag","embeddable":true,"href":"https:\/\/www.europesays.com\/lv\/wp-json\/wp\/v2\/tags?post=102280"}],"curies":[{"name":"wp","href":"https:\/\/api.w.org\/{rel}","templated":true}]}}